{"id":109672,"date":"2023-05-24T16:34:49","date_gmt":"2023-05-24T19:34:49","guid":{"rendered":"https:\/\/tvtecjundiai.com.br\/news\/?p=109672"},"modified":"2023-05-24T16:34:49","modified_gmt":"2023-05-24T19:34:49","slug":"na-semana-do-brincar-equipamentos-de-saude-envolvem-as-criancas-em-oficina-de-kokedama","status":"publish","type":"post","link":"https:\/\/tvtecjundiai.com.br\/news\/2023\/05\/24\/na-semana-do-brincar-equipamentos-de-saude-envolvem-as-criancas-em-oficina-de-kokedama\/","title":{"rendered":"Na Semana do Brincar, equipamentos de sa\u00fade envolvem as crian\u00e7as em oficina de kokedama"},"content":{"rendered":"\n<p>As equipes das Cl\u00ednicas da Fam\u00edlia Almerinda Chaves e Novo Horizonte promoveram nesta quarta-feira (24) uma oficina de kokedama, envolvendo as crian\u00e7as do bairro. A atividade integra a Semana Mundial do Brincar que conta, novamente, com a ades\u00e3o da Prefeitura de Jundia\u00ed, por meio dos programas Cidade das Crian\u00e7as e Escola Inovadora.<br><br>Aproveitando o tema deste ano \u2013 \u201cA Natureza no Brincar\u201d \u2013, as crian\u00e7as colocaram a m\u00e3o na terra e entraram em contato com plantas para a montagem dos arranjos, que far\u00e3o parte a decora\u00e7\u00e3o da \u00e1rea em que moram. A a\u00e7\u00e3o teve como diferencial o fato de as equipes sa\u00edrem dos equipamentos e irem para o bairro envolver as fam\u00edlias.<\/p>\n\n\n\n<p>\u201c\u00c9 uma semana que busca valorizar o brincar, algo t\u00e3o importante. Aproveitando a tem\u00e1tica, estamos brincando com a terra, sentindo a textura, explorando as possibilidades ofertadas com a constru\u00e7\u00e3o da kokedama\u201d, comentou a terapeuta ocupacional do N\u00facleo de Apoio \u00e0 Sa\u00fade da Fam\u00edlia (NASF), Gabriela Tripicchio.<\/p>\n\n\n\n<p>Envolvido com a atividade, Miguel Borges, de 8 anos, avaliou a proposta com um sorriso no rosto. \u201cEst\u00e1 gostoso\u201d.<\/p>\n\n\n<div class=\"wp-block-image\">\n<figure class=\"aligncenter size-large\"><img loading=\"lazy\" decoding=\"async\" width=\"1200\" height=\"801\" src=\"https:\/\/tvtecjundiai.com.br\/news\/wp-content\/uploads\/sites\/2\/2023\/05\/ubs_semana_brincar_m_-19-1280x854-1-1200x801.jpg\" alt=\"\" class=\"wp-image-109673\" srcset=\"https:\/\/tvtecjundiai.com.br\/news\/wp-content\/uploads\/sites\/2\/2023\/05\/ubs_semana_brincar_m_-19-1280x854-1-1200x801.jpg 1200w, https:\/\/tvtecjundiai.com.br\/news\/wp-content\/uploads\/sites\/2\/2023\/05\/ubs_semana_brincar_m_-19-1280x854-1-300x200.jpg 300w, https:\/\/tvtecjundiai.com.br\/news\/wp-content\/uploads\/sites\/2\/2023\/05\/ubs_semana_brincar_m_-19-1280x854-1-768x512.jpg 768w, https:\/\/tvtecjundiai.com.br\/news\/wp-content\/uploads\/sites\/2\/2023\/05\/ubs_semana_brincar_m_-19-1280x854-1.jpg 1280w\" sizes=\"auto, (max-width: 1200px) 100vw, 1200px\" \/><figcaption class=\"wp-element-caption\">No bairro, as equipes e as crian\u00e7as se divertiram com a proposta<\/figcaption><\/figure>\n<\/div>\n\n\n<p><strong>Programa\u00e7\u00e3o<\/strong><br>A Semana Mundial do Brincar prossegue at\u00e9 domingo (28), com mais atividades descentralizadas em servi\u00e7os municipais como Unidades B\u00e1sicas de Sa\u00fade (UBSs), Novas UBSs, Cl\u00ednicas da Fam\u00edlia, Centros de Refer\u00eancia de Assist\u00eancia Social (Cras), al\u00e9m de escolas municipais.<\/p>\n\n\n\n<p>Nesta quinta-feira (25), ser\u00e1 realizada a a\u00e7\u00e3o \u201cHoras Oficiais do Brincar\u201d, \u00e0s 11h30 e \u00e0s 16h30, com o objetivo de incentivar que os adultos brinquem durante o seu trabalho e outras atividades. A programa\u00e7\u00e3o proposta pela Prefeitura da Semana do Brincar deste ano tamb\u00e9m ir\u00e1 integrar o Dia do Desafio, do Sesc, marcado para a quinta-feira (31).<\/p>\n\n\n\n<p><strong><em>Fonte \/ Imagem: Prefeitura de Jundia\u00ed<\/em><\/strong><\/p>\n","protected":false},"excerpt":{"rendered":"<p>No bairro, as equipes e as crian\u00e7as se divertiram com a proposta<\/p>\n","protected":false},"author":30,"featured_media":109673,"comment_status":"closed","ping_status":"0","sticky":false,"template":"","format":"standard","meta":{"footnotes":""},"categories":[8356,1],"tags":[],"class_list":["post-109672","post","type-post","status-publish","format-standard","has-post-thumbnail","hentry","category-jundiai","category-noticias"],"_links":{"self":[{"href":"https:\/\/tvtecjundiai.com.br\/news\/wp-json\/wp\/v2\/posts\/109672","targetHints":{"allow":["GET"]}}],"collection":[{"href":"https:\/\/tvtecjundiai.com.br\/news\/wp-json\/wp\/v2\/posts"}],"about":[{"href":"https:\/\/tvtecjundiai.com.br\/news\/wp-json\/wp\/v2\/types\/post"}],"author":[{"embeddable":true,"href":"https:\/\/tvtecjundiai.com.br\/news\/wp-json\/wp\/v2\/users\/30"}],"replies":[{"embeddable":true,"href":"https:\/\/tvtecjundiai.com.br\/news\/wp-json\/wp\/v2\/comments?post=109672"}],"version-history":[{"count":1,"href":"https:\/\/tvtecjundiai.com.br\/news\/wp-json\/wp\/v2\/posts\/109672\/revisions"}],"predecessor-version":[{"id":109674,"href":"https:\/\/tvtecjundiai.com.br\/news\/wp-json\/wp\/v2\/posts\/109672\/revisions\/109674"}],"wp:featuredmedia":[{"embeddable":true,"href":"https:\/\/tvtecjundiai.com.br\/news\/wp-json\/wp\/v2\/media\/109673"}],"wp:attachment":[{"href":"https:\/\/tvtecjundiai.com.br\/news\/wp-json\/wp\/v2\/media?parent=109672"}],"wp:term":[{"taxonomy":"category","embeddable":true,"href":"https:\/\/tvtecjundiai.com.br\/news\/wp-json\/wp\/v2\/categories?post=109672"},{"taxonomy":"post_tag","embeddable":true,"href":"https:\/\/tvtecjundiai.com.br\/news\/wp-json\/wp\/v2\/tags?post=109672"}],"curies":[{"name":"wp","href":"https:\/\/api.w.org\/{rel}","templated":true}]}}