{"id":109679,"date":"2023-05-25T09:30:33","date_gmt":"2023-05-25T12:30:33","guid":{"rendered":"https:\/\/tvtecjundiai.com.br\/news\/?p=109679"},"modified":"2023-05-25T09:57:25","modified_gmt":"2023-05-25T12:57:25","slug":"parceria-com-senai-traz-curso-inedito-para-o-funss","status":"publish","type":"post","link":"https:\/\/tvtecjundiai.com.br\/news\/2023\/05\/25\/parceria-com-senai-traz-curso-inedito-para-o-funss\/","title":{"rendered":"Parceria com Senai traz curso in\u00e9dito de programador de produ\u00e7\u00e3o para o Fundo Social"},"content":{"rendered":"\n<p>Nesta quinta-feira (25), \u00e0s 9h, o Fundo Social de Solidariedade de Jundia\u00ed (Funss) abrir\u00e1 a pr\u00e9-inscri\u00e7\u00e3o para o curso in\u00e9dito de Programador de Produ\u00e7\u00e3o. A capacita\u00e7\u00e3o \u00e9 fruto de uma parceria com o Senai e possui pr\u00e9-requisitos espec\u00edficos: al\u00e9m de ser morador de Jundia\u00ed,&nbsp;<strong>o aluno precisa ter conclu\u00eddo o 5\u00ba ano do Ensino Fundamental (ciclo de 09 anos) e ter, no m\u00ednimo, 16 anos completos<\/strong>.<\/p>\n\n\n\n<p>Para participar, \u00e9 necess\u00e1rio acessar o&nbsp;<em>link&nbsp;<\/em>abaixo e preencher o Formul\u00e1rio Google. No entanto, o Fundo Social refor\u00e7a que o envio do formul\u00e1rio \u00e9 considerado como inten\u00e7\u00e3o de participa\u00e7\u00e3o e, por isso, n\u00e3o garante o preenchimento da vaga. O crit\u00e9rio de sele\u00e7\u00e3o e forma\u00e7\u00e3o das turmas \u00e9 a ordem de envio destas informa\u00e7\u00f5es, que considera hora, minuto e segundo. Confira o cronograma:<strong>&nbsp;<\/strong><\/p>\n\n\n<div class=\"wp-block-image\">\n<figure class=\"aligncenter size-large is-resized\"><img loading=\"lazy\" decoding=\"async\" src=\"https:\/\/tvtecjundiai.com.br\/news\/wp-content\/uploads\/sites\/2\/2023\/05\/programador-de-producao-1-1200x801.jpg\" alt=\"\" class=\"wp-image-109680\" width=\"722\" height=\"481\" srcset=\"https:\/\/tvtecjundiai.com.br\/news\/wp-content\/uploads\/sites\/2\/2023\/05\/programador-de-producao-1-1200x801.jpg 1200w, https:\/\/tvtecjundiai.com.br\/news\/wp-content\/uploads\/sites\/2\/2023\/05\/programador-de-producao-1-300x200.jpg 300w, https:\/\/tvtecjundiai.com.br\/news\/wp-content\/uploads\/sites\/2\/2023\/05\/programador-de-producao-1-768x512.jpg 768w, https:\/\/tvtecjundiai.com.br\/news\/wp-content\/uploads\/sites\/2\/2023\/05\/programador-de-producao-1.jpg 1280w\" sizes=\"auto, (max-width: 722px) 100vw, 722px\" \/><\/figure>\n<\/div>\n\n\n<p><strong>Curso de Programador de Produ\u00e7\u00e3o<\/strong><\/p>\n\n\n\n<p><strong>Parceria: Senai<\/strong><\/p>\n\n\n\n<p>N\u00ba de vagas: 30<\/p>\n\n\n\n<p>Carga hor\u00e1ria: 160 horas<\/p>\n\n\n\n<p>In\u00edcio: 19\/06\/2023<\/p>\n\n\n\n<p>T\u00e9rmino: 11\/08\/2023<\/p>\n\n\n\n<p>Aulas de 2\u00aa, 3\u00aa, 4\u00aa, 5\u00aa e 6\u00aa feira<\/p>\n\n\n\n<p>Hor\u00e1rio: 13h \u00e0s 17h<\/p>\n\n\n\n<p>Local:&nbsp;Local: Fundo Social de Solidariedade \u2013 Av. Dona Manoela Lacerda de Vergueiro, s\/n \u2013 Port\u00e3o 3 \u2013 Anexo ao Parque da Uva \u2013 Bairro Anhangaba\u00fa<\/p>\n\n\n\n<p><strong>Link de inscri\u00e7\u00e3o:&nbsp;<a href=\"https:\/\/forms.gle\/81CsfDgzjcUWUrw59\" target=\"_blank\" rel=\"noreferrer noopener\">https:\/\/forms.gle\/81CsfDgzjcUWUrw59<\/a><\/strong><\/p>\n\n\n\n<p><strong>Qual o perfil da qualifica\u00e7\u00e3o do Programador de Produ\u00e7\u00e3o?&nbsp;<\/strong>Este profissional realiza a programa\u00e7\u00e3o da produ\u00e7\u00e3o, preservando os requisitos de qualidade e consumo dos mesmos de acordo com normas, padr\u00f5es e especifica\u00e7\u00f5es dos produtos; interpreta o plano de trabalho da produ\u00e7\u00e3o; programa o seguimento de linha; aloca recursos conforme planejado; aplica aspectos de preserva\u00e7\u00e3o do meio ambiente, sa\u00fade e seguran\u00e7a; identifica gargalos; acompanha ficha cr\u00edtica de equipamentos de produ\u00e7\u00e3o e movimenta\u00e7\u00e3o de mercadorias; utiliza software espec\u00edfico de programa\u00e7\u00e3o e controle de produ\u00e7\u00e3o; utiliza dados para propor melhorias; interage com clientes fornecedores; disponibiliza os materiais para as linhas de produ\u00e7\u00e3o; aplica ferramentas t\u00e9cnicas mais apropriadas para abastecimento de linha; interpreta as necessidades de recursos; identifica n\u00e3o conformidades; e emite relat\u00f3rio.<\/p>\n\n\n\n<p><strong>Contemplados<\/strong><\/p>\n\n\n\n<p>Os nomes dos selecionados ser\u00e3o divulgados no site da Prefeitura de Jundia\u00ed e os contemplados receber\u00e3o uma mensagem de WhatsApp para confirma\u00e7\u00e3o da matr\u00edcula,&nbsp;<strong>momento em que tamb\u00e9m ser\u00e1 solicitado o envio de foto ou do arquivo dos seguintes documentos: RG, CPF, Comprovante de Resid\u00eancia e Comprovante Escolar (hist\u00f3rico escolar ou certificado).<\/strong><\/p>\n\n\n\n<p>Se o contemplado n\u00e3o responder \u00e0 mensagem em 24 horas, ter\u00e1 sua pr\u00e9-inscri\u00e7\u00e3o cancelada. As fichas n\u00e3o contempladas est\u00e3o, automaticamente, na lista de espera e poder\u00e3o ser convocadas somente em caso de desist\u00eancia at\u00e9 o segundo dia do curso.<\/p>\n\n\n\n<p>As aulas ser\u00e3o realizadas na sede do Fundo Social, cujo endere\u00e7o \u00e9 o Parque da Uva. O acesso \u00e9 pela avenida Dona Manoela Lacerda de Vergueiro, s\/n, port\u00e3o 03, bairro Anhangaba\u00fa. O funcionamento da unidade \u00e9 de segunda a sexta-feira, das 8h \u00e0s 17h, exceto feriados. Informa\u00e7\u00f5es pelos telefones (11) 4589-6319 e 4589-6320.<\/p>\n\n\n\n<p><strong><em>Fonte \/ Imagem: Prefeitura de Jundia\u00ed<\/em><\/strong><\/p>\n","protected":false},"excerpt":{"rendered":"<p>A capacita\u00e7\u00e3o \u00e9 fruto de uma parceria com o Senai e possui pr\u00e9-requisitos espec\u00edficos<\/p>\n","protected":false},"author":30,"featured_media":109680,"comment_status":"closed","ping_status":"0","sticky":false,"template":"","format":"standard","meta":{"footnotes":""},"categories":[8356,1],"tags":[],"class_list":["post-109679","post","type-post","status-publish","format-standard","has-post-thumbnail","hentry","category-jundiai","category-noticias"],"_links":{"self":[{"href":"https:\/\/tvtecjundiai.com.br\/news\/wp-json\/wp\/v2\/posts\/109679","targetHints":{"allow":["GET"]}}],"collection":[{"href":"https:\/\/tvtecjundiai.com.br\/news\/wp-json\/wp\/v2\/posts"}],"about":[{"href":"https:\/\/tvtecjundiai.com.br\/news\/wp-json\/wp\/v2\/types\/post"}],"author":[{"embeddable":true,"href":"https:\/\/tvtecjundiai.com.br\/news\/wp-json\/wp\/v2\/users\/30"}],"replies":[{"embeddable":true,"href":"https:\/\/tvtecjundiai.com.br\/news\/wp-json\/wp\/v2\/comments?post=109679"}],"version-history":[{"count":2,"href":"https:\/\/tvtecjundiai.com.br\/news\/wp-json\/wp\/v2\/posts\/109679\/revisions"}],"predecessor-version":[{"id":109688,"href":"https:\/\/tvtecjundiai.com.br\/news\/wp-json\/wp\/v2\/posts\/109679\/revisions\/109688"}],"wp:featuredmedia":[{"embeddable":true,"href":"https:\/\/tvtecjundiai.com.br\/news\/wp-json\/wp\/v2\/media\/109680"}],"wp:attachment":[{"href":"https:\/\/tvtecjundiai.com.br\/news\/wp-json\/wp\/v2\/media?parent=109679"}],"wp:term":[{"taxonomy":"category","embeddable":true,"href":"https:\/\/tvtecjundiai.com.br\/news\/wp-json\/wp\/v2\/categories?post=109679"},{"taxonomy":"post_tag","embeddable":true,"href":"https:\/\/tvtecjundiai.com.br\/news\/wp-json\/wp\/v2\/tags?post=109679"}],"curies":[{"name":"wp","href":"https:\/\/api.w.org\/{rel}","templated":true}]}}