{"id":109682,"date":"2023-05-25T09:53:12","date_gmt":"2023-05-25T12:53:12","guid":{"rendered":"https:\/\/tvtecjundiai.com.br\/news\/?p=109682"},"modified":"2023-05-25T11:32:10","modified_gmt":"2023-05-25T14:32:10","slug":"onibus-de-jundiai-dispoem-de-wi-fi-gratuito","status":"publish","type":"post","link":"https:\/\/tvtecjundiai.com.br\/news\/2023\/05\/25\/onibus-de-jundiai-dispoem-de-wi-fi-gratuito\/","title":{"rendered":"Frota de \u00f4nibus de Jundia\u00ed passa a ter wi-fi gratuito"},"content":{"rendered":"\n<p>Para ampliar as a\u00e7\u00f5es do Programa&nbsp;<strong>Jundia\u00ed, Cidade Inteligente<\/strong>, com os mun\u00edcipes mais conectados, com novos meios de acesso \u00e0 internet, a Prefeitura, em parceria com as empresas concession\u00e1rias de \u00f4nibus, passa a disponibilizar wi-fi gratuito em 100% da frota do Sistema Integrado de Transporte Urbano (SITU), para os passageiros acessarem a internet durante as viagens. \u00c9 o programa&nbsp;<strong>Conect@do Bus.<\/strong><\/p>\n\n\n\n<p>\u201cOferecer qualidade ao servi\u00e7o de transporte coletivo, com moderniza\u00e7\u00e3o e tecnologia, \u00e9 uma das nossas principais metas. Por isso, destacamos a import\u00e2ncia do monitoramento do servi\u00e7o para identificar as necessidades, e direcionar investimentos\u201d, comenta o prefeito Luiz Fernando Machado, que ressalta que a oferta de internet sem fio agrega \u00e0s a\u00e7\u00f5es de inclus\u00e3o digital em Jundia\u00ed, Cidade Conectada e Inteligente. \u201cAfinal, s\u00e3o 90 mil passageiros, por dia, que poder\u00e3o aproveitar para ler e-mails, ver v\u00eddeos, ouvir m\u00fasica, se informar e interagir com familiares e amigos durante as viagens\u201d.<\/p>\n\n\n<div class=\"wp-block-image\">\n<figure class=\"aligncenter size-large\"><img loading=\"lazy\" decoding=\"async\" width=\"1200\" height=\"801\" src=\"https:\/\/tvtecjundiai.com.br\/news\/wp-content\/uploads\/sites\/2\/2023\/05\/wi-fi-onibus-jundiai-pa-5-1-1280x854-1-1200x801.jpg\" alt=\"\" class=\"wp-image-109683\" srcset=\"https:\/\/tvtecjundiai.com.br\/news\/wp-content\/uploads\/sites\/2\/2023\/05\/wi-fi-onibus-jundiai-pa-5-1-1280x854-1-1200x801.jpg 1200w, https:\/\/tvtecjundiai.com.br\/news\/wp-content\/uploads\/sites\/2\/2023\/05\/wi-fi-onibus-jundiai-pa-5-1-1280x854-1-300x200.jpg 300w, https:\/\/tvtecjundiai.com.br\/news\/wp-content\/uploads\/sites\/2\/2023\/05\/wi-fi-onibus-jundiai-pa-5-1-1280x854-1-768x512.jpg 768w, https:\/\/tvtecjundiai.com.br\/news\/wp-content\/uploads\/sites\/2\/2023\/05\/wi-fi-onibus-jundiai-pa-5-1-1280x854-1.jpg 1280w\" sizes=\"auto, (max-width: 1200px) 100vw, 1200px\" \/><figcaption class=\"wp-element-caption\">\u00d4nibus recebem sinal de internet de um chip de dados e, no ve\u00edculo, roteador garante a redistribui\u00e7\u00e3o<\/figcaption><\/figure>\n<\/div>\n\n\n<p>Os 265 \u00f4nibus do SITU recebem o sinal de internet a partir de um chip de dados e, no ve\u00edculo, um roteador garante a redistribui\u00e7\u00e3o do sinal para os usu\u00e1rios. Para acessar, o passageiro precisa ativar o wi-fi do celular e buscar a rede<strong>&nbsp;conect@dobus<\/strong>. Ao selecionar e clicar sobre essa rede, ser\u00e1 direcionado \u00e0 p\u00e1gina de conex\u00e3o do sistema. Na sequ\u00eancia, precisar\u00e1 aceitar os termos e condi\u00e7\u00f5es, e digitar o n\u00famero do telefone celular, para assim, estar on-line. O processo garante seguran\u00e7a ao sistema e aos dados dos passageiros.<\/p>\n\n\n\n<p>Refor\u00e7ando a identifica\u00e7\u00e3o e comunica\u00e7\u00e3o sobre o servi\u00e7o de wi-fi, os \u00f4nibus receberam adesivos com s\u00edmbolo universal, al\u00e9m da veicula\u00e7\u00e3o de campanha nos terminais e com cartazes internos nos ve\u00edculos.<\/p>\n\n\n\n<p>\u201cA gest\u00e3o do prefeito Luiz Fernando Machado trabalha para Jundia\u00ed proporcionar, cada vez mais, servi\u00e7os eficientes aos mun\u00edcipes. Lan\u00e7ado h\u00e1 quase cinco anos, o Programa Mobilidade Total define a\u00e7\u00f5es e metas inovadoras para que o servi\u00e7o de transporte coletivo ofere\u00e7a seguran\u00e7a e seja eficiente aos usu\u00e1rios\u201d, explica o gestor de Mobilidade e Transporte, Aloysio Queiroz.<\/p>\n\n\n\n<figure class=\"wp-block-gallery has-nested-images columns-default is-cropped wp-block-gallery-1 is-layout-flex wp-block-gallery-is-layout-flex\">\n<figure class=\"wp-block-image size-large\"><img loading=\"lazy\" decoding=\"async\" width=\"1200\" height=\"801\" data-id=\"109685\" src=\"https:\/\/tvtecjundiai.com.br\/news\/wp-content\/uploads\/sites\/2\/2023\/05\/wi-fi-onibus-jundiai-pa-11-1280x854-1-1200x801.jpg\" alt=\"\" class=\"wp-image-109685\" srcset=\"https:\/\/tvtecjundiai.com.br\/news\/wp-content\/uploads\/sites\/2\/2023\/05\/wi-fi-onibus-jundiai-pa-11-1280x854-1-1200x801.jpg 1200w, https:\/\/tvtecjundiai.com.br\/news\/wp-content\/uploads\/sites\/2\/2023\/05\/wi-fi-onibus-jundiai-pa-11-1280x854-1-300x200.jpg 300w, https:\/\/tvtecjundiai.com.br\/news\/wp-content\/uploads\/sites\/2\/2023\/05\/wi-fi-onibus-jundiai-pa-11-1280x854-1-768x512.jpg 768w, https:\/\/tvtecjundiai.com.br\/news\/wp-content\/uploads\/sites\/2\/2023\/05\/wi-fi-onibus-jundiai-pa-11-1280x854-1.jpg 1280w\" sizes=\"auto, (max-width: 1200px) 100vw, 1200px\" \/><figcaption class=\"wp-element-caption\">Os 265 \u00f4nibus do SITU\u2026<\/figcaption><\/figure>\n\n\n\n<figure class=\"wp-block-image size-large\"><img loading=\"lazy\" decoding=\"async\" width=\"1200\" height=\"801\" data-id=\"109684\" src=\"https:\/\/tvtecjundiai.com.br\/news\/wp-content\/uploads\/sites\/2\/2023\/05\/wi-fi-onibus-jundiai-pa-1-1280x854-1-1200x801.jpg\" alt=\"\" class=\"wp-image-109684\" srcset=\"https:\/\/tvtecjundiai.com.br\/news\/wp-content\/uploads\/sites\/2\/2023\/05\/wi-fi-onibus-jundiai-pa-1-1280x854-1-1200x801.jpg 1200w, https:\/\/tvtecjundiai.com.br\/news\/wp-content\/uploads\/sites\/2\/2023\/05\/wi-fi-onibus-jundiai-pa-1-1280x854-1-300x200.jpg 300w, https:\/\/tvtecjundiai.com.br\/news\/wp-content\/uploads\/sites\/2\/2023\/05\/wi-fi-onibus-jundiai-pa-1-1280x854-1-768x512.jpg 768w, https:\/\/tvtecjundiai.com.br\/news\/wp-content\/uploads\/sites\/2\/2023\/05\/wi-fi-onibus-jundiai-pa-1-1280x854-1.jpg 1280w\" sizes=\"auto, (max-width: 1200px) 100vw, 1200px\" \/><figcaption class=\"wp-element-caption\">\u2026 oferecem wi-fi de gra\u00e7a<\/figcaption><\/figure>\n<\/figure>\n\n\n\n<p>Sempre que pode, Kamilla Guimar\u00e3es da Rocha, atendente de loja, est\u00e1 conectada para interagir com os amigos, acessar as redes sociais e acompanhar os artistas preferidos. \u201c\u00c9 \u00f3timo saber que tem wi-fi nos \u00f4nibus, assim, vou poder continuar navegando. Utilizo \u00f4nibus todos os dias.\u201d<\/p>\n\n\n\n<p>O diretor de Transporte da UGMT, Leslie Litano Tealdi, explica que o \u00f4nibus recebe os sinais dos transmissores m\u00f3veis mais pr\u00f3ximos e, em seguida, encaminha o sinal de volta para celulares e tablets. \u201cO servi\u00e7o de wi-fi est\u00e1 em fase de teste, e avaliaremos as necessidades para garantir o m\u00e1ximo de qualidade na experi\u00eancia de uso por parte dos passageiros.\u201d<\/p>\n\n\n<div class=\"wp-block-image\">\n<figure class=\"aligncenter size-large\"><img loading=\"lazy\" decoding=\"async\" width=\"1200\" height=\"801\" src=\"https:\/\/tvtecjundiai.com.br\/news\/wp-content\/uploads\/sites\/2\/2023\/05\/wi-fi-onibus-jundiai-pa-3-1-1280x854-1-1200x801.jpg\" alt=\"\" class=\"wp-image-109686\" srcset=\"https:\/\/tvtecjundiai.com.br\/news\/wp-content\/uploads\/sites\/2\/2023\/05\/wi-fi-onibus-jundiai-pa-3-1-1280x854-1-1200x801.jpg 1200w, https:\/\/tvtecjundiai.com.br\/news\/wp-content\/uploads\/sites\/2\/2023\/05\/wi-fi-onibus-jundiai-pa-3-1-1280x854-1-300x200.jpg 300w, https:\/\/tvtecjundiai.com.br\/news\/wp-content\/uploads\/sites\/2\/2023\/05\/wi-fi-onibus-jundiai-pa-3-1-1280x854-1-768x512.jpg 768w, https:\/\/tvtecjundiai.com.br\/news\/wp-content\/uploads\/sites\/2\/2023\/05\/wi-fi-onibus-jundiai-pa-3-1-1280x854-1.jpg 1280w\" sizes=\"auto, (max-width: 1200px) 100vw, 1200px\" \/><figcaption class=\"wp-element-caption\">Kamilla sempre que poss\u00edvel est\u00e1 conectada e elogiou o servi\u00e7o de wi-fi gratuito nos \u00f4nibus<\/figcaption><\/figure>\n<\/div>\n\n\n<p><strong>Cidade Inteligente<\/strong><\/p>\n\n\n\n<p>Jundia\u00ed ocupa a sexta posi\u00e7\u00e3o no ranking nacional de cidades mais inteligentes e conectadas, considerando os munic\u00edpios entre 100 e 500 mil habitantes. O ranking \u00e9 conduzido anualmente pela Connected Smart Cities (CSCM) \u2013 desenvolvido pela Urban Systems.<\/p>\n\n\n\n<p>Al\u00e9m disso, \u00e9 considerada o melhor endere\u00e7o brasileiro para investimento internacional, conforme o ranking \u201cCidades do Futuro\u201d da FDI Intelligence, ligada ao Financial Times; possui 400 km de fibra-\u00f3tica interligando os servi\u00e7os p\u00fablicos, com link de alta velocidade; oferece 101 pontos de wi-fi p\u00fablico; GPS, contactless e videomonitoramento em 100% da frota de \u00f4nibus; tem 160 multinacionais instaladas em seu parque industrial, inserindo a cidade nos principais fluxos de neg\u00f3cio da economia mundial, sendo a 5\u00aa economia do estado.<\/p>\n\n\n\n<p><strong><em>Fonte \/ Imagem: Prefeitura de Jundia\u00ed<\/em><\/strong><\/p>\n","protected":false},"excerpt":{"rendered":"<p>\u00d4nibus recebem sinal de internet de um chip de dados e, no ve\u00edculo, roteador garante a redistribui\u00e7\u00e3o<\/p>\n","protected":false},"author":30,"featured_media":109683,"comment_status":"closed","ping_status":"0","sticky":false,"template":"","format":"standard","meta":{"footnotes":""},"categories":[8356,1,3059],"tags":[],"class_list":["post-109682","post","type-post","status-publish","format-standard","has-post-thumbnail","hentry","category-jundiai","category-noticias","category-transportes"],"_links":{"self":[{"href":"https:\/\/tvtecjundiai.com.br\/news\/wp-json\/wp\/v2\/posts\/109682","targetHints":{"allow":["GET"]}}],"collection":[{"href":"https:\/\/tvtecjundiai.com.br\/news\/wp-json\/wp\/v2\/posts"}],"about":[{"href":"https:\/\/tvtecjundiai.com.br\/news\/wp-json\/wp\/v2\/types\/post"}],"author":[{"embeddable":true,"href":"https:\/\/tvtecjundiai.com.br\/news\/wp-json\/wp\/v2\/users\/30"}],"replies":[{"embeddable":true,"href":"https:\/\/tvtecjundiai.com.br\/news\/wp-json\/wp\/v2\/comments?post=109682"}],"version-history":[{"count":2,"href":"https:\/\/tvtecjundiai.com.br\/news\/wp-json\/wp\/v2\/posts\/109682\/revisions"}],"predecessor-version":[{"id":109721,"href":"https:\/\/tvtecjundiai.com.br\/news\/wp-json\/wp\/v2\/posts\/109682\/revisions\/109721"}],"wp:featuredmedia":[{"embeddable":true,"href":"https:\/\/tvtecjundiai.com.br\/news\/wp-json\/wp\/v2\/media\/109683"}],"wp:attachment":[{"href":"https:\/\/tvtecjundiai.com.br\/news\/wp-json\/wp\/v2\/media?parent=109682"}],"wp:term":[{"taxonomy":"category","embeddable":true,"href":"https:\/\/tvtecjundiai.com.br\/news\/wp-json\/wp\/v2\/categories?post=109682"},{"taxonomy":"post_tag","embeddable":true,"href":"https:\/\/tvtecjundiai.com.br\/news\/wp-json\/wp\/v2\/tags?post=109682"}],"curies":[{"name":"wp","href":"https:\/\/api.w.org\/{rel}","templated":true}]}}