{"id":109691,"date":"2023-05-25T12:00:15","date_gmt":"2023-05-25T15:00:15","guid":{"rendered":"https:\/\/tvtecjundiai.com.br\/news\/?p=109691"},"modified":"2023-06-01T09:12:43","modified_gmt":"2023-06-01T12:12:43","slug":"galpao-se-une-aos-criativos-de-itatiba-com-foco-na-economia-criativa","status":"publish","type":"post","link":"https:\/\/tvtecjundiai.com.br\/news\/2023\/05\/25\/galpao-se-une-aos-criativos-de-itatiba-com-foco-na-economia-criativa\/","title":{"rendered":"Galp\u00e3o se conecta aos criativos de Itatiba com foco na prosperidade social"},"content":{"rendered":"\n<p>O Galp\u00e3o Criativo, projeto da Prefeitura de Jundia\u00ed e da Funda\u00e7\u00e3o Escola TVTEC Jundia\u00ed, estar\u00e1 no dia 10 de junho em Itatiba levando ao munic\u00edpio estrutura, proposta e a experi\u00eancia dos criativos que fazem parte da comunidade. Al\u00e9m da participa\u00e7\u00e3o de pelo menos 50 criativos de Jundia\u00ed, estar\u00e3o presentes integrantes do Fundo Social de Solidariedade de Itatiba com a Mostra Criativa.<\/p>\n\n\n\n<p>O encontro ser\u00e1 nas depend\u00eancias do Parque Luis Latorre (antigo Parque da Juventude), das 10h \u00e0s 18h, com programa\u00e7\u00e3o cultural, oficinas, \u00e1rea gastron\u00f4mica, espa\u00e7o kids e, claro, o trabalho de pessoas que utilizam do &#8216;fazer com as m\u00e3os&#8217; sua fonte de renda. A efetiva\u00e7\u00e3o da participa\u00e7\u00e3o dos criativos ser\u00e1 com a doa\u00e7\u00e3o de um fardo de leite revertido ao Fundo Social de Solidariedade de Itatiba. <\/p>\n\n\n\n<p>Segundo a superintendente da FTVTEC, M\u00f4nica Gropelo, o Galp\u00e3o Criativo sai de Jundia\u00ed com o prop\u00f3sito de mostrar como os criativos do Programa de Qualifica\u00e7\u00e3o de Talentos e Pr\u00e9-incubadora de Prosperidade Social de Ideias, Oficinas e Criatividade t\u00eam se comportado diante do projeto. &#8220;O programa fomenta a demanda de talentos, ideias, produtos e servi\u00e7os em todas as \u00e1reas da economia criativa, incluindo a solid\u00e1ria e a circular. Existe uma enorme concentra\u00e7\u00e3o de pessoas nesse segmento com a esperan\u00e7a de desenvolver potenciais de criatividade, lideran\u00e7a e empreendedorismo. Tem sido uma experi\u00eancia incr\u00edvel ver esses criativos voando e prosperando. Agora, vamos fazer a primeira parceria e com Itatiba. E vai ser muito bacana estar l\u00e1&#8221;, comenta. <\/p>\n\n\n<div class=\"wp-block-image\">\n<figure class=\"aligncenter size-full\"><img loading=\"lazy\" decoding=\"async\" width=\"963\" height=\"531\" src=\"https:\/\/tvtecjundiai.com.br\/news\/wp-content\/uploads\/sites\/2\/2023\/05\/ITATIBA-2.jpeg\" alt=\"\" class=\"wp-image-110014\" srcset=\"https:\/\/tvtecjundiai.com.br\/news\/wp-content\/uploads\/sites\/2\/2023\/05\/ITATIBA-2.jpeg 963w, https:\/\/tvtecjundiai.com.br\/news\/wp-content\/uploads\/sites\/2\/2023\/05\/ITATIBA-2-300x165.jpeg 300w, https:\/\/tvtecjundiai.com.br\/news\/wp-content\/uploads\/sites\/2\/2023\/05\/ITATIBA-2-768x423.jpeg 768w\" sizes=\"auto, (max-width: 963px) 100vw, 963px\" \/><figcaption class=\"wp-element-caption\">O evento ser\u00e1 realizado no Parque Luis Latorre unindo criativos de Jundia\u00ed e Itatiba <\/figcaption><\/figure>\n<\/div>\n\n\n<p><strong>Unir para crescer<\/strong><\/p>\n\n\n\n<p>O Parque Luis Latorre , antigo Parque da Juventude, possui 355 mil m\u00b2 \u00e9 um dos principais pontos tur\u00edsticos de Itatiba. O espa\u00e7o conta com \u00e1reas para piquenique, circuitos para caminhadas e corrida, trilha ecol\u00f3gica, parque infantil e duas quadras poliesportivas, tudo isso em contato com a natureza.  No pavilh\u00e3o para exposi\u00e7\u00f5es, com seus 1000 m\u00b2 e um palco coberto em formato de concha, os criativos de ambos munic\u00edpios mostrar\u00e3o seus trabalhos. <\/p>\n\n\n\n<p>\u201cJundia\u00ed \u00e9 a 12\u00aa melhor cidade do Brasil para empreender, de acordo com o \u00cdndice de Cidades Empreendedoras (ICE). Um dos motivos de alcan\u00e7armos esse patamar \u00e9 porque entendemos a import\u00e2ncia de propor iniciativas para est\u00edmulo do empreendedorismo e crescimento sustent\u00e1vel. O Galp\u00e3o Criativo vem ao encontro disso e queremos que essa boa pol\u00edtica p\u00fablica seja compartilhada com o Estado de S\u00e3o Paulo e o Brasil&#8221;, destaca o prefeito de Jundia\u00ed, Luiz Fernando Machado.<\/p>\n\n\n\n<figure class=\"wp-block-gallery has-nested-images columns-default is-cropped wp-block-gallery-1 is-layout-flex wp-block-gallery-is-layout-flex\">\n<figure class=\"wp-block-image size-large\"><img loading=\"lazy\" decoding=\"async\" width=\"1200\" height=\"800\" data-id=\"110146\" src=\"https:\/\/tvtecjundiai.com.br\/news\/wp-content\/uploads\/sites\/2\/2023\/05\/ITATIBA-7-1200x800.jpg\" alt=\"\" class=\"wp-image-110146\" srcset=\"https:\/\/tvtecjundiai.com.br\/news\/wp-content\/uploads\/sites\/2\/2023\/05\/ITATIBA-7-1200x800.jpg 1200w, https:\/\/tvtecjundiai.com.br\/news\/wp-content\/uploads\/sites\/2\/2023\/05\/ITATIBA-7-300x200.jpg 300w, https:\/\/tvtecjundiai.com.br\/news\/wp-content\/uploads\/sites\/2\/2023\/05\/ITATIBA-7-768x512.jpg 768w, https:\/\/tvtecjundiai.com.br\/news\/wp-content\/uploads\/sites\/2\/2023\/05\/ITATIBA-7.jpg 1280w\" sizes=\"auto, (max-width: 1200px) 100vw, 1200px\" \/><figcaption class=\"wp-element-caption\">Prefeito de Itatiba, <strong>Thom\u00e1s Capeletto<\/strong><\/figcaption><\/figure>\n\n\n\n<figure class=\"wp-block-image size-large\"><img loading=\"lazy\" decoding=\"async\" width=\"890\" height=\"701\" data-id=\"110121\" src=\"https:\/\/tvtecjundiai.com.br\/news\/wp-content\/uploads\/sites\/2\/2023\/05\/monica3.jpg\" alt=\"\" class=\"wp-image-110121\" srcset=\"https:\/\/tvtecjundiai.com.br\/news\/wp-content\/uploads\/sites\/2\/2023\/05\/monica3.jpg 890w, https:\/\/tvtecjundiai.com.br\/news\/wp-content\/uploads\/sites\/2\/2023\/05\/monica3-300x236.jpg 300w, https:\/\/tvtecjundiai.com.br\/news\/wp-content\/uploads\/sites\/2\/2023\/05\/monica3-768x605.jpg 768w\" sizes=\"auto, (max-width: 890px) 100vw, 890px\" \/><figcaption class=\"wp-element-caption\">M\u00f4nica Gropelo, FTVTEC<\/figcaption><\/figure>\n<\/figure>\n\n\n\n<figure class=\"wp-block-gallery has-nested-images columns-default is-cropped wp-block-gallery-2 is-layout-flex wp-block-gallery-is-layout-flex\"><\/figure>\n\n\n\n<p>Segundo o prefeito de Itatiba, Thom\u00e1s Capeletto de Oliveira, unir os munic\u00edpios com vertentes criativas \u00e9 uma maneira de focar no crescimento de empreendedores prontos e dispostos a crescer. &#8220;Itatiba j\u00e1 tem forte tradi\u00e7\u00e3o em dar visibilidade aos seus artes\u00e3os que t\u00eam espa\u00e7o garantido para expor nas principais festas municipais, al\u00e9m do incentivo aos membros da Associa\u00e7\u00e3o dos Artes\u00e3os que exp\u00f5em semanalmente na Pra\u00e7a da Bandeira, a principal de Itatiba. Temos tamb\u00e9m nossa Feira de Economia Criativa, ligada \u00e0 Secretaria de Educa\u00e7\u00e3o, que leva a proposta para dentro de escolas municipais de Itatiba mensalmente. Agora, numa vers\u00e3o ampliada, a Mostra Criativa de Itatiba, em parceria com a Prefeitura de Jundia\u00ed, s\u00f3 vem a somar para, juntos, darmos suporte a quem j\u00e1 empreende na \u00e1rea ou que quer come\u00e7ar a empreender e se inspirar nos artes\u00e3os dos dois munic\u00edpios&#8221;.&nbsp;<\/p>\n\n\n<div class=\"wp-block-image\">\n<figure class=\"aligncenter size-large\"><img loading=\"lazy\" decoding=\"async\" width=\"1200\" height=\"800\" src=\"https:\/\/tvtecjundiai.com.br\/news\/wp-content\/uploads\/sites\/2\/2023\/05\/economia-criativa-2-1200x800.jpg\" alt=\"\" class=\"wp-image-110015\" srcset=\"https:\/\/tvtecjundiai.com.br\/news\/wp-content\/uploads\/sites\/2\/2023\/05\/economia-criativa-2-1200x800.jpg 1200w, https:\/\/tvtecjundiai.com.br\/news\/wp-content\/uploads\/sites\/2\/2023\/05\/economia-criativa-2-300x200.jpg 300w, https:\/\/tvtecjundiai.com.br\/news\/wp-content\/uploads\/sites\/2\/2023\/05\/economia-criativa-2-768x512.jpg 768w, https:\/\/tvtecjundiai.com.br\/news\/wp-content\/uploads\/sites\/2\/2023\/05\/economia-criativa-2.jpg 1280w\" sizes=\"auto, (max-width: 1200px) 100vw, 1200px\" \/><figcaption class=\"wp-element-caption\">Mais de 100 criativos de ambos munic\u00edpios estar\u00e3o juntos ao projeto in\u00e9dito em Itatiba <\/figcaption><\/figure>\n<\/div>\n\n\n<p><strong>Galp\u00e3o Criativo em Itatiba<\/strong><\/p>\n\n\n\n<p><strong>Data:<\/strong> 10 de junho<\/p>\n\n\n\n<p><strong>Local:<\/strong> Parque Luis Latorre (antigo Parque da Juventude)<\/p>\n\n\n\n<p><strong>Hor\u00e1rio:<\/strong> Das 10h \u00e0s 18h<\/p>\n\n\n\n<p>Estacionamento e entrada gratuitos<\/p>\n\n\n\n<p><em><strong>(Fonte \/Imagem: TVTEC Jundia\u00ed\/Divulga\u00e7\u00e3o)<\/strong><\/em><\/p>\n\n\n\n<p> <\/p>\n","protected":false},"excerpt":{"rendered":"<p>Na ocasi\u00e3o, os criativos dos munic\u00edpios se unem para evento in\u00e9dito<\/p>\n","protected":false},"author":30,"featured_media":109762,"comment_status":"closed","ping_status":"0","sticky":false,"template":"","format":"standard","meta":{"footnotes":""},"categories":[2834,29,1],"tags":[],"class_list":["post-109691","post","type-post","status-publish","format-standard","has-post-thumbnail","hentry","category-cidades","category-destaque","category-noticias"],"_links":{"self":[{"href":"https:\/\/tvtecjundiai.com.br\/news\/wp-json\/wp\/v2\/posts\/109691","targetHints":{"allow":["GET"]}}],"collection":[{"href":"https:\/\/tvtecjundiai.com.br\/news\/wp-json\/wp\/v2\/posts"}],"about":[{"href":"https:\/\/tvtecjundiai.com.br\/news\/wp-json\/wp\/v2\/types\/post"}],"author":[{"embeddable":true,"href":"https:\/\/tvtecjundiai.com.br\/news\/wp-json\/wp\/v2\/users\/30"}],"replies":[{"embeddable":true,"href":"https:\/\/tvtecjundiai.com.br\/news\/wp-json\/wp\/v2\/comments?post=109691"}],"version-history":[{"count":22,"href":"https:\/\/tvtecjundiai.com.br\/news\/wp-json\/wp\/v2\/posts\/109691\/revisions"}],"predecessor-version":[{"id":110157,"href":"https:\/\/tvtecjundiai.com.br\/news\/wp-json\/wp\/v2\/posts\/109691\/revisions\/110157"}],"wp:featuredmedia":[{"embeddable":true,"href":"https:\/\/tvtecjundiai.com.br\/news\/wp-json\/wp\/v2\/media\/109762"}],"wp:attachment":[{"href":"https:\/\/tvtecjundiai.com.br\/news\/wp-json\/wp\/v2\/media?parent=109691"}],"wp:term":[{"taxonomy":"category","embeddable":true,"href":"https:\/\/tvtecjundiai.com.br\/news\/wp-json\/wp\/v2\/categories?post=109691"},{"taxonomy":"post_tag","embeddable":true,"href":"https:\/\/tvtecjundiai.com.br\/news\/wp-json\/wp\/v2\/tags?post=109691"}],"curies":[{"name":"wp","href":"https:\/\/api.w.org\/{rel}","templated":true}]}}