{"id":109693,"date":"2023-05-25T10:13:38","date_gmt":"2023-05-25T13:13:38","guid":{"rendered":"https:\/\/tvtecjundiai.com.br\/news\/?p=109693"},"modified":"2023-05-25T10:13:39","modified_gmt":"2023-05-25T13:13:39","slug":"cerimonia-de-premiacao-do-festival-de-curtas-metragens-sera-neste-domingo-28","status":"publish","type":"post","link":"https:\/\/tvtecjundiai.com.br\/news\/2023\/05\/25\/cerimonia-de-premiacao-do-festival-de-curtas-metragens-sera-neste-domingo-28\/","title":{"rendered":"Cerim\u00f4nia de premia\u00e7\u00e3o do Festival de Curtas-Metragens ser\u00e1 neste domingo (28)"},"content":{"rendered":"\n<p>A Unidade de Gest\u00e3o de Cultura (UGC) realiza, neste domingo (28), a Cerim\u00f4nia de Premia\u00e7\u00e3o do&nbsp;<a href=\"https:\/\/cultura.jundiai.sp.gov.br\/festivaldecurtas\/\" target=\"_blank\" rel=\"noreferrer noopener\">4\u00ba Festival de Curtas-Metragens de Jundia\u00ed<\/a>. Marcada para as 11h, a sess\u00e3o extra do festival ser\u00e1 realizada na sala 1 do Moviecom Cinemas do Maxi Shopping Jundia\u00ed e contar\u00e1 com a entrega dos trof\u00e9us e exibi\u00e7\u00e3o dos trabalhos vencedores. A entrada \u00e9 gratuita.<\/p>\n\n\n\n<p>Dos 86 curtas-metragens inscritos,&nbsp;<a href=\"https:\/\/cultura.jundiai.sp.gov.br\/festivaldecurtas\/mostra-competitiva\/\" target=\"_blank\" rel=\"noreferrer noopener\">24 foram selecionados por comiss\u00e3o de profissionais renomados, para exibi\u00e7\u00e3o na Mostra Competitiva do Festival<\/a>, e agora concorrem \u00e0s premia\u00e7\u00f5es de R$ 6 mil, R$ 5 mil e R$ 4 mil, para os 1\u00ba, 2\u00ba e 3\u00ba lugares. Tamb\u00e9m ser\u00e1 conferido o pr\u00eamio especial \u201cCurta Jundia\u00ed\u201d, no valor de R$ 4 mil, para o curta inscrito por um proponente residente no Munic\u00edpio. Todos os premiados tamb\u00e9m receber\u00e3o trof\u00e9us e os participantes, certificados.<\/p>\n\n\n\n<p>Al\u00e9m da Mostra Competitiva, a 4\u00aa edi\u00e7\u00e3o do Festival foi realizada entre os dias 17 e 21 de maio e contou ainda com a exibi\u00e7\u00e3o dos selecionados pela&nbsp;<a rel=\"noreferrer noopener\" href=\"https:\/\/cultura.jundiai.sp.gov.br\/festivaldecurtas\/mostra-paralela\/\" target=\"_blank\">Mostra Paralela \u2013 dispon\u00edveis no site do festival para os espectadores interessados<\/a>&nbsp;\u2013, com a exibi\u00e7\u00e3o de curtas-metragens convidados e a realiza\u00e7\u00e3o de um workshop gratuito sobre Dire\u00e7\u00e3o de Arte no Audiovisual, com M\u00f4nica Palazzo.<\/p>\n\n\n\n<p>O Festival \u00e9 uma realiza\u00e7\u00e3o da UGC, em parceria com a C\u00e2mara Setorial do Audiovisual e Cultura Digital do Conselho Municipal de Pol\u00edtica Cultural (CMPC) e com o patroc\u00ednio do Moviecom Cinemas.<\/p>\n\n\n<div class=\"wp-block-image\">\n<figure class=\"aligncenter size-large\"><img loading=\"lazy\" decoding=\"async\" width=\"1200\" height=\"801\" src=\"https:\/\/tvtecjundiai.com.br\/news\/wp-content\/uploads\/sites\/2\/2023\/05\/festival_curtas_metragens_maxi-2-1280x854-1-1200x801.jpg\" alt=\"\" class=\"wp-image-109694\" srcset=\"https:\/\/tvtecjundiai.com.br\/news\/wp-content\/uploads\/sites\/2\/2023\/05\/festival_curtas_metragens_maxi-2-1280x854-1-1200x801.jpg 1200w, https:\/\/tvtecjundiai.com.br\/news\/wp-content\/uploads\/sites\/2\/2023\/05\/festival_curtas_metragens_maxi-2-1280x854-1-300x200.jpg 300w, https:\/\/tvtecjundiai.com.br\/news\/wp-content\/uploads\/sites\/2\/2023\/05\/festival_curtas_metragens_maxi-2-1280x854-1-768x512.jpg 768w, https:\/\/tvtecjundiai.com.br\/news\/wp-content\/uploads\/sites\/2\/2023\/05\/festival_curtas_metragens_maxi-2-1280x854-1.jpg 1280w\" sizes=\"auto, (max-width: 1200px) 100vw, 1200px\" \/><figcaption class=\"wp-element-caption\">Premia\u00e7\u00e3o e exibi\u00e7\u00f5es ser\u00e3o feitas na sala 1 do Moviecom, a partir das 11h do domingo (28)<\/figcaption><\/figure>\n<\/div>\n\n\n<p><em><strong>Fonte \/ Imagem: Prefeitura de Jundia\u00ed<\/strong><\/em><\/p>\n","protected":false},"excerpt":{"rendered":"<p>Premia\u00e7\u00e3o e exibi\u00e7\u00f5es ser\u00e3o feitas na sala 1 do Moviecom, a partir das 11h do domingo (28)<\/p>\n","protected":false},"author":30,"featured_media":109694,"comment_status":"closed","ping_status":"0","sticky":false,"template":"","format":"standard","meta":{"footnotes":""},"categories":[2833,8356,1],"tags":[],"class_list":["post-109693","post","type-post","status-publish","format-standard","has-post-thumbnail","hentry","category-cultura","category-jundiai","category-noticias"],"_links":{"self":[{"href":"https:\/\/tvtecjundiai.com.br\/news\/wp-json\/wp\/v2\/posts\/109693","targetHints":{"allow":["GET"]}}],"collection":[{"href":"https:\/\/tvtecjundiai.com.br\/news\/wp-json\/wp\/v2\/posts"}],"about":[{"href":"https:\/\/tvtecjundiai.com.br\/news\/wp-json\/wp\/v2\/types\/post"}],"author":[{"embeddable":true,"href":"https:\/\/tvtecjundiai.com.br\/news\/wp-json\/wp\/v2\/users\/30"}],"replies":[{"embeddable":true,"href":"https:\/\/tvtecjundiai.com.br\/news\/wp-json\/wp\/v2\/comments?post=109693"}],"version-history":[{"count":1,"href":"https:\/\/tvtecjundiai.com.br\/news\/wp-json\/wp\/v2\/posts\/109693\/revisions"}],"predecessor-version":[{"id":109696,"href":"https:\/\/tvtecjundiai.com.br\/news\/wp-json\/wp\/v2\/posts\/109693\/revisions\/109696"}],"wp:featuredmedia":[{"embeddable":true,"href":"https:\/\/tvtecjundiai.com.br\/news\/wp-json\/wp\/v2\/media\/109694"}],"wp:attachment":[{"href":"https:\/\/tvtecjundiai.com.br\/news\/wp-json\/wp\/v2\/media?parent=109693"}],"wp:term":[{"taxonomy":"category","embeddable":true,"href":"https:\/\/tvtecjundiai.com.br\/news\/wp-json\/wp\/v2\/categories?post=109693"},{"taxonomy":"post_tag","embeddable":true,"href":"https:\/\/tvtecjundiai.com.br\/news\/wp-json\/wp\/v2\/tags?post=109693"}],"curies":[{"name":"wp","href":"https:\/\/api.w.org\/{rel}","templated":true}]}}