{"id":109697,"date":"2023-05-25T10:16:47","date_gmt":"2023-05-25T13:16:47","guid":{"rendered":"https:\/\/tvtecjundiai.com.br\/news\/?p=109697"},"modified":"2023-05-25T10:16:48","modified_gmt":"2023-05-25T13:16:48","slug":"jundiai-reforca-protagonismo-em-evento-de-cidades-inteligentes","status":"publish","type":"post","link":"https:\/\/tvtecjundiai.com.br\/news\/2023\/05\/25\/jundiai-reforca-protagonismo-em-evento-de-cidades-inteligentes\/","title":{"rendered":"Jundia\u00ed refor\u00e7a protagonismo em evento de cidades inteligentes"},"content":{"rendered":"\n<p>O prefeito Luiz Fernando Machado e gestores municipais compartilharam, nesta quarta-feira (24), as experi\u00eancias com as principais tecnologias utilizadas na administra\u00e7\u00e3o p\u00fablica, na programa\u00e7\u00e3o do Smart City Brazil Business Congress 2023, evento de Cidades Inteligentes. A participa\u00e7\u00e3o refor\u00e7a o protagonismo de Jundia\u00ed no tema, que \u00e9 uma das principais marcas da Gest\u00e3o.<\/p>\n\n\n\n<p>O chefe do executivo esteve presente em conversas e debates voltados \u00e0 inclus\u00e3o social. Pela manh\u00e3, participou de uma reuni\u00e3o com prefeitos e teve a oportunidade de destacar os investimentos em pol\u00edticas voltadas \u00e0 primeira inf\u00e2ncia como uma ferramenta de redu\u00e7\u00e3o da desigualdade social. A Implanta\u00e7\u00e3o do Software \u201cAlertas da Inf\u00e2ncia\u201d recebeu pr\u00eamio nacional.<\/p>\n\n\n<div class=\"wp-block-image\">\n<figure class=\"aligncenter size-large\"><img loading=\"lazy\" decoding=\"async\" width=\"1200\" height=\"801\" src=\"https:\/\/tvtecjundiai.com.br\/news\/wp-content\/uploads\/sites\/2\/2023\/05\/smart-city-busines-cidade-inteligente-luiz-fernando-machado-e-jose-antonio-parimoschi-participa-reuniao-de-prefeitos_fm_-197-3-1280x854-1-1200x801.jpg\" alt=\"\" class=\"wp-image-109698\" srcset=\"https:\/\/tvtecjundiai.com.br\/news\/wp-content\/uploads\/sites\/2\/2023\/05\/smart-city-busines-cidade-inteligente-luiz-fernando-machado-e-jose-antonio-parimoschi-participa-reuniao-de-prefeitos_fm_-197-3-1280x854-1-1200x801.jpg 1200w, https:\/\/tvtecjundiai.com.br\/news\/wp-content\/uploads\/sites\/2\/2023\/05\/smart-city-busines-cidade-inteligente-luiz-fernando-machado-e-jose-antonio-parimoschi-participa-reuniao-de-prefeitos_fm_-197-3-1280x854-1-300x200.jpg 300w, https:\/\/tvtecjundiai.com.br\/news\/wp-content\/uploads\/sites\/2\/2023\/05\/smart-city-busines-cidade-inteligente-luiz-fernando-machado-e-jose-antonio-parimoschi-participa-reuniao-de-prefeitos_fm_-197-3-1280x854-1-768x512.jpg 768w, https:\/\/tvtecjundiai.com.br\/news\/wp-content\/uploads\/sites\/2\/2023\/05\/smart-city-busines-cidade-inteligente-luiz-fernando-machado-e-jose-antonio-parimoschi-participa-reuniao-de-prefeitos_fm_-197-3-1280x854-1.jpg 1280w\" sizes=\"auto, (max-width: 1200px) 100vw, 1200px\" \/><figcaption class=\"wp-element-caption\">Luiz Fernando Machado ressaltou, em evento na capital paulista, a import\u00e2ncia da tecnologia na gest\u00e3o<\/figcaption><\/figure>\n<\/div>\n\n\n<p>No per\u00edodo da tarde, Luiz Fernando esteve ao lado do vice-governador, Felicio Ramuth, para debater como a tecnologia inteligente pode ser uma for\u00e7a motriz para inclus\u00e3o social. \u201cA tecnologia \u00e9 uma ferramenta transformadora e fundamental para garantir a qualidade do servi\u00e7o p\u00fablico prestado \u00e0 popula\u00e7\u00e3o. Em Jundia\u00ed, realizamos investimentos de acordo com as principais demandas da cidade, buscando a assertividade e a transforma\u00e7\u00e3o na vida das pessoas\u201d, afirma Luiz Fernando.<\/p>\n\n\n\n<p>Outro destaque do dia foi a participa\u00e7\u00e3o do gestor de Governo e Finan\u00e7as, Jos\u00e9 Antonio Parimoschi, em um painel sobre os principais requisitos que tornam as cidades atraentes para as melhores empresas. \u201cUma cidade com indicadores positivos e servi\u00e7os de qualidade atraem empresas, que sabem que ter\u00e3o colaboradores com uma alta qualidade de vida para a sua fam\u00edlia e, consequentemente, alta efetividade na execu\u00e7\u00e3o di\u00e1ria do trabalho\u201d.<\/p>\n\n\n<div class=\"wp-block-image\">\n<figure class=\"aligncenter size-large\"><img loading=\"lazy\" decoding=\"async\" width=\"1200\" height=\"801\" src=\"https:\/\/tvtecjundiai.com.br\/news\/wp-content\/uploads\/sites\/2\/2023\/05\/smart-city-busines-cidade-inteligente-luiz-fernando-machado-e-jose-antonio-parimoschi-participa-reuniao-de-prefeitos_fm_-97-1280x854-1-1200x801.jpg\" alt=\"\" class=\"wp-image-109699\" srcset=\"https:\/\/tvtecjundiai.com.br\/news\/wp-content\/uploads\/sites\/2\/2023\/05\/smart-city-busines-cidade-inteligente-luiz-fernando-machado-e-jose-antonio-parimoschi-participa-reuniao-de-prefeitos_fm_-97-1280x854-1-1200x801.jpg 1200w, https:\/\/tvtecjundiai.com.br\/news\/wp-content\/uploads\/sites\/2\/2023\/05\/smart-city-busines-cidade-inteligente-luiz-fernando-machado-e-jose-antonio-parimoschi-participa-reuniao-de-prefeitos_fm_-97-1280x854-1-300x200.jpg 300w, https:\/\/tvtecjundiai.com.br\/news\/wp-content\/uploads\/sites\/2\/2023\/05\/smart-city-busines-cidade-inteligente-luiz-fernando-machado-e-jose-antonio-parimoschi-participa-reuniao-de-prefeitos_fm_-97-1280x854-1-768x512.jpg 768w, https:\/\/tvtecjundiai.com.br\/news\/wp-content\/uploads\/sites\/2\/2023\/05\/smart-city-busines-cidade-inteligente-luiz-fernando-machado-e-jose-antonio-parimoschi-participa-reuniao-de-prefeitos_fm_-97-1280x854-1.jpg 1280w\" sizes=\"auto, (max-width: 1200px) 100vw, 1200px\" \/><figcaption class=\"wp-element-caption\">Parimoschi apresentou indicadores atrativos de Jundia\u00ed, em evento de Cidades Inteligentes<\/figcaption><\/figure>\n<\/div>\n\n\n<p>O evento ainda contou com a participa\u00e7\u00e3o do vice-prefeito, Gustavo Martinelli, do gestor de Agroneg\u00f3cio Eduardo Alvarez, do diretor-presidente da Companhia de Inform\u00e1tica de Jundia\u00ed (Cijun), Amauri Marquezi de Lucca; do gestor adjunto de Governo, Jones Martins e do diretor superintendente de Gest\u00e3o na DAE Jundia\u00ed, Evandro Biancarelli.<\/p>\n\n\n\n<p><strong><em>Fonte \/ Imagem: Prefeitura de Jundia\u00ed<\/em><\/strong><\/p>\n","protected":false},"excerpt":{"rendered":"<p>Luiz Fernando Machado ressaltou, em evento na capital paulista, a import\u00e2ncia da tecnologia na gest\u00e3o<\/p>\n","protected":false},"author":30,"featured_media":109699,"comment_status":"closed","ping_status":"0","sticky":false,"template":"","format":"standard","meta":{"footnotes":""},"categories":[8356,1],"tags":[],"class_list":["post-109697","post","type-post","status-publish","format-standard","has-post-thumbnail","hentry","category-jundiai","category-noticias"],"_links":{"self":[{"href":"https:\/\/tvtecjundiai.com.br\/news\/wp-json\/wp\/v2\/posts\/109697","targetHints":{"allow":["GET"]}}],"collection":[{"href":"https:\/\/tvtecjundiai.com.br\/news\/wp-json\/wp\/v2\/posts"}],"about":[{"href":"https:\/\/tvtecjundiai.com.br\/news\/wp-json\/wp\/v2\/types\/post"}],"author":[{"embeddable":true,"href":"https:\/\/tvtecjundiai.com.br\/news\/wp-json\/wp\/v2\/users\/30"}],"replies":[{"embeddable":true,"href":"https:\/\/tvtecjundiai.com.br\/news\/wp-json\/wp\/v2\/comments?post=109697"}],"version-history":[{"count":1,"href":"https:\/\/tvtecjundiai.com.br\/news\/wp-json\/wp\/v2\/posts\/109697\/revisions"}],"predecessor-version":[{"id":109700,"href":"https:\/\/tvtecjundiai.com.br\/news\/wp-json\/wp\/v2\/posts\/109697\/revisions\/109700"}],"wp:featuredmedia":[{"embeddable":true,"href":"https:\/\/tvtecjundiai.com.br\/news\/wp-json\/wp\/v2\/media\/109699"}],"wp:attachment":[{"href":"https:\/\/tvtecjundiai.com.br\/news\/wp-json\/wp\/v2\/media?parent=109697"}],"wp:term":[{"taxonomy":"category","embeddable":true,"href":"https:\/\/tvtecjundiai.com.br\/news\/wp-json\/wp\/v2\/categories?post=109697"},{"taxonomy":"post_tag","embeddable":true,"href":"https:\/\/tvtecjundiai.com.br\/news\/wp-json\/wp\/v2\/tags?post=109697"}],"curies":[{"name":"wp","href":"https:\/\/api.w.org\/{rel}","templated":true}]}}