{"id":109707,"date":"2023-05-25T10:31:24","date_gmt":"2023-05-25T13:31:24","guid":{"rendered":"https:\/\/tvtecjundiai.com.br\/news\/?p=109707"},"modified":"2023-05-25T10:31:24","modified_gmt":"2023-05-25T13:31:24","slug":"criancas-transmitem-conhecimento-sobre-seguranca-no-transito-no-concurso-de-desenho","status":"publish","type":"post","link":"https:\/\/tvtecjundiai.com.br\/news\/2023\/05\/25\/criancas-transmitem-conhecimento-sobre-seguranca-no-transito-no-concurso-de-desenho\/","title":{"rendered":"Crian\u00e7as transmitem conhecimento sobre seguran\u00e7a no tr\u00e2nsito no Concurso de Desenho"},"content":{"rendered":"\n<p>Ruas, sem\u00e1foros, cal\u00e7adas, faixas de travessia, ve\u00edculos e pessoas. De forma criativa, o conhecimento sobre a seguran\u00e7a no tr\u00e2nsito de alunos de dez escolas da rede municipal de Jundia\u00ed est\u00e1 sendo transmitido em desenhos para o Concurso do Maio Amarelo, com o tema do movimento deste ano \u2018No Tr\u00e2nsito, Escolha a Vida\u2019.<\/p>\n\n\n\n<p>Uma das turmas do segundo ano da EMEB Prof.\u00aa Marina de Almeida Rinaldi Carvalho, no Jardim das Tulipas, coordenada pela professora Angelita Freitas Braga, tem mostrado por meio das cores e dos desenhos que se cada um agir com cuidado, no local adequado para transitar, condutores e pedestres poder\u00e3o contribuir para o tr\u00e2nsito ser seguro.<\/p>\n\n\n<div class=\"wp-block-image\">\n<figure class=\"aligncenter size-large\"><img loading=\"lazy\" decoding=\"async\" width=\"1200\" height=\"801\" src=\"https:\/\/tvtecjundiai.com.br\/news\/wp-content\/uploads\/sites\/2\/2023\/05\/maio-amarelo-emeb-marina-de-almeida-rinaldi-concurso-de-desenho-1280x854-2-1200x801.jpg\" alt=\"\" class=\"wp-image-109709\" srcset=\"https:\/\/tvtecjundiai.com.br\/news\/wp-content\/uploads\/sites\/2\/2023\/05\/maio-amarelo-emeb-marina-de-almeida-rinaldi-concurso-de-desenho-1280x854-2-1200x801.jpg 1200w, https:\/\/tvtecjundiai.com.br\/news\/wp-content\/uploads\/sites\/2\/2023\/05\/maio-amarelo-emeb-marina-de-almeida-rinaldi-concurso-de-desenho-1280x854-2-300x200.jpg 300w, https:\/\/tvtecjundiai.com.br\/news\/wp-content\/uploads\/sites\/2\/2023\/05\/maio-amarelo-emeb-marina-de-almeida-rinaldi-concurso-de-desenho-1280x854-2-768x512.jpg 768w, https:\/\/tvtecjundiai.com.br\/news\/wp-content\/uploads\/sites\/2\/2023\/05\/maio-amarelo-emeb-marina-de-almeida-rinaldi-concurso-de-desenho-1280x854-2.jpg 1280w\" sizes=\"auto, (max-width: 1200px) 100vw, 1200px\" \/><figcaption class=\"wp-element-caption\">Alunos mostram, com desenhos, o que sabem sobre o bom comportamento para o tr\u00e2nsito ser seguro<\/figcaption><\/figure>\n<\/div>\n\n\n<p>\u201cA gente tem que usar o cinto de seguran\u00e7a. Se algu\u00e9m n\u00e3o usa, quando estamos no carro, eu falo para colocar. Tamb\u00e9m precisa prestar aten\u00e7\u00e3o no sem\u00e1foro para parar, no vermelho; prestar aten\u00e7\u00e3o, no amarelo; e seguir, no verde\u201d, comenta Giovanna Lara, 7 anos.<\/p>\n\n\n\n<p>O amigo da sala de aula, Henry Mateus, 8 anos, tamb\u00e9m conhece bastante sobre a seguran\u00e7a no tr\u00e2nsito. \u201cN\u00e3o pode correr com o carro, e os pedestres precisam atravessar nas faixas, porque, assim, n\u00e3o t\u00eam mortes. Tem que estar atento antes de seguir e n\u00e3o pode dirigir falando no celular\u201d, afirma.<\/p>\n\n\n<div class=\"wp-block-image\">\n<figure class=\"aligncenter size-large\"><img loading=\"lazy\" decoding=\"async\" width=\"1200\" height=\"681\" src=\"https:\/\/tvtecjundiai.com.br\/news\/wp-content\/uploads\/sites\/2\/2023\/05\/maio-amarelo-emeb-marina-de-almeida-rinaldi-concurso-de-desenho-henry-e-giovanna-1280x726-1-1200x681.jpg\" alt=\"\" class=\"wp-image-109710\" srcset=\"https:\/\/tvtecjundiai.com.br\/news\/wp-content\/uploads\/sites\/2\/2023\/05\/maio-amarelo-emeb-marina-de-almeida-rinaldi-concurso-de-desenho-henry-e-giovanna-1280x726-1-1200x681.jpg 1200w, https:\/\/tvtecjundiai.com.br\/news\/wp-content\/uploads\/sites\/2\/2023\/05\/maio-amarelo-emeb-marina-de-almeida-rinaldi-concurso-de-desenho-henry-e-giovanna-1280x726-1-300x170.jpg 300w, https:\/\/tvtecjundiai.com.br\/news\/wp-content\/uploads\/sites\/2\/2023\/05\/maio-amarelo-emeb-marina-de-almeida-rinaldi-concurso-de-desenho-henry-e-giovanna-1280x726-1-768x436.jpg 768w, https:\/\/tvtecjundiai.com.br\/news\/wp-content\/uploads\/sites\/2\/2023\/05\/maio-amarelo-emeb-marina-de-almeida-rinaldi-concurso-de-desenho-henry-e-giovanna-1280x726-1.jpg 1280w\" sizes=\"auto, (max-width: 1200px) 100vw, 1200px\" \/><figcaption class=\"wp-element-caption\">Henry e Giovanna est\u00e3o no segundo ano, e fizeram desenhos que retratam sobre travessia segura<\/figcaption><\/figure>\n<\/div>\n\n\n<p>O Concurso de Desenho do Maio Amarelo \u00e9 realizado pela Unidade de gest\u00e3o de Mobilidade e Transporte (UGMT) em parceria com a Unidade de Gest\u00e3o de Educa\u00e7\u00e3o (UGE), e conta com a participa\u00e7\u00e3o de alunos de 7 a 10 anos, dos 2\u00ba, 3\u00ba, 4\u00ba e 5\u00ba ano. Os 40 desenhos selecionados ser\u00e3o premiados no dia 02 de junho, no evento de encerramento do Maio Amarelo, no audit\u00f3rio do Ciesp.<\/p>\n\n\n\n<p>\u201cA Educa\u00e7\u00e3o para o Tr\u00e2nsito tem como objetivo promover a conscientiza\u00e7\u00e3o de todos em rela\u00e7\u00e3o \u00e0s boas pr\u00e1ticas no tr\u00e2nsito, para a preserva\u00e7\u00e3o de vidas. Nesse caso, a a\u00e7\u00e3o envolvendo crian\u00e7as \u00e9 mais uma oportunidade de ensinar de maneira l\u00fadica sobre os cuidados nas vias\u201d, comenta o diretor de Tr\u00e2nsito UGMT, Esdras Cintra Jr.<\/p>\n\n\n\n<p><strong><em>Fonte \/ Imagem: Prefeitura de Jundia\u00ed<\/em><\/strong><\/p>\n","protected":false},"excerpt":{"rendered":"<p>Alunos mostram, com desenhos, o que sabem sobre o bom comportamento para o tr\u00e2nsito ser seguro<\/p>\n","protected":false},"author":30,"featured_media":109710,"comment_status":"closed","ping_status":"0","sticky":false,"template":"","format":"standard","meta":{"footnotes":""},"categories":[2828,8356,1],"tags":[],"class_list":["post-109707","post","type-post","status-publish","format-standard","has-post-thumbnail","hentry","category-educacao","category-jundiai","category-noticias"],"_links":{"self":[{"href":"https:\/\/tvtecjundiai.com.br\/news\/wp-json\/wp\/v2\/posts\/109707","targetHints":{"allow":["GET"]}}],"collection":[{"href":"https:\/\/tvtecjundiai.com.br\/news\/wp-json\/wp\/v2\/posts"}],"about":[{"href":"https:\/\/tvtecjundiai.com.br\/news\/wp-json\/wp\/v2\/types\/post"}],"author":[{"embeddable":true,"href":"https:\/\/tvtecjundiai.com.br\/news\/wp-json\/wp\/v2\/users\/30"}],"replies":[{"embeddable":true,"href":"https:\/\/tvtecjundiai.com.br\/news\/wp-json\/wp\/v2\/comments?post=109707"}],"version-history":[{"count":1,"href":"https:\/\/tvtecjundiai.com.br\/news\/wp-json\/wp\/v2\/posts\/109707\/revisions"}],"predecessor-version":[{"id":109711,"href":"https:\/\/tvtecjundiai.com.br\/news\/wp-json\/wp\/v2\/posts\/109707\/revisions\/109711"}],"wp:featuredmedia":[{"embeddable":true,"href":"https:\/\/tvtecjundiai.com.br\/news\/wp-json\/wp\/v2\/media\/109710"}],"wp:attachment":[{"href":"https:\/\/tvtecjundiai.com.br\/news\/wp-json\/wp\/v2\/media?parent=109707"}],"wp:term":[{"taxonomy":"category","embeddable":true,"href":"https:\/\/tvtecjundiai.com.br\/news\/wp-json\/wp\/v2\/categories?post=109707"},{"taxonomy":"post_tag","embeddable":true,"href":"https:\/\/tvtecjundiai.com.br\/news\/wp-json\/wp\/v2\/tags?post=109707"}],"curies":[{"name":"wp","href":"https:\/\/api.w.org\/{rel}","templated":true}]}}