{"id":109712,"date":"2023-05-25T10:36:59","date_gmt":"2023-05-25T13:36:59","guid":{"rendered":"https:\/\/tvtecjundiai.com.br\/news\/?p=109712"},"modified":"2023-05-25T10:37:02","modified_gmt":"2023-05-25T13:37:02","slug":"apresentacoes-e-vivencias-reforcam-a-atuacao-intersetorial-da-plataforma-de-educacao-e-cultura","status":"publish","type":"post","link":"https:\/\/tvtecjundiai.com.br\/news\/2023\/05\/25\/apresentacoes-e-vivencias-reforcam-a-atuacao-intersetorial-da-plataforma-de-educacao-e-cultura\/","title":{"rendered":"Apresenta\u00e7\u00f5es e viv\u00eancias refor\u00e7am a atua\u00e7\u00e3o intersetorial da Plataforma de Educa\u00e7\u00e3o e Cultura"},"content":{"rendered":"\n<p>Dentro da proposta de intersetorialidade da Plataforma de Educa\u00e7\u00e3o e Cultura, a Prefeitura de Jundia\u00ed segue realizando atividades e apresenta\u00e7\u00f5es culturais nas unidades escolares da rede de ensino, bem como promovendo o incentivo \u00e0 ida dos estudantes e dos educadores aos equipamentos culturais p\u00fablicos municipais.<\/p>\n\n\n\n<p>As iniciativas integram os programas municipais Cidade das Crian\u00e7as e Escola Inovadora, e t\u00eam impacto nos cerca de 40 mil alunos e outros mais de quatro mil educadores da rede municipal.<\/p>\n\n\n\n<p>Por essa iniciativa, a Emeb Maria Aparecida de Souza Almeida Ramos (Peixinho), no jardim Tarum\u00e3, recebeu a Cia. Ca\u00e7a Vento de Artes, que apresentou para as turmas a conta\u00e7\u00e3o de hist\u00f3rias \u201cA fruta sem nome\u201d.<\/p>\n\n\n<div class=\"wp-block-image\">\n<figure class=\"aligncenter size-large is-resized\"><img loading=\"lazy\" decoding=\"async\" src=\"https:\/\/tvtecjundiai.com.br\/news\/wp-content\/uploads\/sites\/2\/2023\/05\/presentacao_teatro_emeb_peixinho_m_-27-3-1280x854-1-1200x801.jpg\" alt=\"\" class=\"wp-image-109713\" width=\"840\" height=\"560\" srcset=\"https:\/\/tvtecjundiai.com.br\/news\/wp-content\/uploads\/sites\/2\/2023\/05\/presentacao_teatro_emeb_peixinho_m_-27-3-1280x854-1-1200x801.jpg 1200w, https:\/\/tvtecjundiai.com.br\/news\/wp-content\/uploads\/sites\/2\/2023\/05\/presentacao_teatro_emeb_peixinho_m_-27-3-1280x854-1-300x200.jpg 300w, https:\/\/tvtecjundiai.com.br\/news\/wp-content\/uploads\/sites\/2\/2023\/05\/presentacao_teatro_emeb_peixinho_m_-27-3-1280x854-1-768x512.jpg 768w, https:\/\/tvtecjundiai.com.br\/news\/wp-content\/uploads\/sites\/2\/2023\/05\/presentacao_teatro_emeb_peixinho_m_-27-3-1280x854-1.jpg 1280w\" sizes=\"auto, (max-width: 840px) 100vw, 840px\" \/><figcaption class=\"wp-element-caption\">Turmas da Emeb do jardim Tarum\u00e3 receberam a visita da Cia. Ca\u00e7a Vento de Artes ao longo desta quarta-feira (24)<\/figcaption><\/figure>\n<\/div>\n\n\n<p>Com diversos recursos visuais e de sonoplastia, os atores Giovanni Joaquim, Rafa Viana e Stephanie Leite atra\u00edram o olhar curioso da crian\u00e7ada ao contar a hist\u00f3ria da revolta da M\u00e3e Natureza por conta do desperd\u00edcio dos animais com os recursos naturais, e as perip\u00e9cias de uma arara azul e do rei le\u00e3o para resgatar uma fruta capaz de salvar a todos.<\/p>\n\n\n\n<p>No per\u00edodo da manh\u00e3, as turmas do G5 das professoras Marivana Dias e Alessandra Tomim acompanharam, atentos, \u00e0 conta\u00e7\u00e3o no parque da escola.<\/p>\n\n\n\n<p>Jonathas de Freitas, de cinco anos, entendeu o recado. \u201cQuando a gente desperdi\u00e7a \u00e1gua e comida, sofre todo mundo, inclusive o Planeta\u201d.<\/p>\n\n\n\n<p>Bastante atenta \u00e0 mensagem, Isabela do Amaral, tamb\u00e9m de cinco anos, escolheu seus momentos preferidos da apresenta\u00e7\u00e3o. \u201cGostei quando a bruxa pegou a tartaruga e quando entramos todos no mar\u201d, comentou.<\/p>\n\n\n<div class=\"wp-block-image\">\n<figure class=\"aligncenter size-large\"><img loading=\"lazy\" decoding=\"async\" width=\"1200\" height=\"801\" src=\"https:\/\/tvtecjundiai.com.br\/news\/wp-content\/uploads\/sites\/2\/2023\/05\/presentacao_teatro_emeb_peixinho_m_-90-2-1280x854-1-1200x801.jpg\" alt=\"\" class=\"wp-image-109714\" srcset=\"https:\/\/tvtecjundiai.com.br\/news\/wp-content\/uploads\/sites\/2\/2023\/05\/presentacao_teatro_emeb_peixinho_m_-90-2-1280x854-1-1200x801.jpg 1200w, https:\/\/tvtecjundiai.com.br\/news\/wp-content\/uploads\/sites\/2\/2023\/05\/presentacao_teatro_emeb_peixinho_m_-90-2-1280x854-1-300x200.jpg 300w, https:\/\/tvtecjundiai.com.br\/news\/wp-content\/uploads\/sites\/2\/2023\/05\/presentacao_teatro_emeb_peixinho_m_-90-2-1280x854-1-768x512.jpg 768w, https:\/\/tvtecjundiai.com.br\/news\/wp-content\/uploads\/sites\/2\/2023\/05\/presentacao_teatro_emeb_peixinho_m_-90-2-1280x854-1.jpg 1280w\" sizes=\"auto, (max-width: 1200px) 100vw, 1200px\" \/><figcaption class=\"wp-element-caption\">Ao final da apresenta\u00e7\u00e3o, Isabela e Jonathas quiseram interagir com o elenco e ver de perto os elementos da cenografia<\/figcaption><\/figure>\n<\/div>\n\n\n<p>A gestora de Educa\u00e7\u00e3o, Vast\u00ed Ferrari Marques, refor\u00e7ou a import\u00e2ncia da iniciativa. \u201cAs apresenta\u00e7\u00f5es culturais dentro do ambiente escolar v\u00eam ao encontro do desemparedamento da escola e confirmam a proposta do programa Escola Inovadora em garantir que os ambientes externos tamb\u00e9m s\u00e3o pedag\u00f3gicos e possam garantir viv\u00eancias e aprendizagens aos nossos meninos e meninas\u201d.<\/p>\n\n\n\n<p>J\u00e1 o gestor de Cultura, Marcelo Peroni, tamb\u00e9m destaca as frentes impactadas pela atua\u00e7\u00e3o em plataforma. \u201cProgramas como o \u2018Passaporte Cultural \u2013 Guardi\u00f5es do Patrim\u00f4nio\u2019 s\u00e3o exemplos de como a Prefeitura incentiva a ida das pessoas aos nossos patrim\u00f4nios municipais. Mas a atua\u00e7\u00e3o n\u00e3o se encerra a\u00ed, pois a presen\u00e7a da Cultura nos ambientes escolares \u00e9 algo tamb\u00e9m fundamental, pois atua na gera\u00e7\u00e3o de repert\u00f3rio para os educadores e os alunos, bem como incentiva a gera\u00e7\u00e3o de p\u00fablico nos equipamentos culturais e fomenta o trabalho art\u00edstico dos profissionais da regi\u00e3o\u201d.<\/p>\n\n\n\n<p><strong><em>Fonte \/ Imagem: Prefeitura de Jundia\u00ed<\/em><\/strong><\/p>\n","protected":false},"excerpt":{"rendered":"<p>Turmas da Emeb do jardim Tarum\u00e3 receberam a visita da Cia. Ca\u00e7a Vento de Artes ao longo desta quarta-feira<\/p>\n","protected":false},"author":30,"featured_media":109714,"comment_status":"closed","ping_status":"0","sticky":false,"template":"","format":"standard","meta":{"footnotes":""},"categories":[2828,8356,1],"tags":[],"class_list":["post-109712","post","type-post","status-publish","format-standard","has-post-thumbnail","hentry","category-educacao","category-jundiai","category-noticias"],"_links":{"self":[{"href":"https:\/\/tvtecjundiai.com.br\/news\/wp-json\/wp\/v2\/posts\/109712","targetHints":{"allow":["GET"]}}],"collection":[{"href":"https:\/\/tvtecjundiai.com.br\/news\/wp-json\/wp\/v2\/posts"}],"about":[{"href":"https:\/\/tvtecjundiai.com.br\/news\/wp-json\/wp\/v2\/types\/post"}],"author":[{"embeddable":true,"href":"https:\/\/tvtecjundiai.com.br\/news\/wp-json\/wp\/v2\/users\/30"}],"replies":[{"embeddable":true,"href":"https:\/\/tvtecjundiai.com.br\/news\/wp-json\/wp\/v2\/comments?post=109712"}],"version-history":[{"count":1,"href":"https:\/\/tvtecjundiai.com.br\/news\/wp-json\/wp\/v2\/posts\/109712\/revisions"}],"predecessor-version":[{"id":109715,"href":"https:\/\/tvtecjundiai.com.br\/news\/wp-json\/wp\/v2\/posts\/109712\/revisions\/109715"}],"wp:featuredmedia":[{"embeddable":true,"href":"https:\/\/tvtecjundiai.com.br\/news\/wp-json\/wp\/v2\/media\/109714"}],"wp:attachment":[{"href":"https:\/\/tvtecjundiai.com.br\/news\/wp-json\/wp\/v2\/media?parent=109712"}],"wp:term":[{"taxonomy":"category","embeddable":true,"href":"https:\/\/tvtecjundiai.com.br\/news\/wp-json\/wp\/v2\/categories?post=109712"},{"taxonomy":"post_tag","embeddable":true,"href":"https:\/\/tvtecjundiai.com.br\/news\/wp-json\/wp\/v2\/tags?post=109712"}],"curies":[{"name":"wp","href":"https:\/\/api.w.org\/{rel}","templated":true}]}}