{"id":109754,"date":"2023-05-25T16:34:58","date_gmt":"2023-05-25T19:34:58","guid":{"rendered":"https:\/\/tvtecjundiai.com.br\/news\/?p=109754"},"modified":"2023-05-25T16:34:59","modified_gmt":"2023-05-25T19:34:59","slug":"exposicao-sobre-o-holocausto-no-solar-do-barao-ja-ultrapassa-os-11-mil-visitantes","status":"publish","type":"post","link":"https:\/\/tvtecjundiai.com.br\/news\/2023\/05\/25\/exposicao-sobre-o-holocausto-no-solar-do-barao-ja-ultrapassa-os-11-mil-visitantes\/","title":{"rendered":"Exposi\u00e7\u00e3o sobre o Holocausto no Solar do Bar\u00e3o j\u00e1 ultrapassa os 11 mil visitantes"},"content":{"rendered":"\n<p>A exposi\u00e7\u00e3o&nbsp;<a href=\"https:\/\/cultura.jundiai.sp.gov.br\/exposicoes\/holocausto-para-que-nunca-se-negue-para-que-nunca-se-esqueca-e-para-que-nunca-mais-se-repita\/\" target=\"_blank\" rel=\"noreferrer noopener\">Holocausto: para que nunca se negue, para que nunca se esque\u00e7a e para que nunca mais se repita<\/a>, em exibi\u00e7\u00e3o no Museu Hist\u00f3rico e Cultural \u2013 Solar do Bar\u00e3o, j\u00e1 ultrapassou, nessa quarta-feira (24) a marca dos 11 mil visitantes. Em duas semanas, dentro desse quantitativo, a mostra contabiliza 335 estudantes, 170 professores e outros milhares de visitantes espont\u00e2neos, dos quais, cerca de 35% s\u00e3o crian\u00e7as acompanhadas.<\/p>\n\n\n\n<p>Com instala\u00e7\u00f5es montadas pela Unidade de Gest\u00e3o de Cultura (UGC), por meio do Departamento de Museus, a exposi\u00e7\u00e3o tem\u00e1tica traz fotos, documentos, mapas, textos, depoimentos e instala\u00e7\u00f5es art\u00edsticas, e conta ainda, em sua composi\u00e7\u00e3o, com outras duas exposi\u00e7\u00f5es: \u201cSho\u00e1: como foi humanamente poss\u00edvel?\u201d e \u201cOs justos entre as na\u00e7\u00f5es da Litu\u00e2nia\u201d, respectivamente, propostas pelos parceiros Memorial da Imigra\u00e7\u00e3o Judaica e do Holocausto de S\u00e3o Paulo e Consulado Geral da Rep\u00fablica da Litu\u00e2nia de S\u00e3o Paulo.<\/p>\n\n\n<div class=\"wp-block-image\">\n<figure class=\"aligncenter size-large\"><img loading=\"lazy\" decoding=\"async\" width=\"1200\" height=\"801\" src=\"https:\/\/tvtecjundiai.com.br\/news\/wp-content\/uploads\/sites\/2\/2023\/05\/exposicao-holocausto-formacao-de-professores-rede-estadual_fm_-26-5-1280x854-2-1200x801.jpg\" alt=\"\" class=\"wp-image-109757\" srcset=\"https:\/\/tvtecjundiai.com.br\/news\/wp-content\/uploads\/sites\/2\/2023\/05\/exposicao-holocausto-formacao-de-professores-rede-estadual_fm_-26-5-1280x854-2-1200x801.jpg 1200w, https:\/\/tvtecjundiai.com.br\/news\/wp-content\/uploads\/sites\/2\/2023\/05\/exposicao-holocausto-formacao-de-professores-rede-estadual_fm_-26-5-1280x854-2-300x200.jpg 300w, https:\/\/tvtecjundiai.com.br\/news\/wp-content\/uploads\/sites\/2\/2023\/05\/exposicao-holocausto-formacao-de-professores-rede-estadual_fm_-26-5-1280x854-2-768x512.jpg 768w, https:\/\/tvtecjundiai.com.br\/news\/wp-content\/uploads\/sites\/2\/2023\/05\/exposicao-holocausto-formacao-de-professores-rede-estadual_fm_-26-5-1280x854-2.jpg 1280w\" sizes=\"auto, (max-width: 1200px) 100vw, 1200px\" \/><figcaption class=\"wp-element-caption\">N\u00famero expressivo de visitantes foi atingido em apenas duas semanas de exposi\u00e7\u00e3o<\/figcaption><\/figure>\n<\/div>\n\n\n<p>O diretor do Departamento de Museus, Paulo Vicentini, ressalta o formato da contagem. \u201cPara fins estat\u00edsticos, o Departamento adota esta diferencia\u00e7\u00e3o na contagem, excluindo os visitantes que v\u00eam somente para os jardins e separando o que \u00e9 visita espont\u00e2nea do que \u00e9 visita provocada. Para esta exposi\u00e7\u00e3o sobre o Holocausto, por exemplo, por conta da import\u00e2ncia de se abordar o tema junto aos mais jovens, e, portanto, mais suscet\u00edveis ao discurso nazi-fascista, temos feito um trabalho refor\u00e7ado junto aos educadores e \u00e0s turmas escolares, que v\u00eam a convite do Museu para receber forma\u00e7\u00e3o e visita monitorada. Por isso a import\u00e2ncia desta diferencia\u00e7\u00e3o\u201d.<\/p>\n\n\n\n<p>O gestor de Cultura, Marcelo Peroni, ressaltou a import\u00e2ncia do interesse do p\u00fablico. \u201cEsta exposi\u00e7\u00e3o \u00e9 resultado da parceria e provoca\u00e7\u00e3o do Memorial, que no ano passado me convidou para um evento, do qual sa\u00ed sensibilizado e certo da import\u00e2ncia de ampliar a parceria e trazer para Jundia\u00ed e regi\u00e3o uma exposi\u00e7\u00e3o que tratasse do tema. Tema esse relevante e que vai ao encontro da nossa proposta, enquanto Cultura, de entender, atuar e refletir sobre os comportamentos sociais e as necessidades de mudan\u00e7as\u201d.<\/p>\n\n\n<div class=\"wp-block-image\">\n<figure class=\"aligncenter size-large\"><img loading=\"lazy\" decoding=\"async\" width=\"1200\" height=\"801\" src=\"https:\/\/tvtecjundiai.com.br\/news\/wp-content\/uploads\/sites\/2\/2023\/05\/exposicao-holocausto-formacao-de-professores-rede-estadual_fm_-55-1-1280x854-1-1200x801.jpg\" alt=\"\" class=\"wp-image-109758\" srcset=\"https:\/\/tvtecjundiai.com.br\/news\/wp-content\/uploads\/sites\/2\/2023\/05\/exposicao-holocausto-formacao-de-professores-rede-estadual_fm_-55-1-1280x854-1-1200x801.jpg 1200w, https:\/\/tvtecjundiai.com.br\/news\/wp-content\/uploads\/sites\/2\/2023\/05\/exposicao-holocausto-formacao-de-professores-rede-estadual_fm_-55-1-1280x854-1-300x200.jpg 300w, https:\/\/tvtecjundiai.com.br\/news\/wp-content\/uploads\/sites\/2\/2023\/05\/exposicao-holocausto-formacao-de-professores-rede-estadual_fm_-55-1-1280x854-1-768x512.jpg 768w, https:\/\/tvtecjundiai.com.br\/news\/wp-content\/uploads\/sites\/2\/2023\/05\/exposicao-holocausto-formacao-de-professores-rede-estadual_fm_-55-1-1280x854-1.jpg 1280w\" sizes=\"auto, (max-width: 1200px) 100vw, 1200px\" \/><figcaption class=\"wp-element-caption\">Denise aproveitou a ida ao Museu para gravar para o seu canal sobre Turismo Hist\u00f3rico e Cultural<\/figcaption><\/figure>\n<\/div>\n\n\n<p>Entre os milhares de visitantes, a Denise Bonilha aproveitou suas f\u00e9rias para gravar conte\u00fados para o seu canal em redes sociais sobre Turismo Hist\u00f3rico e Cultural. \u201cJ\u00e1 fiz a\u00a0<a rel=\"noreferrer noopener\" href=\"https:\/\/cultura.jundiai.sp.gov.br\/festivais-e-programas\/rota-afro\/\" target=\"_blank\">Rota Afro<\/a>\u00a0no \u00faltimo fim de semana e hoje decidi visitar o Museu. O Holocausto sempre foi um tema pelo qual me interessei, j\u00e1 visitei o campo de Dachau, na Alemanha. Sei que tem gente que n\u00e3o consegue visitar uma exposi\u00e7\u00e3o como esta. Ali\u00e1s, n\u00e3o me lembro de uma exposi\u00e7\u00e3o assim, com percurso e racioc\u00ednio t\u00e3o bem definidos. Sei que tem gente que n\u00e3o conseguiria visitar, mas a mim o efeito \u00e9 outro, me prende, me intriga. Principalmente a parte das instala\u00e7\u00f5es com o som do piano tocando a m\u00fasica judaica e o latido dos c\u00e3es. Tudo isso com entrada gratuita\u201d, comentou.<\/p>\n\n\n\n<p>Outro visitante, o repositor de mercado Abner Almeida visitou a exposi\u00e7\u00e3o logo na primeira semana e refor\u00e7ou a import\u00e2ncia do tema para a conscientiza\u00e7\u00e3o da sociedade. \u201cSempre me interessei pelo tema, mas aqui na exposi\u00e7\u00e3o pude me aprofundar nos detalhes. Achei interessante ver como o regime Nazista come\u00e7ou e conseguiu se alastrar de forma t\u00e3o r\u00e1pida. Tamb\u00e9m me chamaram a aten\u00e7\u00e3o as ilustra\u00e7\u00f5es das crian\u00e7as, que perderam suas inf\u00e2ncias e compartilharam suas sensa\u00e7\u00f5es, para que mais ningu\u00e9m viva isso. Falar sobre o tema \u00e9 importante e necess\u00e1rio, apesar de dif\u00edcil. A educa\u00e7\u00e3o e a informa\u00e7\u00e3o salvam\u201d.<\/p>\n\n\n<div class=\"wp-block-image\">\n<figure class=\"aligncenter size-large\"><img loading=\"lazy\" decoding=\"async\" width=\"1200\" height=\"801\" src=\"https:\/\/tvtecjundiai.com.br\/news\/wp-content\/uploads\/sites\/2\/2023\/05\/exposicao-holocausto-formacao-de-professores-rede-estadual_fm_-44-3-1280x854-1-1200x801.jpg\" alt=\"\" class=\"wp-image-109759\" srcset=\"https:\/\/tvtecjundiai.com.br\/news\/wp-content\/uploads\/sites\/2\/2023\/05\/exposicao-holocausto-formacao-de-professores-rede-estadual_fm_-44-3-1280x854-1-1200x801.jpg 1200w, https:\/\/tvtecjundiai.com.br\/news\/wp-content\/uploads\/sites\/2\/2023\/05\/exposicao-holocausto-formacao-de-professores-rede-estadual_fm_-44-3-1280x854-1-300x200.jpg 300w, https:\/\/tvtecjundiai.com.br\/news\/wp-content\/uploads\/sites\/2\/2023\/05\/exposicao-holocausto-formacao-de-professores-rede-estadual_fm_-44-3-1280x854-1-768x512.jpg 768w, https:\/\/tvtecjundiai.com.br\/news\/wp-content\/uploads\/sites\/2\/2023\/05\/exposicao-holocausto-formacao-de-professores-rede-estadual_fm_-44-3-1280x854-1.jpg 1280w\" sizes=\"auto, (max-width: 1200px) 100vw, 1200px\" \/><figcaption class=\"wp-element-caption\">Entre todos os aspectos da exposi\u00e7\u00e3o que chamaram a aten\u00e7\u00e3o de Abner, a se\u00e7\u00e3o sobre as crian\u00e7as teve um impacto especial<\/figcaption><\/figure>\n<\/div>\n\n\n<p><strong>Exposi\u00e7\u00e3o<\/strong><br>A exposi\u00e7\u00e3o fica em cartaz at\u00e9 o dia 06 de agosto, com entrada gratuita e faixa et\u00e1ria indicada para maiores de 12 anos. Crian\u00e7as menores dessa idade poder\u00e3o fazer a visita somente se acompanhadas de adultos respons\u00e1veis.<\/p>\n\n\n\n<p>O Museu fica na rua Bar\u00e3o de Jundia\u00ed, 762 \u2013 Centro, e fica aberto diariamente, com entrada gratuita, das 10h \u00e0s 17h. Mais informa\u00e7\u00f5es pelo telefone (11) 4521-6259.<\/p>\n\n\n\n<p><strong><em>Fonte \/ Imagem: Prefeitura de Jundia\u00ed<\/em><\/strong><\/p>\n","protected":false},"excerpt":{"rendered":"<p>N\u00famero expressivo de visitantes foi atingido em apenas duas semanas de exposi\u00e7\u00e3o<\/p>\n","protected":false},"author":30,"featured_media":109757,"comment_status":"closed","ping_status":"0","sticky":false,"template":"","format":"standard","meta":{"footnotes":""},"categories":[8356,1],"tags":[],"class_list":["post-109754","post","type-post","status-publish","format-standard","has-post-thumbnail","hentry","category-jundiai","category-noticias"],"_links":{"self":[{"href":"https:\/\/tvtecjundiai.com.br\/news\/wp-json\/wp\/v2\/posts\/109754","targetHints":{"allow":["GET"]}}],"collection":[{"href":"https:\/\/tvtecjundiai.com.br\/news\/wp-json\/wp\/v2\/posts"}],"about":[{"href":"https:\/\/tvtecjundiai.com.br\/news\/wp-json\/wp\/v2\/types\/post"}],"author":[{"embeddable":true,"href":"https:\/\/tvtecjundiai.com.br\/news\/wp-json\/wp\/v2\/users\/30"}],"replies":[{"embeddable":true,"href":"https:\/\/tvtecjundiai.com.br\/news\/wp-json\/wp\/v2\/comments?post=109754"}],"version-history":[{"count":2,"href":"https:\/\/tvtecjundiai.com.br\/news\/wp-json\/wp\/v2\/posts\/109754\/revisions"}],"predecessor-version":[{"id":109760,"href":"https:\/\/tvtecjundiai.com.br\/news\/wp-json\/wp\/v2\/posts\/109754\/revisions\/109760"}],"wp:featuredmedia":[{"embeddable":true,"href":"https:\/\/tvtecjundiai.com.br\/news\/wp-json\/wp\/v2\/media\/109757"}],"wp:attachment":[{"href":"https:\/\/tvtecjundiai.com.br\/news\/wp-json\/wp\/v2\/media?parent=109754"}],"wp:term":[{"taxonomy":"category","embeddable":true,"href":"https:\/\/tvtecjundiai.com.br\/news\/wp-json\/wp\/v2\/categories?post=109754"},{"taxonomy":"post_tag","embeddable":true,"href":"https:\/\/tvtecjundiai.com.br\/news\/wp-json\/wp\/v2\/tags?post=109754"}],"curies":[{"name":"wp","href":"https:\/\/api.w.org\/{rel}","templated":true}]}}