{"id":109777,"date":"2023-05-26T09:25:09","date_gmt":"2023-05-26T12:25:09","guid":{"rendered":"https:\/\/tvtecjundiai.com.br\/news\/?p=109777"},"modified":"2023-05-26T09:25:15","modified_gmt":"2023-05-26T12:25:15","slug":"governo-e-financas-apresenta-metas-fiscais-em-audiencia-publica-2","status":"publish","type":"post","link":"https:\/\/tvtecjundiai.com.br\/news\/2023\/05\/26\/governo-e-financas-apresenta-metas-fiscais-em-audiencia-publica-2\/","title":{"rendered":"Governo e Finan\u00e7as apresenta metas fiscais em audi\u00eancia p\u00fablica"},"content":{"rendered":"\n<p>A Unidade de Gest\u00e3o de Governo e Finan\u00e7as (UGGF) apresenta, no dia 29 de maio, as metas fiscais referentes aos quatro primeiros meses de 2023, em audi\u00eancia p\u00fablica na C\u00e2mara Municipal. O evento acontece a partir das 9h e ser\u00e1 aberto ao p\u00fablico. Tamb\u00e9m haver\u00e1 transmiss\u00e3o ao vivo pela TV C\u00e2mara (12.2 UHF e 4 NET\/Claro) e pelos canais do Facebook e YouTube da C\u00e2mara Municipal.<\/p>\n\n\n\n<p>\u201cSeguindo as diretrizes de transpar\u00eancia que norteiam a administra\u00e7\u00e3o municipal, realizaremos nova audi\u00eancia p\u00fablica para prestar contas \u00e0 popula\u00e7\u00e3o, avaliando o cumprimento das metas estabelecidas no primeiro quadrimestre\u201d, afirma o Diretor do Departamento de Or\u00e7amento, Luiz Fernando Boscolo.<\/p>\n\n\n\n<p>Ao final da apresenta\u00e7\u00e3o, os vereadores e mun\u00edcipes presentes ter\u00e3o espa\u00e7o para realizar questionamentos. As perguntas tamb\u00e9m poder\u00e3o ser encaminhadas pelas redes sociais.<\/p>\n\n\n\n<figure class=\"wp-block-image\"><img decoding=\"async\" src=\"https:\/\/jundiai.sp.gov.br\/noticias\/wp-content\/uploads\/sites\/32\/2023\/05\/audiencia-publica-ldo-2024_fm_-95-1280x854.jpg\" alt=\"\" class=\"wp-image-318165\" \/><figcaption class=\"wp-element-caption\">Diretor de Or\u00e7amento, Luiz Fernando Boscolo, ser\u00e1 um dos respons\u00e1veis pela condu\u00e7\u00e3o da audi\u00eancia<\/figcaption><\/figure>\n\n\n\n<p><\/p>\n\n\n\n<p>Fonte \/ Imagem: Prefeitura de Jundia\u00ed <\/p>\n","protected":false},"excerpt":{"rendered":"<p>Diretor de Or\u00e7amento, Luiz Fernando Boscolo, ser\u00e1 um dos respons\u00e1veis pela condu\u00e7\u00e3o da audi\u00eancia<\/p>\n","protected":false},"author":24,"featured_media":109780,"comment_status":"closed","ping_status":"0","sticky":false,"template":"","format":"standard","meta":{"footnotes":""},"categories":[8411],"tags":[],"class_list":["post-109777","post","type-post","status-publish","format-standard","has-post-thumbnail","hentry","category-governo-e-financas"],"_links":{"self":[{"href":"https:\/\/tvtecjundiai.com.br\/news\/wp-json\/wp\/v2\/posts\/109777","targetHints":{"allow":["GET"]}}],"collection":[{"href":"https:\/\/tvtecjundiai.com.br\/news\/wp-json\/wp\/v2\/posts"}],"about":[{"href":"https:\/\/tvtecjundiai.com.br\/news\/wp-json\/wp\/v2\/types\/post"}],"author":[{"embeddable":true,"href":"https:\/\/tvtecjundiai.com.br\/news\/wp-json\/wp\/v2\/users\/24"}],"replies":[{"embeddable":true,"href":"https:\/\/tvtecjundiai.com.br\/news\/wp-json\/wp\/v2\/comments?post=109777"}],"version-history":[{"count":1,"href":"https:\/\/tvtecjundiai.com.br\/news\/wp-json\/wp\/v2\/posts\/109777\/revisions"}],"predecessor-version":[{"id":109781,"href":"https:\/\/tvtecjundiai.com.br\/news\/wp-json\/wp\/v2\/posts\/109777\/revisions\/109781"}],"wp:featuredmedia":[{"embeddable":true,"href":"https:\/\/tvtecjundiai.com.br\/news\/wp-json\/wp\/v2\/media\/109780"}],"wp:attachment":[{"href":"https:\/\/tvtecjundiai.com.br\/news\/wp-json\/wp\/v2\/media?parent=109777"}],"wp:term":[{"taxonomy":"category","embeddable":true,"href":"https:\/\/tvtecjundiai.com.br\/news\/wp-json\/wp\/v2\/categories?post=109777"},{"taxonomy":"post_tag","embeddable":true,"href":"https:\/\/tvtecjundiai.com.br\/news\/wp-json\/wp\/v2\/tags?post=109777"}],"curies":[{"name":"wp","href":"https:\/\/api.w.org\/{rel}","templated":true}]}}