{"id":109783,"date":"2023-05-26T09:26:55","date_gmt":"2023-05-26T12:26:55","guid":{"rendered":"https:\/\/tvtecjundiai.com.br\/news\/?p=109783"},"modified":"2023-05-26T09:28:01","modified_gmt":"2023-05-26T12:28:01","slug":"jundiai-e-homenageada-pelo-sesi-sp-por-parceria-para-formacao-de-atletas","status":"publish","type":"post","link":"https:\/\/tvtecjundiai.com.br\/news\/2023\/05\/26\/jundiai-e-homenageada-pelo-sesi-sp-por-parceria-para-formacao-de-atletas\/","title":{"rendered":"Jundia\u00ed \u00e9 homenageada pelo Sesi-SP por parceria para forma\u00e7\u00e3o de atletas"},"content":{"rendered":"\n<p>A Prefeitura de Jundia\u00ed foi homenageada durante o 2\u00ba Encontro Estadual dos Munic\u00edpios Parceiros do SESI Atleta do Futuro, nesta semana, em S\u00e3o Paulo. A cidade tem conv\u00eanio com a institui\u00e7\u00e3o desde 2010 para o desenvolvimento de modalidades esportivas como basquete, v\u00f4lei e handebol, al\u00e9m da parceria com o alto rendimento na modalidade do Polo Aqu\u00e1tico, com o time SESI-JUNDIA\u00cd.<br><br>O prefeito Luiz Fernando Machado foi representado pelo gestor de Esporte e Lazer, Luiz Cl\u00e1udio Tarallo. Tamb\u00e9m estiveram presentes o gestor adjunto da UGEL, Marcelo Nitsch.<\/p>\n\n\n\n<figure class=\"wp-block-image\"><img decoding=\"async\" src=\"https:\/\/jundiai.sp.gov.br\/noticias\/wp-content\/uploads\/sites\/32\/2023\/05\/encontro-sesi-1275x960.jpg\" alt=\"\" class=\"wp-image-318149\" \/><figcaption class=\"wp-element-caption\">O evento reuniu representantes de cidades que desenvolvem o PAF<\/figcaption><\/figure>\n\n\n\n<p>\u201cDentre de aproximadamente 170 munic\u00edpios que fazem parceria com o Sesi, Jundia\u00ed tem um importante papel no desenvolvimento do PAF (Programa Atleta do Futuro), com diversas modalidades e com o P\u00f3lo. Estamos muito felizes com esse conv\u00eanio e sempre \u00e0 disposi\u00e7\u00e3o para intensificar mais essa parceria, fomentando ainda mais o esporte em nossa cidade\u201d, destacou o gestor.<br><br>O evento tamb\u00e9m foi marcado por forma\u00e7\u00f5es, workshop e palestras com grandes nomes do esporte.<\/p>\n\n\n\n<p><\/p>\n\n\n\n<p>Fonte \/ Imagem: Prefeitura de Jundia\u00ed <\/p>\n","protected":false},"excerpt":{"rendered":"<p>O evento reuniu representantes de cidades que desenvolvem o PAF<\/p>\n","protected":false},"author":24,"featured_media":109785,"comment_status":"closed","ping_status":"0","sticky":false,"template":"","format":"standard","meta":{"footnotes":""},"categories":[2827,1],"tags":[],"class_list":["post-109783","post","type-post","status-publish","format-standard","has-post-thumbnail","hentry","category-esportes-e-lazer","category-noticias"],"_links":{"self":[{"href":"https:\/\/tvtecjundiai.com.br\/news\/wp-json\/wp\/v2\/posts\/109783","targetHints":{"allow":["GET"]}}],"collection":[{"href":"https:\/\/tvtecjundiai.com.br\/news\/wp-json\/wp\/v2\/posts"}],"about":[{"href":"https:\/\/tvtecjundiai.com.br\/news\/wp-json\/wp\/v2\/types\/post"}],"author":[{"embeddable":true,"href":"https:\/\/tvtecjundiai.com.br\/news\/wp-json\/wp\/v2\/users\/24"}],"replies":[{"embeddable":true,"href":"https:\/\/tvtecjundiai.com.br\/news\/wp-json\/wp\/v2\/comments?post=109783"}],"version-history":[{"count":2,"href":"https:\/\/tvtecjundiai.com.br\/news\/wp-json\/wp\/v2\/posts\/109783\/revisions"}],"predecessor-version":[{"id":109786,"href":"https:\/\/tvtecjundiai.com.br\/news\/wp-json\/wp\/v2\/posts\/109783\/revisions\/109786"}],"wp:featuredmedia":[{"embeddable":true,"href":"https:\/\/tvtecjundiai.com.br\/news\/wp-json\/wp\/v2\/media\/109785"}],"wp:attachment":[{"href":"https:\/\/tvtecjundiai.com.br\/news\/wp-json\/wp\/v2\/media?parent=109783"}],"wp:term":[{"taxonomy":"category","embeddable":true,"href":"https:\/\/tvtecjundiai.com.br\/news\/wp-json\/wp\/v2\/categories?post=109783"},{"taxonomy":"post_tag","embeddable":true,"href":"https:\/\/tvtecjundiai.com.br\/news\/wp-json\/wp\/v2\/tags?post=109783"}],"curies":[{"name":"wp","href":"https:\/\/api.w.org\/{rel}","templated":true}]}}