{"id":10980,"date":"2018-05-24T10:52:50","date_gmt":"2018-05-24T13:52:50","guid":{"rendered":"https:\/\/tvtecjundiai.com.br\/news\/?p=10980"},"modified":"2018-05-24T10:53:47","modified_gmt":"2018-05-24T13:53:47","slug":"camara-aprova-lei-que-isenta-diesel-de-pis-cofins-ate-fim-de-2018","status":"publish","type":"post","link":"https:\/\/tvtecjundiai.com.br\/news\/2018\/05\/24\/camara-aprova-lei-que-isenta-diesel-de-pis-cofins-ate-fim-de-2018\/","title":{"rendered":"C\u00e2mara aprova lei que isenta diesel de PIS-Cofins at\u00e9 fim de 2018"},"content":{"rendered":"<div id=\"attachment_10981\" style=\"width: 460px\" class=\"wp-caption alignright\"><a href=\"https:\/\/tvtecjundiai.com.br\/news\/wp-content\/uploads\/sites\/2\/2018\/05\/aaaa.png\"><img loading=\"lazy\" decoding=\"async\" aria-describedby=\"caption-attachment-10981\" class=\"wp-image-10981\" src=\"https:\/\/tvtecjundiai.com.br\/news\/wp-content\/uploads\/sites\/2\/2018\/05\/aaaa-300x168.png\" alt=\"\" width=\"450\" height=\"252\" srcset=\"https:\/\/tvtecjundiai.com.br\/news\/wp-content\/uploads\/sites\/2\/2018\/05\/aaaa-300x168.png 300w, https:\/\/tvtecjundiai.com.br\/news\/wp-content\/uploads\/sites\/2\/2018\/05\/aaaa.png 644w\" sizes=\"auto, (max-width: 450px) 100vw, 450px\" \/><\/a><p id=\"caption-attachment-10981\" class=\"wp-caption-text\">A inclus\u00e3o no projeto da reonera\u00e7\u00e3o da ren\u00fancia ao PIS-Cofins foi articulada pelo presidente da C\u00e2mara, deputado Rodrigo Maia (DEM-RJ)<\/p><\/div>\n<p>A C\u00e2mara dos Deputados aprovou na noite da \u00faltima quarta-feira (23), em vota\u00e7\u00e3o simb\u00f3lica, o projeto que elimina a cobran\u00e7a de PIS-Cofins sobre o diesel at\u00e9 o fim de 2018. Todos os destaques (propostas de altera\u00e7\u00e3o do texto) foram rejeitados. A proposta ainda precisa ser analisada pelo Senado antes de seguir para a san\u00e7\u00e3o presidencial.<\/p>\n<p>Inclu\u00edda no projeto que reonera a folha de pagamento das empresas de 28 setores da economia, a medida foi aprovada para tentar conter a paralisa\u00e7\u00e3o de caminhoneiros ap\u00f3s v\u00e1rias reuni\u00f5es de representantes do governo com a categoria.<\/p>\n<p>Nos \u00faltimos dias, caminhoneiros t\u00eam bloqueado rodovias em todo o pa\u00eds em protesto contra os sucessivos aumentos no pre\u00e7o do diesel, motivados pela pol\u00edtica de pre\u00e7os da Petrobras, que determina o valor da venda dos combust\u00edveis aos distribuidores com base na oscila\u00e7\u00e3o do pre\u00e7o do petr\u00f3leo no mercado internacional e na varia\u00e7\u00e3o do d\u00f3lar.<\/p>\n<p>A Petrobras j\u00e1 informou que n\u00e3o mudar\u00e1 a pol\u00edtica de reajustes mas, na noite desta quarta, anunciou uma redu\u00e7\u00e3o de 10% por 15 dias no pre\u00e7o do diesel vendido pelas refinarias como um &#8220;gesto de boa vontade&#8221; para dar solu\u00e7\u00e3o \u00e0 crise motivada pelo movimento dos caminhoneiros.<\/p>\n<p>A inclus\u00e3o no projeto da reonera\u00e7\u00e3o da ren\u00fancia ao PIS-Cofins foi articulada pelo presidente da C\u00e2mara, deputado Rodrigo Maia (DEM-RJ). A iniciativa de Maia contrariou o governo, que pretendia retirar da composi\u00e7\u00e3o de pre\u00e7o do diesel somente a parcela referente \u00e0 Contribui\u00e7\u00e3o de Interven\u00e7\u00e3o no Dom\u00ednio Econ\u00f4mico (Cide).<\/p>\n<p><em>Fonte: G1<\/em><\/p>\n","protected":false},"excerpt":{"rendered":"<p>Medida foi aprovada para tentar conter a paralisa\u00e7\u00e3o de caminhoneiros<\/p>\n","protected":false},"author":10,"featured_media":10981,"comment_status":"closed","ping_status":"closed","sticky":false,"template":"","format":"standard","meta":{"footnotes":""},"categories":[2829],"tags":[1903,3271,2274,3270,5,3272,15],"class_list":["post-10980","post","type-post","status-publish","format-standard","has-post-thumbnail","hentry","category-economia","tag-brasil","tag-camara-dos-deputados","tag-combustivel","tag-greve-dos-caminhoneiros","tag-jundiai","tag-pis-cofins","tag-tvtec"],"_links":{"self":[{"href":"https:\/\/tvtecjundiai.com.br\/news\/wp-json\/wp\/v2\/posts\/10980","targetHints":{"allow":["GET"]}}],"collection":[{"href":"https:\/\/tvtecjundiai.com.br\/news\/wp-json\/wp\/v2\/posts"}],"about":[{"href":"https:\/\/tvtecjundiai.com.br\/news\/wp-json\/wp\/v2\/types\/post"}],"author":[{"embeddable":true,"href":"https:\/\/tvtecjundiai.com.br\/news\/wp-json\/wp\/v2\/users\/10"}],"replies":[{"embeddable":true,"href":"https:\/\/tvtecjundiai.com.br\/news\/wp-json\/wp\/v2\/comments?post=10980"}],"version-history":[{"count":2,"href":"https:\/\/tvtecjundiai.com.br\/news\/wp-json\/wp\/v2\/posts\/10980\/revisions"}],"predecessor-version":[{"id":10983,"href":"https:\/\/tvtecjundiai.com.br\/news\/wp-json\/wp\/v2\/posts\/10980\/revisions\/10983"}],"wp:featuredmedia":[{"embeddable":true,"href":"https:\/\/tvtecjundiai.com.br\/news\/wp-json\/wp\/v2\/media\/10981"}],"wp:attachment":[{"href":"https:\/\/tvtecjundiai.com.br\/news\/wp-json\/wp\/v2\/media?parent=10980"}],"wp:term":[{"taxonomy":"category","embeddable":true,"href":"https:\/\/tvtecjundiai.com.br\/news\/wp-json\/wp\/v2\/categories?post=10980"},{"taxonomy":"post_tag","embeddable":true,"href":"https:\/\/tvtecjundiai.com.br\/news\/wp-json\/wp\/v2\/tags?post=10980"}],"curies":[{"name":"wp","href":"https:\/\/api.w.org\/{rel}","templated":true}]}}