{"id":109808,"date":"2023-05-26T11:55:41","date_gmt":"2023-05-26T14:55:41","guid":{"rendered":"https:\/\/tvtecjundiai.com.br\/news\/?p=109808"},"modified":"2023-05-26T11:55:52","modified_gmt":"2023-05-26T14:55:52","slug":"teatro-polytheama-recebe-tributo-a-michael-jackson-no-domingo-28","status":"publish","type":"post","link":"https:\/\/tvtecjundiai.com.br\/news\/2023\/05\/26\/teatro-polytheama-recebe-tributo-a-michael-jackson-no-domingo-28\/","title":{"rendered":"Teatro Polytheama recebe tributo a Michael Jackson no domingo (28)"},"content":{"rendered":"\n<p>O show \u201cTributo ao Rei do Pop\u201d ganha o palco do Teatro Polytheama neste domingo (28), das 20h \u00e0s 21h. A produ\u00e7\u00e3o conta com grandes cl\u00e1ssicos de Michael Jackson como Billie Jean, Thriller, Beat it, Smooth Criminal, Black or White e outras m\u00fasicas interpretadas ao vivo, na voz do cantor, compositor e dan\u00e7arino Rodrigo Teaser. Os ingressos para plateia, frisa e camarotes est\u00e3o esgotados, mas ainda \u00e9 poss\u00edvel adquirir entradas para arquibancada pela plataforma Sympla ou bilheteria do Teatro Polytheama, que custam entre R$ 50 a meia-entrada e R$ 100 a inteira.<\/p>\n\n\n<div class=\"wp-block-image\">\n<figure class=\"aligncenter size-full is-resized\"><img loading=\"lazy\" decoding=\"async\" src=\"https:\/\/tvtecjundiai.com.br\/news\/wp-content\/uploads\/sites\/2\/2023\/05\/rodrigo-teaser-michael-jackson.jpg\" alt=\"\" class=\"wp-image-109809\" width=\"675\" height=\"443\" srcset=\"https:\/\/tvtecjundiai.com.br\/news\/wp-content\/uploads\/sites\/2\/2023\/05\/rodrigo-teaser-michael-jackson.jpg 821w, https:\/\/tvtecjundiai.com.br\/news\/wp-content\/uploads\/sites\/2\/2023\/05\/rodrigo-teaser-michael-jackson-300x197.jpg 300w, https:\/\/tvtecjundiai.com.br\/news\/wp-content\/uploads\/sites\/2\/2023\/05\/rodrigo-teaser-michael-jackson-768x504.jpg 768w\" sizes=\"auto, (max-width: 675px) 100vw, 675px\" \/><figcaption class=\"wp-element-caption\">Foto: Divulga\u00e7\u00e3o\/Rodrigo Teaser<\/figcaption><\/figure>\n<\/div>\n\n\n<p><\/p>\n\n\n\n<p>Rodrigo Teaser \u00e9 um dos respons\u00e1veis por manter Michael Jackson vivo nos cora\u00e7\u00f5es dos f\u00e3s. Seu talento o levou at\u00e9 Lavelle Smith, bailarino e core\u00f3grafo do pr\u00f3prio Michael Jackson por anos. Os artistas partilham seus talentos juntos e Lavelle \u00e9 quem dirige Rodrigo no show &#8220;Tributo ao Rei do Pop&#8221;.<\/p>\n\n\n\n<p>O cantor e dan\u00e7arino j\u00e1 se apresentou no Rock in Rio duas vezes na mesma edi\u00e7\u00e3o. Tamb\u00e9m foi o \u00fanico brasileiro a participar do Festival DNY Mesta Kladna da Rep\u00fablica Tcheca e se apresentou para um p\u00fablico de cerca de 15 mil pessoas. Rodrigo Teaser j\u00e1 lotou casas de shows no Brasil e exterior e se apresentou ao lado de artistas como Ivete Sangalo, Seu Jorge e Claudia Leitte. <\/p>\n\n\n\n<p><em><strong>(Fonte: Assessoria Rodrigo Tease\/Imagem: Divulga\u00e7\u00e3o\/Rodrigo Teaser)<\/strong><\/em><\/p>\n","protected":false},"excerpt":{"rendered":"<p>O show conta com grandes cl\u00e1ssicos do Rei do Pop<\/p>\n","protected":false},"author":30,"featured_media":109809,"comment_status":"closed","ping_status":"0","sticky":false,"template":"","format":"standard","meta":{"footnotes":""},"categories":[2833,8356,1],"tags":[],"class_list":["post-109808","post","type-post","status-publish","format-standard","has-post-thumbnail","hentry","category-cultura","category-jundiai","category-noticias"],"_links":{"self":[{"href":"https:\/\/tvtecjundiai.com.br\/news\/wp-json\/wp\/v2\/posts\/109808","targetHints":{"allow":["GET"]}}],"collection":[{"href":"https:\/\/tvtecjundiai.com.br\/news\/wp-json\/wp\/v2\/posts"}],"about":[{"href":"https:\/\/tvtecjundiai.com.br\/news\/wp-json\/wp\/v2\/types\/post"}],"author":[{"embeddable":true,"href":"https:\/\/tvtecjundiai.com.br\/news\/wp-json\/wp\/v2\/users\/30"}],"replies":[{"embeddable":true,"href":"https:\/\/tvtecjundiai.com.br\/news\/wp-json\/wp\/v2\/comments?post=109808"}],"version-history":[{"count":2,"href":"https:\/\/tvtecjundiai.com.br\/news\/wp-json\/wp\/v2\/posts\/109808\/revisions"}],"predecessor-version":[{"id":109811,"href":"https:\/\/tvtecjundiai.com.br\/news\/wp-json\/wp\/v2\/posts\/109808\/revisions\/109811"}],"wp:featuredmedia":[{"embeddable":true,"href":"https:\/\/tvtecjundiai.com.br\/news\/wp-json\/wp\/v2\/media\/109809"}],"wp:attachment":[{"href":"https:\/\/tvtecjundiai.com.br\/news\/wp-json\/wp\/v2\/media?parent=109808"}],"wp:term":[{"taxonomy":"category","embeddable":true,"href":"https:\/\/tvtecjundiai.com.br\/news\/wp-json\/wp\/v2\/categories?post=109808"},{"taxonomy":"post_tag","embeddable":true,"href":"https:\/\/tvtecjundiai.com.br\/news\/wp-json\/wp\/v2\/tags?post=109808"}],"curies":[{"name":"wp","href":"https:\/\/api.w.org\/{rel}","templated":true}]}}