{"id":109813,"date":"2023-05-26T15:05:19","date_gmt":"2023-05-26T18:05:19","guid":{"rendered":"https:\/\/tvtecjundiai.com.br\/news\/?p=109813"},"modified":"2023-05-26T15:05:24","modified_gmt":"2023-05-26T18:05:24","slug":"curso-de-barbeiro-do-funss-esta-com-pre-inscricao-aberta","status":"publish","type":"post","link":"https:\/\/tvtecjundiai.com.br\/news\/2023\/05\/26\/curso-de-barbeiro-do-funss-esta-com-pre-inscricao-aberta\/","title":{"rendered":"Curso de Barbeiro do Funss est\u00e1 com pr\u00e9-inscri\u00e7\u00e3o aberta"},"content":{"rendered":"\n<p>Est\u00e1 dispon\u00edvel, nesta sexta-feira (26), a pr\u00e9-inscri\u00e7\u00e3o para o curso de Barbeiro do Fundo Social de Solidariedade de Jundia\u00ed (Funss). Os interessados em participar j\u00e1 podem acessar o&nbsp;<em>link<\/em>&nbsp;da turma e preencher o Formul\u00e1rio Google.<\/p>\n\n\n\n<p>No entanto, o Fundo Social refor\u00e7a que o envio do formul\u00e1rio \u00e9 considerado como inten\u00e7\u00e3o de participa\u00e7\u00e3o e, por isso, n\u00e3o garante o preenchimento da vaga. O crit\u00e9rio de sele\u00e7\u00e3o e forma\u00e7\u00e3o das turmas \u00e9 a ordem de envio destas informa\u00e7\u00f5es, que considera hora, minuto e segundo. A capacita\u00e7\u00e3o \u00e9 voltada para homens e mulheres, com idade m\u00ednima de 16 anos, que tenham o Ensino Fundamental completo e que residam em Jundia\u00ed. Confira o cronograma:<strong>&nbsp;<\/strong><\/p>\n\n\n\n<p><strong>Curso de Barbeiro<\/strong><\/p>\n\n\n\n<p>Idade m\u00ednima: 16 anos<\/p>\n\n\n\n<p>Vagas: 20<\/p>\n\n\n\n<p>Datas: 05\/06 a 26\/06<\/p>\n\n\n\n<p>Aulas de 2\u00aa, 3\u00aa, 4\u00aa e 5\u00aa feira<\/p>\n\n\n\n<p>12 aulas<\/p>\n\n\n\n<p>Hor\u00e1rio: 13h \u00e0s 17h<\/p>\n\n\n\n<p>Local: Fundo Social de Solidariedade \u2013 Av. Dona Manoela Lacerda de Vergueiro, s\/n \u2013 Port\u00e3o 3 \u2013 Anexo ao Parque da Uva \u2013 Bairro Anhangaba\u00fa<\/p>\n\n\n\n<p><strong>Link para inscri\u00e7\u00e3o:&nbsp;<a href=\"https:\/\/forms.gle\/QFKsYkSfEFoHnC3g9\" target=\"_blank\" rel=\"noreferrer noopener\">https:\/\/forms.gle\/QFKsYkSfEFoHnC3g9<\/a><\/strong><\/p>\n\n\n\n<p><strong>Contemplados<\/strong><\/p>\n\n\n\n<p>Os nomes dos selecionados ser\u00e3o divulgados no site da Prefeitura de Jundia\u00ed e os contemplados receber\u00e3o uma mensagem de WhatsApp para confirma\u00e7\u00e3o da matr\u00edcula. Se o contemplado n\u00e3o responder \u00e0 mensagem em 24horas, ter\u00e1 sua pr\u00e9-inscri\u00e7\u00e3o cancelada. As fichas n\u00e3o contempladas est\u00e3o, automaticamente, na lista de espera e poder\u00e3o ser convocadas somente em caso de desist\u00eancia at\u00e9 o segundo dia do curso.<\/p>\n\n\n\n<p>As aulas do curso de Barbeiro ser\u00e3o na sede do Fundo Social, cujo endere\u00e7o \u00e9 o Parque da Uva. O acesso \u00e9 pela avenida Dona Manoela Lacerda de Vergueiro, s\/n, port\u00e3o 03, bairro Anhangaba\u00fa. O funcionamento da unidade \u00e9 de segunda a sexta-feira, das 8h \u00e0s 17h, exceto feriados. Informa\u00e7\u00f5es pelos telefones (11) 4589-6319 e 4589-6320.<\/p>\n\n\n\n<p><\/p>\n\n\n\n<p>Fonte \/ Imagem: Prefeitura de Jundia\u00ed<\/p>\n","protected":false},"excerpt":{"rendered":"<p>Os nomes dos selecionados ser\u00e3o divulgados no site da Prefeitura de Jundia\u00ed <\/p>\n","protected":false},"author":24,"featured_media":109823,"comment_status":"closed","ping_status":"0","sticky":false,"template":"","format":"standard","meta":{"footnotes":""},"categories":[8409],"tags":[],"class_list":["post-109813","post","type-post","status-publish","format-standard","has-post-thumbnail","hentry","category-funss"],"_links":{"self":[{"href":"https:\/\/tvtecjundiai.com.br\/news\/wp-json\/wp\/v2\/posts\/109813","targetHints":{"allow":["GET"]}}],"collection":[{"href":"https:\/\/tvtecjundiai.com.br\/news\/wp-json\/wp\/v2\/posts"}],"about":[{"href":"https:\/\/tvtecjundiai.com.br\/news\/wp-json\/wp\/v2\/types\/post"}],"author":[{"embeddable":true,"href":"https:\/\/tvtecjundiai.com.br\/news\/wp-json\/wp\/v2\/users\/24"}],"replies":[{"embeddable":true,"href":"https:\/\/tvtecjundiai.com.br\/news\/wp-json\/wp\/v2\/comments?post=109813"}],"version-history":[{"count":1,"href":"https:\/\/tvtecjundiai.com.br\/news\/wp-json\/wp\/v2\/posts\/109813\/revisions"}],"predecessor-version":[{"id":109824,"href":"https:\/\/tvtecjundiai.com.br\/news\/wp-json\/wp\/v2\/posts\/109813\/revisions\/109824"}],"wp:featuredmedia":[{"embeddable":true,"href":"https:\/\/tvtecjundiai.com.br\/news\/wp-json\/wp\/v2\/media\/109823"}],"wp:attachment":[{"href":"https:\/\/tvtecjundiai.com.br\/news\/wp-json\/wp\/v2\/media?parent=109813"}],"wp:term":[{"taxonomy":"category","embeddable":true,"href":"https:\/\/tvtecjundiai.com.br\/news\/wp-json\/wp\/v2\/categories?post=109813"},{"taxonomy":"post_tag","embeddable":true,"href":"https:\/\/tvtecjundiai.com.br\/news\/wp-json\/wp\/v2\/tags?post=109813"}],"curies":[{"name":"wp","href":"https:\/\/api.w.org\/{rel}","templated":true}]}}