{"id":109817,"date":"2023-05-26T15:02:21","date_gmt":"2023-05-26T18:02:21","guid":{"rendered":"https:\/\/tvtecjundiai.com.br\/news\/?p=109817"},"modified":"2023-05-26T15:02:23","modified_gmt":"2023-05-26T18:02:23","slug":"inscricoes-para-o-programa-de-aquisicao-de-alimentos-paa-terminam-na-segunda-29","status":"publish","type":"post","link":"https:\/\/tvtecjundiai.com.br\/news\/2023\/05\/26\/inscricoes-para-o-programa-de-aquisicao-de-alimentos-paa-terminam-na-segunda-29\/","title":{"rendered":"Inscri\u00e7\u00f5es para o Programa de Aquisi\u00e7\u00e3o de Alimentos (PAA) terminam na segunda (29)"},"content":{"rendered":"\n<p>O&nbsp;<a href=\"https:\/\/abastecimento.jundiai.sp.gov.br\/programa-de-aquisicao-de-alimentos-paa\/\" target=\"_blank\" rel=\"noreferrer noopener\">Programa de Aquisi\u00e7\u00e3o de Alimentos (PAA)<\/a>, do Minist\u00e9rio do Desenvolvimento e Assist\u00eancia Social, Fam\u00edlia e Combate \u00e0 Fome, e em parceria com a Prefeitura de Jundia\u00ed, est\u00e1 com inscri\u00e7\u00f5es abertas para pequenos produtores rurais at\u00e9 a pr\u00f3xima segunda-feira (29).<\/p>\n\n\n\n<p>O programa compra alimentos produzidos por agricultores familiares, com dispensa de licita\u00e7\u00e3o, e os destina \u00e0s pessoas em situa\u00e7\u00e3o de inseguran\u00e7a alimentar e nutricional e \u00e0quelas atendidas pela rede socioassistencial do munic\u00edpio.<\/p>\n\n\n<div class=\"wp-block-image\">\n<figure class=\"aligncenter size-large is-resized\"><img loading=\"lazy\" decoding=\"async\" src=\"https:\/\/tvtecjundiai.com.br\/news\/wp-content\/uploads\/sites\/2\/2023\/05\/anderson_alex_tomasetto_sitio_seraozinho_traviu-7-1280x853-1-1200x800.jpg\" alt=\"\" class=\"wp-image-109818\" width=\"840\" height=\"560\" srcset=\"https:\/\/tvtecjundiai.com.br\/news\/wp-content\/uploads\/sites\/2\/2023\/05\/anderson_alex_tomasetto_sitio_seraozinho_traviu-7-1280x853-1-1200x800.jpg 1200w, https:\/\/tvtecjundiai.com.br\/news\/wp-content\/uploads\/sites\/2\/2023\/05\/anderson_alex_tomasetto_sitio_seraozinho_traviu-7-1280x853-1-300x200.jpg 300w, https:\/\/tvtecjundiai.com.br\/news\/wp-content\/uploads\/sites\/2\/2023\/05\/anderson_alex_tomasetto_sitio_seraozinho_traviu-7-1280x853-1-768x512.jpg 768w, https:\/\/tvtecjundiai.com.br\/news\/wp-content\/uploads\/sites\/2\/2023\/05\/anderson_alex_tomasetto_sitio_seraozinho_traviu-7-1280x853-1.jpg 1280w\" sizes=\"auto, (max-width: 840px) 100vw, 840px\" \/><figcaption class=\"wp-element-caption\">Podem se inscrever produtores de Uva Niagara, Caqui, Alface, Abobrinha, Quiabo e Chic\u00f3ria<\/figcaption><\/figure>\n<\/div>\n\n\n<p>Podem se inscrever produtores de Uva Niagara, Caqui, Alface, Abobrinha, Quiabo e Chic\u00f3ria, que poder\u00e3o vender at\u00e9 R$ 15 mil \u00e0 Prefeitura.<\/p>\n\n\n\n<p>As inscri\u00e7\u00f5es devem ser realizadas presencialmente na Unidade de Agroneg\u00f3cio, Abastecimento e Turismo (UGAAT), no 5\u00ba andar do Pa\u00e7o Municipal, ou pelo e-mail: agronegocio@jundiai.sp.gov.br, conforme crit\u00e9rios previsto no&nbsp;<a href=\"https:\/\/drive.google.com\/file\/d\/1TQ2G2aSD1pFnaqFcCy_IPRwO9I7ZmQh7\/view\" target=\"_blank\" rel=\"noreferrer noopener\">Edital<\/a>.<\/p>\n\n\n\n<p>Para mais informa\u00e7\u00f5es, entre em contato por meio das seguintes op\u00e7\u00f5es: Telefones: (11) 4589-8581 ou 4589-8872. E-mail: agronegocio@jundiai.sp.gov.br<\/p>\n\n\n\n<p><em><strong>Fonte \/ Imagem: Prefeitura de Jundia\u00ed<\/strong><\/em><\/p>\n","protected":false},"excerpt":{"rendered":"<p>Podem se inscrever produtores de Uva Niagara, Caqui, Alface, Abobrinha, Quiabo e Chic\u00f3ria<\/p>\n","protected":false},"author":30,"featured_media":109818,"comment_status":"closed","ping_status":"0","sticky":false,"template":"","format":"standard","meta":{"footnotes":""},"categories":[8356,1],"tags":[],"class_list":["post-109817","post","type-post","status-publish","format-standard","has-post-thumbnail","hentry","category-jundiai","category-noticias"],"_links":{"self":[{"href":"https:\/\/tvtecjundiai.com.br\/news\/wp-json\/wp\/v2\/posts\/109817","targetHints":{"allow":["GET"]}}],"collection":[{"href":"https:\/\/tvtecjundiai.com.br\/news\/wp-json\/wp\/v2\/posts"}],"about":[{"href":"https:\/\/tvtecjundiai.com.br\/news\/wp-json\/wp\/v2\/types\/post"}],"author":[{"embeddable":true,"href":"https:\/\/tvtecjundiai.com.br\/news\/wp-json\/wp\/v2\/users\/30"}],"replies":[{"embeddable":true,"href":"https:\/\/tvtecjundiai.com.br\/news\/wp-json\/wp\/v2\/comments?post=109817"}],"version-history":[{"count":1,"href":"https:\/\/tvtecjundiai.com.br\/news\/wp-json\/wp\/v2\/posts\/109817\/revisions"}],"predecessor-version":[{"id":109819,"href":"https:\/\/tvtecjundiai.com.br\/news\/wp-json\/wp\/v2\/posts\/109817\/revisions\/109819"}],"wp:featuredmedia":[{"embeddable":true,"href":"https:\/\/tvtecjundiai.com.br\/news\/wp-json\/wp\/v2\/media\/109818"}],"wp:attachment":[{"href":"https:\/\/tvtecjundiai.com.br\/news\/wp-json\/wp\/v2\/media?parent=109817"}],"wp:term":[{"taxonomy":"category","embeddable":true,"href":"https:\/\/tvtecjundiai.com.br\/news\/wp-json\/wp\/v2\/categories?post=109817"},{"taxonomy":"post_tag","embeddable":true,"href":"https:\/\/tvtecjundiai.com.br\/news\/wp-json\/wp\/v2\/tags?post=109817"}],"curies":[{"name":"wp","href":"https:\/\/api.w.org\/{rel}","templated":true}]}}