{"id":109826,"date":"2023-05-26T15:11:37","date_gmt":"2023-05-26T18:11:37","guid":{"rendered":"https:\/\/tvtecjundiai.com.br\/news\/?p=109826"},"modified":"2023-05-26T15:11:37","modified_gmt":"2023-05-26T18:11:37","slug":"grupo-de-lian-gong-na-clinica-da-familia-ii-completa-12-anos","status":"publish","type":"post","link":"https:\/\/tvtecjundiai.com.br\/news\/2023\/05\/26\/grupo-de-lian-gong-na-clinica-da-familia-ii-completa-12-anos\/","title":{"rendered":"Grupo de Lian Gong na Cl\u00ednica da Fam\u00edlia II completa 12 anos"},"content":{"rendered":"\n<p>A Cl\u00ednica da Fam\u00edlia II no Almerinda Chaves comemorou, na \u00faltima quarta-feira (24), os 12 anos do grupo de Lian Gong, pr\u00e1tica milenar chinesa que proporciona melhoria para o corpo e a mente. A atividade \u00e9 uma das Pr\u00e1ticas Integrativas Complementares (Pics) ofertadas pela rede municipal de sa\u00fade.<\/p>\n\n\n\n<p>\u201cTemos uma bonita hist\u00f3ria e, nesses 12 anos, vimos o quanto essa atividade faz bem para os usu\u00e1rios do nosso servi\u00e7o, auxiliando na preven\u00e7\u00e3o de doen\u00e7as e na conviv\u00eancia\u201d, destacou a agente comunit\u00e1ria de sa\u00fade (ACS), Eliene Pereira, que desenvolve o grupo com a ACS, Lia Cayres.<\/p>\n\n\n<div class=\"wp-block-image\">\n<figure class=\"aligncenter size-large\"><img loading=\"lazy\" decoding=\"async\" width=\"1200\" height=\"801\" src=\"https:\/\/tvtecjundiai.com.br\/news\/wp-content\/uploads\/sites\/2\/2023\/05\/ubs_semana_brincar_m_-3-1280x854-1-1200x801.jpg\" alt=\"\" class=\"wp-image-109827\" srcset=\"https:\/\/tvtecjundiai.com.br\/news\/wp-content\/uploads\/sites\/2\/2023\/05\/ubs_semana_brincar_m_-3-1280x854-1-1200x801.jpg 1200w, https:\/\/tvtecjundiai.com.br\/news\/wp-content\/uploads\/sites\/2\/2023\/05\/ubs_semana_brincar_m_-3-1280x854-1-300x200.jpg 300w, https:\/\/tvtecjundiai.com.br\/news\/wp-content\/uploads\/sites\/2\/2023\/05\/ubs_semana_brincar_m_-3-1280x854-1-768x512.jpg 768w, https:\/\/tvtecjundiai.com.br\/news\/wp-content\/uploads\/sites\/2\/2023\/05\/ubs_semana_brincar_m_-3-1280x854-1.jpg 1280w\" sizes=\"auto, (max-width: 1200px) 100vw, 1200px\" \/><figcaption class=\"wp-element-caption\">Para marcar a data, teve festa com direito a muita dan\u00e7a e um caf\u00e9 da manh\u00e3<\/figcaption><\/figure>\n<\/div>\n\n\n<p>Veterana do grupo, a cozinheira Neusa Matos era uma das mais animadas no evento, que contou com caf\u00e9 da manh\u00e3 e muita dan\u00e7a. \u201cO grupo \u00e9 \u00f3timo. Mudou muito a minha sa\u00fade e me fez conhecer v\u00e1rias pessoas. Eu s\u00f3 falto quando tenho compromisso e n\u00e3o d\u00e1 para vir mesmo\u201d, ressaltou.<\/p>\n\n\n\n<p>A atividade ocorre as segundas, quartas e sextas-feiras, sendo aberta \u00e0 comunidade. Para participar, basta procurar o equipamento de sa\u00fade. Atualmente, cerca de 90 pessoas est\u00e3o matriculadas.<\/p>\n\n\n\n<p><strong><em>Fonte \/ Imagem: Prefeitura de Jundia\u00ed<\/em><\/strong><\/p>\n","protected":false},"excerpt":{"rendered":"<p>Para marcar a data, teve festa com direito a muita dan\u00e7a e um caf\u00e9 da manh\u00e3<\/p>\n","protected":false},"author":30,"featured_media":109827,"comment_status":"closed","ping_status":"0","sticky":false,"template":"","format":"standard","meta":{"footnotes":""},"categories":[8356,8354,1],"tags":[],"class_list":["post-109826","post","type-post","status-publish","format-standard","has-post-thumbnail","hentry","category-jundiai","category-lazer","category-noticias"],"_links":{"self":[{"href":"https:\/\/tvtecjundiai.com.br\/news\/wp-json\/wp\/v2\/posts\/109826","targetHints":{"allow":["GET"]}}],"collection":[{"href":"https:\/\/tvtecjundiai.com.br\/news\/wp-json\/wp\/v2\/posts"}],"about":[{"href":"https:\/\/tvtecjundiai.com.br\/news\/wp-json\/wp\/v2\/types\/post"}],"author":[{"embeddable":true,"href":"https:\/\/tvtecjundiai.com.br\/news\/wp-json\/wp\/v2\/users\/30"}],"replies":[{"embeddable":true,"href":"https:\/\/tvtecjundiai.com.br\/news\/wp-json\/wp\/v2\/comments?post=109826"}],"version-history":[{"count":1,"href":"https:\/\/tvtecjundiai.com.br\/news\/wp-json\/wp\/v2\/posts\/109826\/revisions"}],"predecessor-version":[{"id":109828,"href":"https:\/\/tvtecjundiai.com.br\/news\/wp-json\/wp\/v2\/posts\/109826\/revisions\/109828"}],"wp:featuredmedia":[{"embeddable":true,"href":"https:\/\/tvtecjundiai.com.br\/news\/wp-json\/wp\/v2\/media\/109827"}],"wp:attachment":[{"href":"https:\/\/tvtecjundiai.com.br\/news\/wp-json\/wp\/v2\/media?parent=109826"}],"wp:term":[{"taxonomy":"category","embeddable":true,"href":"https:\/\/tvtecjundiai.com.br\/news\/wp-json\/wp\/v2\/categories?post=109826"},{"taxonomy":"post_tag","embeddable":true,"href":"https:\/\/tvtecjundiai.com.br\/news\/wp-json\/wp\/v2\/tags?post=109826"}],"curies":[{"name":"wp","href":"https:\/\/api.w.org\/{rel}","templated":true}]}}