{"id":109840,"date":"2023-05-26T16:28:41","date_gmt":"2023-05-26T19:28:41","guid":{"rendered":"https:\/\/tvtecjundiai.com.br\/news\/?p=109840"},"modified":"2023-05-26T16:28:41","modified_gmt":"2023-05-26T19:28:41","slug":"jundiai-recebe-certificacao-abnt","status":"publish","type":"post","link":"https:\/\/tvtecjundiai.com.br\/news\/2023\/05\/26\/jundiai-recebe-certificacao-abnt\/","title":{"rendered":"Jundia\u00ed recebe certifica\u00e7\u00e3o ABNT"},"content":{"rendered":"\n<p>Jundia\u00ed acaba de receber a certifica\u00e7\u00e3o pela Associa\u00e7\u00e3o Brasileira de Normas T\u00e9cnicas \u2013 ABNT, que atesta a conformidade de seus indicadores para servi\u00e7os urbanos e qualidade de vida de acordo com a Norma ABNT NBR ISO 37120. O documento refor\u00e7a \u00e0 popula\u00e7\u00e3o a qualidade dos servi\u00e7os p\u00fablicos oferecidos, bem como a qualidade de vida aos moradores.<\/p>\n\n\n\n<p>O an\u00fancio ocorreu durante a cerim\u00f4nia solene realizada nesta sexta-feira (26), no Pa\u00e7o Municipal de Jundia\u00ed. Participaram do evento o Diretor de Certifica\u00e7\u00e3o, Ant\u00f4nio Carlos Barros de Oliveira, o Coordenador de Certifica\u00e7\u00e3o, D\u00eanis Carvalho, o prefeito de Jundia\u00ed, Luiz Fernando Machado e o gestor de Governo e Finan\u00e7as (UGGF) Jos\u00e9 Antonio Parimoschi, al\u00e9m do gestor-adjunto Jones Martins entre outros.<\/p>\n\n\n\n<p>Ao todo foram analisados e auditados 45 indicadores essenciais mais 14 \u00edndices de apoio. Com isso, o munic\u00edpio paulista \u00e9 o terceiro a obter essa certifica\u00e7\u00e3o, que tem por objetivo estabelecer metodologias para a defini\u00e7\u00e3o de um conjunto de indicadores criados a fim de mensurar o desempenho nas \u00e1reas avaliadas, al\u00e9m de apoiar a defini\u00e7\u00e3o de pol\u00edticas p\u00fablicas para o munic\u00edpio.<\/p>\n\n\n\n<p>No total, 19 temas foram avaliados para alcan\u00e7ar a conformidade pela norma 37120, s\u00e3o eles: \u00c1gua, Agricultura local\/urbana e seguran\u00e7a alimentar, Economia, Educa\u00e7\u00e3o, Energia, Esgotos, Esporte e Cultura, Meio Ambiente e mudan\u00e7as clim\u00e1ticas, Finan\u00e7as, Governan\u00e7a, Sa\u00fade, Habita\u00e7\u00e3o, Popula\u00e7\u00e3o e condi\u00e7\u00f5es sociais, Planejamento urbano, Recrea\u00e7\u00e3o, Seguran\u00e7a, Res\u00edduos S\u00f3lidos, Telecomunica\u00e7\u00f5es e Transporte.<\/p>\n\n\n\n<p>A cidade de Jundia\u00ed conquistou o n\u00edvel BRONZE do processo de certifica\u00e7\u00e3o da norma. A ABNT tem n\u00edveis de certifica\u00e7\u00e3o diferenciados para os munic\u00edpios, sendo o n\u00edvel Bronze o inicial, evoluindo para Prata, Ouro e Platina e s\u00e3o concedidos a partir da avalia\u00e7\u00e3o de indicadores certificados em cada norma, sendo ligados aos Objetivos de Desenvolvimento Sustent\u00e1vel (ODS) da ONU.<\/p>\n\n\n\n<p>\u201cDesde 2017, quando assumimos a gest\u00e3o de Jundia\u00ed e implementamos o sistema de plataformas, buscamos a efici\u00eancia e a qualidade para os servi\u00e7os p\u00fablicos. Os bons indicadores s\u00e3o o resultado de todo o trabalho realizado pelas equipes. A certifica\u00e7\u00e3o ISO chancela todo o esfor\u00e7o e empenho dos servidores e gest\u00e3o\u201d, comenta o prefeito Luiz Fernando Machado.<\/p>\n\n\n<div class=\"wp-block-image\">\n<figure class=\"aligncenter size-large\"><img loading=\"lazy\" decoding=\"async\" width=\"1200\" height=\"801\" src=\"https:\/\/tvtecjundiai.com.br\/news\/wp-content\/uploads\/sites\/2\/2023\/05\/jundiai_recebe_certificacao_abnt_nbr_iso_37120_pa-83-2-1280x854-1-1200x801.jpg\" alt=\"\" class=\"wp-image-109841\" srcset=\"https:\/\/tvtecjundiai.com.br\/news\/wp-content\/uploads\/sites\/2\/2023\/05\/jundiai_recebe_certificacao_abnt_nbr_iso_37120_pa-83-2-1280x854-1-1200x801.jpg 1200w, https:\/\/tvtecjundiai.com.br\/news\/wp-content\/uploads\/sites\/2\/2023\/05\/jundiai_recebe_certificacao_abnt_nbr_iso_37120_pa-83-2-1280x854-1-300x200.jpg 300w, https:\/\/tvtecjundiai.com.br\/news\/wp-content\/uploads\/sites\/2\/2023\/05\/jundiai_recebe_certificacao_abnt_nbr_iso_37120_pa-83-2-1280x854-1-768x512.jpg 768w, https:\/\/tvtecjundiai.com.br\/news\/wp-content\/uploads\/sites\/2\/2023\/05\/jundiai_recebe_certificacao_abnt_nbr_iso_37120_pa-83-2-1280x854-1.jpg 1280w\" sizes=\"auto, (max-width: 1200px) 100vw, 1200px\" \/><figcaption class=\"wp-element-caption\">Solenidade de entrega da premia\u00e7\u00e3o aconteceu na Sala de Situa\u00e7\u00e3o do Pa\u00e7o Municipal<\/figcaption><\/figure>\n<\/div>\n\n\n<p><strong>E mais<br><\/strong>Esta foi a primeira de tr\u00eas certifica\u00e7\u00f5es que Jundia\u00ed poder\u00e1 receber, como os indicadores para cidades inteligentes (ABNT NBR ISO 37122) e cidades resilientes (ABNT NBR ISO 37123), al\u00e9m de ter a possibilidade de incluir mais indicadores na certifica\u00e7\u00e3o que acaba de receber, de forma a atingir um n\u00edvel mais elevado da certifica\u00e7\u00e3o. Cada uma das tr\u00eas normas estabelece indicadores para os 19 temas, de acordo com o escopo de cada norma.<\/p>\n\n\n\n<p>Para o Diretor de Certifica\u00e7\u00e3o da Associa\u00e7\u00e3o Brasileira de Normas T\u00e9cnicas ABNT, Ant\u00f4nio Carlos Barros de Oliveira, a partir da certifica\u00e7\u00e3o, gestores p\u00fablicos ter\u00e3o acesso a dados padronizados e auditados por um organismo independente, que ser\u00e3o utilizados para orientar decis\u00f5es de gest\u00e3o e planejamento. \u201cO munic\u00edpio de Jundia\u00ed est\u00e1 entre as cidades certificadas por um processo internacional utilizado em 165 pa\u00edses do mundo, que seguem os padr\u00f5es ISO. A ABNT como membro fundadora da ISO (International Organization for Standarlizatio), possui credibilidade para realizar certifica\u00e7\u00f5es em todo o territ\u00f3rio nacional, atendendo aos diversos segmentos da ind\u00fastria, com\u00e9rcio e servi\u00e7os\u201d, ressalta o diretor.<\/p>\n\n\n\n<p>Indicadores para Cidades e Comunidades Sustent\u00e1veis<br>As cidades necessitam de indicadores para mensurar seu desempenho de forma a serem padronizados, consistentes e compar\u00e1veis entre si, buscando garantir qualidade de vida e sustentabilidade na implanta\u00e7\u00e3o de pol\u00edticas, programas e projetos que atendam \u00e0s necessidades de seus habitantes.<\/p>\n\n\n\n<p>\u201cA gest\u00e3o conta com o Observat\u00f3rio Jundia\u00ed, para a disponibiliza\u00e7\u00e3o, n\u00e3o somente destes 59 indicadores certificados ISO, mas com 386 indicadores abertos para a popula\u00e7\u00e3o. Seja em n\u00fameros de Sa\u00fade, Educa\u00e7\u00e3o, Servi\u00e7os P\u00fablicos, Obras entre outros. A transpar\u00eancia \u00e9 essencial para um planejamento eficiente\u201d, detalha o gestor da Unidade de Gest\u00e3o de Governo e Finan\u00e7as (UGGF), Jos\u00e9 Antonio Parimoschi.<\/p>\n\n\n\n<p>Para ajudar as cidades a atrair investimentos e impulsionar o desenvolvimento econ\u00f4mico com dados comparativos globais, a ABNT Certificadora desenvolveu um processo de certifica\u00e7\u00e3o de indicadores baseado nas normas: ABNT NBR ISO 37120 \u2013 Indicadores para Servi\u00e7os Urbanos e Qualidade de Vida, ABNT NBR ISO 37122 \u2013 Indicadores para Cidades Inteligentes e ABNT NBR ISO 37123 \u2013 Indicadores para Cidades Resilientes.<\/p>\n\n\n\n<p>\u201cEsse processo permite medir o desenvolvimento urbano sustent\u00e1vel, definir investimentos em infraestrutura com resultados mensur\u00e1veis, medir a gest\u00e3o de desempenho de servi\u00e7os urbanos e qualidade de vida ao longo do tempo. Al\u00e9m disso, facilita a troca de informa\u00e7\u00f5es e projetos atrav\u00e9s do compartilhamento de informa\u00e7\u00e3o, permitindo compara\u00e7\u00f5es por meio de uma vasta gama de indicadores de desempenho\u201d, explica Ant\u00f4nio Carlos.<\/p>\n\n\n\n<p>O trabalho desenvolvido pela Prefeitura de Jundia\u00ed contou com a assessoria da Bright Cities, plataforma refer\u00eancia em diagn\u00f3sticos de cidades no Brasil que possui uma metodologia exclusiva de acompanhamento do processo de certifica\u00e7\u00e3o. Com o suporte da equipe de especialistas, a cidade pode ser a mais r\u00e1pida no processo de coleta, padroniza\u00e7\u00e3o dos indicadores, cria\u00e7\u00e3o das evid\u00eancias com suporte total para todas as secretarias na gest\u00e3o dos dados.<\/p>\n\n\n\n<p><strong><em>Fonte \/ Imagem: Prefeitura de Jundia\u00ed<\/em><\/strong><\/p>\n","protected":false},"excerpt":{"rendered":"<p>Solenidade de entrega da premia\u00e7\u00e3o aconteceu na Sala de Situa\u00e7\u00e3o do Pa\u00e7o Municipal<\/p>\n","protected":false},"author":30,"featured_media":109841,"comment_status":"closed","ping_status":"0","sticky":false,"template":"","format":"standard","meta":{"footnotes":""},"categories":[8356,1],"tags":[],"class_list":["post-109840","post","type-post","status-publish","format-standard","has-post-thumbnail","hentry","category-jundiai","category-noticias"],"_links":{"self":[{"href":"https:\/\/tvtecjundiai.com.br\/news\/wp-json\/wp\/v2\/posts\/109840","targetHints":{"allow":["GET"]}}],"collection":[{"href":"https:\/\/tvtecjundiai.com.br\/news\/wp-json\/wp\/v2\/posts"}],"about":[{"href":"https:\/\/tvtecjundiai.com.br\/news\/wp-json\/wp\/v2\/types\/post"}],"author":[{"embeddable":true,"href":"https:\/\/tvtecjundiai.com.br\/news\/wp-json\/wp\/v2\/users\/30"}],"replies":[{"embeddable":true,"href":"https:\/\/tvtecjundiai.com.br\/news\/wp-json\/wp\/v2\/comments?post=109840"}],"version-history":[{"count":1,"href":"https:\/\/tvtecjundiai.com.br\/news\/wp-json\/wp\/v2\/posts\/109840\/revisions"}],"predecessor-version":[{"id":109842,"href":"https:\/\/tvtecjundiai.com.br\/news\/wp-json\/wp\/v2\/posts\/109840\/revisions\/109842"}],"wp:featuredmedia":[{"embeddable":true,"href":"https:\/\/tvtecjundiai.com.br\/news\/wp-json\/wp\/v2\/media\/109841"}],"wp:attachment":[{"href":"https:\/\/tvtecjundiai.com.br\/news\/wp-json\/wp\/v2\/media?parent=109840"}],"wp:term":[{"taxonomy":"category","embeddable":true,"href":"https:\/\/tvtecjundiai.com.br\/news\/wp-json\/wp\/v2\/categories?post=109840"},{"taxonomy":"post_tag","embeddable":true,"href":"https:\/\/tvtecjundiai.com.br\/news\/wp-json\/wp\/v2\/tags?post=109840"}],"curies":[{"name":"wp","href":"https:\/\/api.w.org\/{rel}","templated":true}]}}