{"id":109846,"date":"2023-05-26T17:51:22","date_gmt":"2023-05-26T20:51:22","guid":{"rendered":"https:\/\/tvtecjundiai.com.br\/news\/?p=109846"},"modified":"2023-05-26T17:51:24","modified_gmt":"2023-05-26T20:51:24","slug":"subsecretaria-de-recursos-hidricos-do-estado-debate-regionalizacao-em-visita-a-dae-jundiai","status":"publish","type":"post","link":"https:\/\/tvtecjundiai.com.br\/news\/2023\/05\/26\/subsecretaria-de-recursos-hidricos-do-estado-debate-regionalizacao-em-visita-a-dae-jundiai\/","title":{"rendered":"Subsecret\u00e1ria de Recursos H\u00eddricos do Estado debate regionaliza\u00e7\u00e3o, em visita \u00e0 DAE Jundia\u00ed"},"content":{"rendered":"\n<p>A subsecret\u00e1ria de Recursos H\u00eddricos e Saneamento B\u00e1sico da Secretaria de Meio Ambiente, Infraestrutura e Log\u00edstica do Estado de S\u00e3o Paulo, Samanta Souza, visitou, nesta sexta-feira (26), a sede da DAE, a Esta\u00e7\u00e3o de Tratamento de Esgoto Jundia\u00ed (ETEJ) e o Centro de Gerenciamento de Res\u00edduos S\u00f3lidos (Geresol), da Prefeitura de Jundia\u00ed. Na cidade, Samanta debateu a regionaliza\u00e7\u00e3o do saneamento e fez elogios \u00e0 estrutura.<\/p>\n\n\n\n<figure class=\"wp-block-image\"><a href=\"https:\/\/jundiai.sp.gov.br\/noticias\/wp-content\/uploads\/sites\/32\/2023\/05\/visita-samanta-souza_dae-1.jpg\"><img decoding=\"async\" src=\"https:\/\/jundiai.sp.gov.br\/noticias\/wp-content\/uploads\/sites\/32\/2023\/05\/visita-samanta-souza_dae-1-1280x960.jpg\" alt=\"\" class=\"wp-image-318335\" \/><\/a><figcaption class=\"wp-element-caption\">Samanta Souza foi recebida pelos superintendentes e pelo presidente da DAE<\/figcaption><\/figure>\n\n\n\n<p>\u201cJundia\u00ed virou um case para mim. A cidade pensa de forma circular. Aqui tudo \u00e9 reciclado e reaproveitado: da \u00e1gua ao esgoto, que se transforma em lodo, \u00e0 gest\u00e3o dos res\u00edduos s\u00f3lidos. Jundia\u00ed pode servir de modelo para cidades do mesmo porte e at\u00e9 ser um exemplo para o Estado\u201d, disse a subsecret\u00e1ria, que \u00e9 especialista no tema e atuou durante mais de 20 anos na Sabesp.<\/p>\n\n\n\n<p>Samanta foi acompanhada pelos superintendentes da DAE, Evandro Biancarelli (Gest\u00e3o) e Valter Maia (Engenharia), e pelo diretor presidente da empresa, Walter da Costa e Silva Filho. Na sede da DAE, conheceu mais sobre o saneamento na cidade e os projetos futuros, que incluem a implanta\u00e7\u00e3o de um novo sistema de abastecimento no Vetor Oeste e a amplia\u00e7\u00e3o das redes de \u00e1gua e esgoto.<\/p>\n\n\n\n<p>A subsecret\u00e1ria elogiou os \u00edndices de Jundia\u00ed \u2013 atualmente, 99,65% da cidade conta com redes de \u00e1gua e 98,81% com redes de esgoto, sendo que 100% do que \u00e9 coletado \u00e9 tratado. \u201cA DAE est\u00e1 muito evolu\u00edda e demonstra efici\u00eancia na gest\u00e3o operacional\u201d, disse.<\/p>\n\n\n\n<p>Costa e Silva lembrou que este \u00e9 o segundo encontro com ela. \u201cJ\u00e1 conversamos sobre a regionaliza\u00e7\u00e3o, j\u00e1 que a DAE tem interesse em expandir o atendimento \u00e0 Regi\u00e3o Metropolitana de Jundia\u00ed. V\u00e1rzea Paulista e Campo Limpo Paulista j\u00e1 utilizaram a nossa \u00e1gua, em \u00e9pocas de seca\u201d, lembrou.<\/p>\n\n\n\n<p><strong>Res\u00edduos<\/strong><\/p>\n\n\n\n<figure class=\"wp-block-image\"><a href=\"https:\/\/jundiai.sp.gov.br\/noticias\/wp-content\/uploads\/sites\/32\/2023\/05\/visita-samanta-souza_dae-3-1.jpg\"><img decoding=\"async\" src=\"https:\/\/jundiai.sp.gov.br\/noticias\/wp-content\/uploads\/sites\/32\/2023\/05\/visita-samanta-souza_dae-3-1-1280x854.jpg\" alt=\"\" class=\"wp-image-318338\" \/><\/a><figcaption class=\"wp-element-caption\">No Geresol, o diretor M\u00e1rcio Moraes explicou o funcionamento do Centro<\/figcaption><\/figure>\n\n\n\n<p>No&nbsp;<strong>Geresol<\/strong>, no Distrito Industrial, Samanta foi recebida pelo diretor de Limpeza P\u00fablica, M\u00e1rcio Moraes, que detalhou o funcionamento do local, do transbordo, passando pela reciclagem e res\u00edduos verdes e at\u00e9 os res\u00edduos da constru\u00e7\u00e3o civil. Ao final da visita \u00e0 Jundia\u00ed, ainda conheceu a ETEJ, operada pela Companhia Saneamento de Jundia\u00ed (CSJ) no Jardim Novo Horizonte, e a produ\u00e7\u00e3o de fertilizante org\u00e2nico para agricultura a partir do lodo do esgoto.<\/p>\n\n\n\n<p>Segundo ela, no Estado, os projetos s\u00e3o a regionaliza\u00e7\u00e3o do saneamento e dos res\u00edduos s\u00f3lidos. \u201cO momento agora \u00e9 de diagn\u00f3stico, por isso estou visitando os servi\u00e7os de saneamento e os cons\u00f3rcios\u201d, contou.<\/p>\n\n\n\n<p>Fonte \/ Imagem: <strong>Assessoria de Comunica\u00e7\u00e3o \u2013 DAE Jundia\u00ed<\/strong><\/p>\n","protected":false},"excerpt":{"rendered":"<p>No Geresol, o diretor M\u00e1rcio Moraes explicou o funcionamento do Centro<\/p>\n","protected":false},"author":24,"featured_media":109847,"comment_status":"closed","ping_status":"0","sticky":false,"template":"","format":"standard","meta":{"footnotes":""},"categories":[8405],"tags":[],"class_list":["post-109846","post","type-post","status-publish","format-standard","has-post-thumbnail","hentry","category-dae"],"_links":{"self":[{"href":"https:\/\/tvtecjundiai.com.br\/news\/wp-json\/wp\/v2\/posts\/109846","targetHints":{"allow":["GET"]}}],"collection":[{"href":"https:\/\/tvtecjundiai.com.br\/news\/wp-json\/wp\/v2\/posts"}],"about":[{"href":"https:\/\/tvtecjundiai.com.br\/news\/wp-json\/wp\/v2\/types\/post"}],"author":[{"embeddable":true,"href":"https:\/\/tvtecjundiai.com.br\/news\/wp-json\/wp\/v2\/users\/24"}],"replies":[{"embeddable":true,"href":"https:\/\/tvtecjundiai.com.br\/news\/wp-json\/wp\/v2\/comments?post=109846"}],"version-history":[{"count":1,"href":"https:\/\/tvtecjundiai.com.br\/news\/wp-json\/wp\/v2\/posts\/109846\/revisions"}],"predecessor-version":[{"id":109848,"href":"https:\/\/tvtecjundiai.com.br\/news\/wp-json\/wp\/v2\/posts\/109846\/revisions\/109848"}],"wp:featuredmedia":[{"embeddable":true,"href":"https:\/\/tvtecjundiai.com.br\/news\/wp-json\/wp\/v2\/media\/109847"}],"wp:attachment":[{"href":"https:\/\/tvtecjundiai.com.br\/news\/wp-json\/wp\/v2\/media?parent=109846"}],"wp:term":[{"taxonomy":"category","embeddable":true,"href":"https:\/\/tvtecjundiai.com.br\/news\/wp-json\/wp\/v2\/categories?post=109846"},{"taxonomy":"post_tag","embeddable":true,"href":"https:\/\/tvtecjundiai.com.br\/news\/wp-json\/wp\/v2\/tags?post=109846"}],"curies":[{"name":"wp","href":"https:\/\/api.w.org\/{rel}","templated":true}]}}