{"id":109856,"date":"2023-05-27T14:15:39","date_gmt":"2023-05-27T17:15:39","guid":{"rendered":"https:\/\/tvtecjundiai.com.br\/news\/?p=109856"},"modified":"2023-05-27T14:15:42","modified_gmt":"2023-05-27T17:15:42","slug":"dia-do-desafio-conta-com-programacao-especial","status":"publish","type":"post","link":"https:\/\/tvtecjundiai.com.br\/news\/2023\/05\/27\/dia-do-desafio-conta-com-programacao-especial\/","title":{"rendered":"Dia do Desafio conta com programa\u00e7\u00e3o especial"},"content":{"rendered":"\n<p>Jundia\u00ed participa na pr\u00f3xima quarta-feira (31) da 29\u00aa edi\u00e7\u00e3o do Dia do Desafio, campanha mundial de incentivo \u00e0 pr\u00e1tica de esportes e atividades f\u00edsicas. Ao longo do dia, a Unidade de Gest\u00e3o de Esporte e Lazer (UGEL) realizar\u00e1 atividades especiais envolvendo alunos, atletas e popula\u00e7\u00e3o.<\/p>\n\n\n\n<p>Logo \u00e0s 6h, no Complexo Aqu\u00e1tico Devanir Wanderlei Penteado Jr. (Bol\u00e3o), os alunos da nata\u00e7\u00e3o participar\u00e3o de uma gincana, com o objetivo de motivar a supera\u00e7\u00e3o pessoal. Crian\u00e7as, jovens, adultos e idosos ser\u00e3o divididos em grupos e desafiados a nadarem metragens. Ao final, vence a equipe com maior quilometragem nadada.<\/p>\n\n\n\n<p>A programa\u00e7\u00e3o continua \u00e0s 9h30, no Pa\u00e7o Municipal. O grupo de dan\u00e7a Gera\u00e7\u00e3o +60, coordenado pela professora Mare Clini, vai realizar uma \u201caula de passinho\u201d, envolvendo a popula\u00e7\u00e3o e os servidores.<\/p>\n\n\n\n<figure class=\"wp-block-image\"><img decoding=\"async\" src=\"https:\/\/jundiai.sp.gov.br\/noticias\/wp-content\/uploads\/sites\/32\/2023\/05\/entrega_nova_arquibancada_vestiarios_piscina_bolao-852-1280x854.jpg\" alt=\"\" class=\"wp-image-318157\" \/><figcaption class=\"wp-element-caption\">No Bol\u00e3o, os alunos da nata\u00e7\u00e3o ser\u00e3o envolvidos em uma gincana<\/figcaption><\/figure>\n\n\n\n<p>Das 10h \u00e0s 11h, o Departamento de Esportes Adaptados, por meio do PEAMA, promove uma atividade de ritmos com alunos, seus familiares e tamb\u00e9m aberta a toda a popula\u00e7\u00e3o, sob o comando da Professora Bianca Alencar.&nbsp;<\/p>\n\n\n\n<p>J\u00e1 os alunos dos grupos do Departamento de Esporte Educacional e Participa\u00e7\u00e3o integrar\u00e3o a atividade do SESC Jundia\u00ed \u201cPassinho Carioca\u201d, aula com a Cia de dan\u00e7a \u201cClarin\u201d, al\u00e9m de assistirem ao espet\u00e1culo \u201cou 9 ou 80\u201d.<\/p>\n\n\n\n<p>A programa\u00e7\u00e3o ainda envolver\u00e1 os alunos dos complexos esportivos e das unidades de apoio,&nbsp;e os&nbsp;atletas do Time Jundia\u00ed.<\/p>\n\n\n\n<p>&nbsp;\u201cA cada ano, a iniciativa visa mobilizar mais pessoas para a pr\u00e1tica regular de atividade f\u00edsica e ado\u00e7\u00e3o de um estilo de vida ativo e saud\u00e1vel. Convidamos as pessoas a participarem da a\u00e7\u00e3o, fazendo uma caminhada, subindo escadas, indo aos nossos equipamentos para se movimentar. Essa tamb\u00e9m \u00e9 uma oportunidade para deixar o sedentarismo e integrar os&nbsp;programas que ofertamos&nbsp;em todas as regi\u00f5es da cidade, para todas as idades\u201d, destaca o gestor de Esporte e Lazer, Lu\u00eds Claudio Tarallo.<\/p>\n\n\n\n<figure class=\"wp-block-image\"><img decoding=\"async\" src=\"https:\/\/jundiai.sp.gov.br\/noticias\/wp-content\/uploads\/sites\/32\/2023\/05\/redes-sociais_dia-do-desafio_ugel-1.png\" alt=\"\" class=\"wp-image-318121\" \/><\/figure>\n\n\n\n<p>Fonte: Prefeitura de Jundia\u00ed<\/p>\n","protected":false},"excerpt":{"rendered":"<p>Ao longo do dia ser\u00e3o realizadas atividades especiais envolvendo alunos, atletas e popula\u00e7\u00e3o<\/p>\n","protected":false},"author":24,"featured_media":109857,"comment_status":"closed","ping_status":"0","sticky":false,"template":"","format":"standard","meta":{"footnotes":""},"categories":[2827,8356,8354],"tags":[],"class_list":["post-109856","post","type-post","status-publish","format-standard","has-post-thumbnail","hentry","category-esportes-e-lazer","category-jundiai","category-lazer"],"_links":{"self":[{"href":"https:\/\/tvtecjundiai.com.br\/news\/wp-json\/wp\/v2\/posts\/109856","targetHints":{"allow":["GET"]}}],"collection":[{"href":"https:\/\/tvtecjundiai.com.br\/news\/wp-json\/wp\/v2\/posts"}],"about":[{"href":"https:\/\/tvtecjundiai.com.br\/news\/wp-json\/wp\/v2\/types\/post"}],"author":[{"embeddable":true,"href":"https:\/\/tvtecjundiai.com.br\/news\/wp-json\/wp\/v2\/users\/24"}],"replies":[{"embeddable":true,"href":"https:\/\/tvtecjundiai.com.br\/news\/wp-json\/wp\/v2\/comments?post=109856"}],"version-history":[{"count":1,"href":"https:\/\/tvtecjundiai.com.br\/news\/wp-json\/wp\/v2\/posts\/109856\/revisions"}],"predecessor-version":[{"id":109858,"href":"https:\/\/tvtecjundiai.com.br\/news\/wp-json\/wp\/v2\/posts\/109856\/revisions\/109858"}],"wp:featuredmedia":[{"embeddable":true,"href":"https:\/\/tvtecjundiai.com.br\/news\/wp-json\/wp\/v2\/media\/109857"}],"wp:attachment":[{"href":"https:\/\/tvtecjundiai.com.br\/news\/wp-json\/wp\/v2\/media?parent=109856"}],"wp:term":[{"taxonomy":"category","embeddable":true,"href":"https:\/\/tvtecjundiai.com.br\/news\/wp-json\/wp\/v2\/categories?post=109856"},{"taxonomy":"post_tag","embeddable":true,"href":"https:\/\/tvtecjundiai.com.br\/news\/wp-json\/wp\/v2\/tags?post=109856"}],"curies":[{"name":"wp","href":"https:\/\/api.w.org\/{rel}","templated":true}]}}