{"id":109859,"date":"2023-05-27T14:18:08","date_gmt":"2023-05-27T17:18:08","guid":{"rendered":"https:\/\/tvtecjundiai.com.br\/news\/?p=109859"},"modified":"2023-05-27T14:18:11","modified_gmt":"2023-05-27T17:18:11","slug":"prefeitura-e-moradores-dialogam-sobre-a-matricula-dos-lotes-da-cidade-administrativa","status":"publish","type":"post","link":"https:\/\/tvtecjundiai.com.br\/news\/2023\/05\/27\/prefeitura-e-moradores-dialogam-sobre-a-matricula-dos-lotes-da-cidade-administrativa\/","title":{"rendered":"Prefeitura e moradores dialogam sobre a matr\u00edcula dos lotes da Cidade Administrativa"},"content":{"rendered":"\n<p>Nesta semana, membros da Prefeitura de Jundia\u00ed e propriet\u00e1rios dos lotes lindeiros da Cidade Administrativa se reuniram na Sala de Situa\u00e7\u00e3o do Pa\u00e7o Municipal. O encontro foi liderado pelo Gestor da Casa Civil, Dr. Gustavo Maryssael, com o objetivo de promover o di\u00e1logo a respeito da retifica\u00e7\u00e3o da \u00e1rea da matr\u00edcula da Cidade Administrativa para regulariza\u00e7\u00e3o da \u00e1rea, que pertence \u00e0 Prefeitura.<\/p>\n\n\n\n<p>A regulariza\u00e7\u00e3o permitir\u00e1 que a Prefeitura utilize o espa\u00e7o e consiga avan\u00e7ar em projetos, como por exemplo, a vinda de \u00f3rg\u00e3os do poder Legislativo e Judici\u00e1rio junto ao Executivo, para a forma\u00e7\u00e3o da Cidade Administrativa. Vale salientar que o processo de retifica\u00e7\u00e3o faz parte da lei e em nada impacta a metragem dos lotes lindeiros, ou seja, n\u00e3o mudar\u00e1 o tamanho do terreno dos propriet\u00e1rios.<\/p>\n\n\n\n<figure class=\"wp-block-image\"><img decoding=\"async\" src=\"https:\/\/jundiai.sp.gov.br\/noticias\/wp-content\/uploads\/sites\/32\/2023\/05\/casa-civil-reuniao-cidade-administrativa_fm_-25-2-1280x854.jpg\" alt=\"\" class=\"wp-image-318285\" \/><figcaption class=\"wp-element-caption\">Dr. Gustavo Maryssael explicou o processo aos propriet\u00e1rios dos lotes lindeiros da Cidade Administrativa<\/figcaption><\/figure>\n\n\n\n<p>\u201cO encontro foi solicitado para que tiv\u00e9ssemos uma conversa com o propriet\u00e1rio dos lotes e uma oportunidade de explicar o processo. Acreditamos que a aproxima\u00e7\u00e3o com as pessoas e o di\u00e1logo sincero e respeitoso com a popula\u00e7\u00e3o \u00e9 a melhor forma de conquistar avan\u00e7os para todos\u201d, comenta Maryssael.<\/p>\n\n\n\n<p>Ao final do encontro os moradores puderam tirar as d\u00favidas referentes ao processo. O pr\u00f3ximo passo \u00e9 recolher as assinaturas dos propriet\u00e1rios que concordam com a retifica\u00e7\u00e3o.<\/p>\n\n\n\n<p>Tamb\u00e9m participaram do encontro o Gestor de Neg\u00f3cios Jur\u00eddicos e Cidadania, Dr. Fernando Souza; a Gestora Adjunta da Casa Civil, Carmen Tubini; o T\u00e9cnico em Constru\u00e7\u00e3o Civil da Prefeitura, Maur\u00edcio Bas\u00edlio; al\u00e9m do Juiz de Direito, Dr. Filipe Levada; o Juiz Diretor do F\u00f3rum de Jundia\u00ed, Dr. Marco Aur\u00e9lio Stradiotto; e o Procurador Municipal, Dr. Marcos Pereira Castro.<\/p>\n\n\n\n<p>Fonte: Prefeitura de Jundia\u00ed<\/p>\n","protected":false},"excerpt":{"rendered":"<p>O encontro foi liderado pelo Gestor da Casa Civil, Dr. Gustavo Maryssael<\/p>\n","protected":false},"author":24,"featured_media":109860,"comment_status":"closed","ping_status":"0","sticky":false,"template":"","format":"standard","meta":{"footnotes":""},"categories":[8356],"tags":[],"class_list":["post-109859","post","type-post","status-publish","format-standard","has-post-thumbnail","hentry","category-jundiai"],"_links":{"self":[{"href":"https:\/\/tvtecjundiai.com.br\/news\/wp-json\/wp\/v2\/posts\/109859","targetHints":{"allow":["GET"]}}],"collection":[{"href":"https:\/\/tvtecjundiai.com.br\/news\/wp-json\/wp\/v2\/posts"}],"about":[{"href":"https:\/\/tvtecjundiai.com.br\/news\/wp-json\/wp\/v2\/types\/post"}],"author":[{"embeddable":true,"href":"https:\/\/tvtecjundiai.com.br\/news\/wp-json\/wp\/v2\/users\/24"}],"replies":[{"embeddable":true,"href":"https:\/\/tvtecjundiai.com.br\/news\/wp-json\/wp\/v2\/comments?post=109859"}],"version-history":[{"count":1,"href":"https:\/\/tvtecjundiai.com.br\/news\/wp-json\/wp\/v2\/posts\/109859\/revisions"}],"predecessor-version":[{"id":109861,"href":"https:\/\/tvtecjundiai.com.br\/news\/wp-json\/wp\/v2\/posts\/109859\/revisions\/109861"}],"wp:featuredmedia":[{"embeddable":true,"href":"https:\/\/tvtecjundiai.com.br\/news\/wp-json\/wp\/v2\/media\/109860"}],"wp:attachment":[{"href":"https:\/\/tvtecjundiai.com.br\/news\/wp-json\/wp\/v2\/media?parent=109859"}],"wp:term":[{"taxonomy":"category","embeddable":true,"href":"https:\/\/tvtecjundiai.com.br\/news\/wp-json\/wp\/v2\/categories?post=109859"},{"taxonomy":"post_tag","embeddable":true,"href":"https:\/\/tvtecjundiai.com.br\/news\/wp-json\/wp\/v2\/tags?post=109859"}],"curies":[{"name":"wp","href":"https:\/\/api.w.org\/{rel}","templated":true}]}}