{"id":109880,"date":"2023-05-27T14:36:53","date_gmt":"2023-05-27T17:36:53","guid":{"rendered":"https:\/\/tvtecjundiai.com.br\/news\/?p=109880"},"modified":"2023-05-27T14:37:15","modified_gmt":"2023-05-27T17:37:15","slug":"blitz-educativa-leva-comite-das-criancas-a-9-de-julho","status":"publish","type":"post","link":"https:\/\/tvtecjundiai.com.br\/news\/2023\/05\/27\/blitz-educativa-leva-comite-das-criancas-a-9-de-julho\/","title":{"rendered":"Blitz educativa leva Comit\u00ea das Crian\u00e7as \u00e0 9 de Julho"},"content":{"rendered":"\n<p>Os motoristas que passaram pela avenida 9 de Julho na manh\u00e3 deste s\u00e1bado se depararam com uma turma para l\u00e1 de especial fazendo uma blitz educativa. Ao lado do mascote da Unidade de Gest\u00e3o de Mobilidade e Transporte (UGMT), o Vaguinho, a garotada do Comit\u00ea das Crian\u00e7as conversou com motoristas para a conscientiza\u00e7\u00e3o sobre um tr\u00e2nsito mais seguro para todos. A a\u00e7\u00e3o faz parte das atividades do Maio Amarelo.<\/p>\n\n\n\n<p>Segundo a respons\u00e1vel pela Divis\u00e3o de Educa\u00e7\u00e3o no Tr\u00e2nsito, Juliana Maria Maia, a ideia foi abordar os motoristas, a maioria com crian\u00e7as dentro do carro, sobre uso de celular e volante, perigos de \u00e1lcool e dirigir, uso do cinto de seguran\u00e7a, riscos de andar em alta velocidade e outros pontos. \u201cAs crian\u00e7as v\u00eam, se divertem e ensinam. Ao final do papo, entregam um material educativo \u00e0 fam\u00edlia\u201d, comentou.<\/p>\n\n\n\n<p>De acordo com o diretor de tr\u00e2nsito, Esdras Cintra Junior, o Maio Amarelo \u00e9 um m\u00eas de conscientiza\u00e7\u00e3o em todo o pa\u00eds. \u2018\u00c9 o momento de sensibilizar toda a popula\u00e7\u00e3o. E as crian\u00e7as conseguem nos ajudar a chegar neste objetivo. A ideia aqui \u00e9 passar a mensagem para que os motoristas fiquem atentos, evitem sinistros e mortes. O respeito mant\u00e9m a vida.\u201d<\/p>\n\n\n\n<p>Quem passou pela blitz aprovou. \u201cMeu filho j\u00e1 est\u00e1 na idade de andar no banco da frente do carro e agora \u00e9 mais atento ao tr\u00e2nsito. Ele repara em tudo e aproveita para nos conscientizar sobre o que fazemos de errado\u201d, comentou Janaina Roveri, m\u00e3e do Arthur, de 10 anos.<\/p>\n\n\n\n<p>Quem tamb\u00e9m foi parado pelas crian\u00e7as foi o motociclista Marcelo Pacheco. \u201cFoi inesperado ver as crian\u00e7as aqui, mas muito bacana introduzir eles nesse universo.\u201d<\/p>\n\n\n\n<figure class=\"wp-block-image\"><img decoding=\"async\" src=\"https:\/\/jundiai.sp.gov.br\/noticias\/wp-content\/uploads\/sites\/32\/2023\/05\/blitz-com-comite-das-criancas-35-1280x854.jpg\" alt=\"\" class=\"wp-image-318378\" \/><figcaption class=\"wp-element-caption\">Crian\u00e7as se divertiram durante a a\u00e7\u00e3o<\/figcaption><\/figure>\n\n\n\n<p><strong>Participa\u00e7\u00e3o<\/strong>\u00a0\u2013 As crian\u00e7as do Comit\u00ea gostaram da atividade. \u201cEu me diverti muito. Achei muito legal ajudar a refor\u00e7ar a seguran\u00e7a no tr\u00e2nsito de Jundia\u00ed\u201d, comentou Arthur Santos Lisboa, de 10 anos. Assim como ele, Giovana Rossi Brito, de 11 anos, tamb\u00e9m aprovou. \u201cInteragimos com as pessoas, falamos sobre o tr\u00e2nsito. Gostei muito da atividade.\u201d<\/p>\n\n\n\n<p>Fonte: Prefeitura de Jundia\u00ed<\/p>\n","protected":false},"excerpt":{"rendered":"<p>A ideia foi abordar os motoristas, a maioria com crian\u00e7as dentro do carro, sobre uso de celular e volante e outros pontos <\/p>\n","protected":false},"author":24,"featured_media":109881,"comment_status":"closed","ping_status":"0","sticky":false,"template":"","format":"standard","meta":{"footnotes":""},"categories":[8356],"tags":[],"class_list":["post-109880","post","type-post","status-publish","format-standard","has-post-thumbnail","hentry","category-jundiai"],"_links":{"self":[{"href":"https:\/\/tvtecjundiai.com.br\/news\/wp-json\/wp\/v2\/posts\/109880","targetHints":{"allow":["GET"]}}],"collection":[{"href":"https:\/\/tvtecjundiai.com.br\/news\/wp-json\/wp\/v2\/posts"}],"about":[{"href":"https:\/\/tvtecjundiai.com.br\/news\/wp-json\/wp\/v2\/types\/post"}],"author":[{"embeddable":true,"href":"https:\/\/tvtecjundiai.com.br\/news\/wp-json\/wp\/v2\/users\/24"}],"replies":[{"embeddable":true,"href":"https:\/\/tvtecjundiai.com.br\/news\/wp-json\/wp\/v2\/comments?post=109880"}],"version-history":[{"count":2,"href":"https:\/\/tvtecjundiai.com.br\/news\/wp-json\/wp\/v2\/posts\/109880\/revisions"}],"predecessor-version":[{"id":109884,"href":"https:\/\/tvtecjundiai.com.br\/news\/wp-json\/wp\/v2\/posts\/109880\/revisions\/109884"}],"wp:featuredmedia":[{"embeddable":true,"href":"https:\/\/tvtecjundiai.com.br\/news\/wp-json\/wp\/v2\/media\/109881"}],"wp:attachment":[{"href":"https:\/\/tvtecjundiai.com.br\/news\/wp-json\/wp\/v2\/media?parent=109880"}],"wp:term":[{"taxonomy":"category","embeddable":true,"href":"https:\/\/tvtecjundiai.com.br\/news\/wp-json\/wp\/v2\/categories?post=109880"},{"taxonomy":"post_tag","embeddable":true,"href":"https:\/\/tvtecjundiai.com.br\/news\/wp-json\/wp\/v2\/tags?post=109880"}],"curies":[{"name":"wp","href":"https:\/\/api.w.org\/{rel}","templated":true}]}}