{"id":109888,"date":"2023-05-28T10:41:49","date_gmt":"2023-05-28T13:41:49","guid":{"rendered":"https:\/\/tvtecjundiai.com.br\/news\/?p=109888"},"modified":"2023-05-29T09:40:25","modified_gmt":"2023-05-29T12:40:25","slug":"novas-cameras-auxiliam-no-monitoramento-dos-centros-esportivos","status":"publish","type":"post","link":"https:\/\/tvtecjundiai.com.br\/news\/2023\/05\/28\/novas-cameras-auxiliam-no-monitoramento-dos-centros-esportivos\/","title":{"rendered":"Novas c\u00e2meras auxiliam no monitoramento dos Centros Esportivos"},"content":{"rendered":"\n<p>A Unidade de Gest\u00e3o de Esporte e Lazer (UGEL) finalizou mais uma etapa da instala\u00e7\u00e3o do sistema de videomonitoramento dos Complexos Educacionais, Culturais e Esportivos (CECEs). Foram 35 c\u00e2meras, que se somam as 65 em opera\u00e7\u00e3o. A a\u00e7\u00e3o, que tamb\u00e9m integra o Programa Cidade Inteligente, focado em levar inova\u00e7\u00f5es tecnol\u00f3gicas para melhorar a qualidade do servi\u00e7o prestado \u00e0s pessoas, recebeu investimentos de mais de R$ 596 mil.<br><br>Os equipamentos refor\u00e7am a seguran\u00e7a dos CECEs Jos\u00e9 Pedro Raymundo, na Vila Rio Branco; Dr. Rom\u00e3o de Souza, na Col\u00f4nia; Francisco Dal Santo, na Vila Rami; M\u00e1rio Milani, no Ivoturucaia; e do Complexo Aqu\u00e1tico Devanir Wanderlei Penteado Jr., localizado no Centro Esportivo Dr. Nicolino de Lucca, o Bol\u00e3o. Anteriormente foram contemplados: o Aramis Polli, na Vila Hortol\u00e2ndia, o Benedito de Lima, no Retiro, e o Jos\u00e9 Brenna (Sororoca), na Vila Municipal, \u00e1reas do Bol\u00e3o e do Rom\u00e3o de Souza, entre outros.<\/p>\n\n\n\n<figure class=\"wp-block-image\"><img decoding=\"async\" src=\"https:\/\/jundiai.sp.gov.br\/noticias\/wp-content\/uploads\/sites\/32\/2023\/05\/cameras_centros_esportivos_pa-6-2-1280x854.jpg\" alt=\"\" class=\"wp-image-317713\" \/><figcaption class=\"wp-element-caption\">Equipe da UGEL acompanha a movimenta\u00e7\u00e3o nos centros esportivos<\/figcaption><\/figure>\n\n\n\n<p>O monitoramento \u00e9 realizado em tempo real, 24 horas por dia, e as imagens chegam \u00e0 central da Guarda Municipal de Jundia\u00ed e \u00e0 sala de monitoramento na UGEL.<br><br>\u201cFinalizamos mais uma etapa do projeto que prev\u00ea que todos os espa\u00e7os sejam monitorados por meio de c\u00e2meras, aumentando a seguran\u00e7a. Temos o compromisso de promover cada vez mais qualidade de vida, para toda a popula\u00e7\u00e3o, por meio do esporte e do lazer. Os equipamentos de todas as regi\u00f5es t\u00eam recebido investimentos, a partir de melhorias nas estruturas, de bons projetos e da qualifica\u00e7\u00e3o da equipe\u201d, ressalta o gestor de Esporte e Lazer, Luiz Cl\u00e1udio Tarallo.<\/p>\n\n\n\n<p>Fonte: Prefeitura de Jundia\u00ed<\/p>\n","protected":false},"excerpt":{"rendered":"<p>O monitoramento \u00e9 realizado em tempo real, 24 horas por dia<\/p>\n","protected":false},"author":24,"featured_media":109889,"comment_status":"closed","ping_status":"0","sticky":false,"template":"","format":"standard","meta":{"footnotes":""},"categories":[2827,8357,8411,8391,8356,8354,4831,2835],"tags":[],"class_list":["post-109888","post","type-post","status-publish","format-standard","has-post-thumbnail","hentry","category-esportes-e-lazer","category-gestao","category-governo-e-financas","category-infraestrutura","category-jundiai","category-lazer","category-seguranca","category-tecnologia"],"_links":{"self":[{"href":"https:\/\/tvtecjundiai.com.br\/news\/wp-json\/wp\/v2\/posts\/109888","targetHints":{"allow":["GET"]}}],"collection":[{"href":"https:\/\/tvtecjundiai.com.br\/news\/wp-json\/wp\/v2\/posts"}],"about":[{"href":"https:\/\/tvtecjundiai.com.br\/news\/wp-json\/wp\/v2\/types\/post"}],"author":[{"embeddable":true,"href":"https:\/\/tvtecjundiai.com.br\/news\/wp-json\/wp\/v2\/users\/24"}],"replies":[{"embeddable":true,"href":"https:\/\/tvtecjundiai.com.br\/news\/wp-json\/wp\/v2\/comments?post=109888"}],"version-history":[{"count":3,"href":"https:\/\/tvtecjundiai.com.br\/news\/wp-json\/wp\/v2\/posts\/109888\/revisions"}],"predecessor-version":[{"id":109918,"href":"https:\/\/tvtecjundiai.com.br\/news\/wp-json\/wp\/v2\/posts\/109888\/revisions\/109918"}],"wp:featuredmedia":[{"embeddable":true,"href":"https:\/\/tvtecjundiai.com.br\/news\/wp-json\/wp\/v2\/media\/109889"}],"wp:attachment":[{"href":"https:\/\/tvtecjundiai.com.br\/news\/wp-json\/wp\/v2\/media?parent=109888"}],"wp:term":[{"taxonomy":"category","embeddable":true,"href":"https:\/\/tvtecjundiai.com.br\/news\/wp-json\/wp\/v2\/categories?post=109888"},{"taxonomy":"post_tag","embeddable":true,"href":"https:\/\/tvtecjundiai.com.br\/news\/wp-json\/wp\/v2\/tags?post=109888"}],"curies":[{"name":"wp","href":"https:\/\/api.w.org\/{rel}","templated":true}]}}