{"id":109900,"date":"2023-05-28T15:14:48","date_gmt":"2023-05-28T18:14:48","guid":{"rendered":"https:\/\/tvtecjundiai.com.br\/news\/?p=109900"},"modified":"2023-05-28T15:14:50","modified_gmt":"2023-05-28T18:14:50","slug":"acao-remove-lixo-da-serra-do-japi","status":"publish","type":"post","link":"https:\/\/tvtecjundiai.com.br\/news\/2023\/05\/28\/acao-remove-lixo-da-serra-do-japi\/","title":{"rendered":"A\u00e7\u00e3o remove lixo da Serra do Japi"},"content":{"rendered":"\n<p>Garrafas, bitucas de cigarro, sacos pl\u00e1sticos, artigos religiosos, roupas e at\u00e9 uma placa de tr\u00e2nsito foram alguns dos itens recolhidos por volunt\u00e1rios na Serra do Japi neste domingo (28), em uma a\u00e7\u00e3o em parceria entre a Unidade de Planejamento Urbano e Meio Ambiente (UGPUMA), Guarda Municipal e Acqualab. \u00a0<\/p>\n\n\n\n<p>O grupo passou pelas cachoeiras da Macumba e da Curva. A iniciativa faz parte da programa\u00e7\u00e3o do M\u00eas do Meio Ambiente e tamb\u00e9m celebra o Dia da Mata Atl\u00e2ntica (27 de maio), que \u00e9 o bioma da Serra do Japi. &nbsp;\u201cA proposta foi de remover o lixo que alguns frequentadores do local deixam para tr\u00e1s. No ano passado, durante a\u00e7\u00e3o semelhante, foram recolhidos 600 quilos de lixo, sendo que mais de 120 eram roupas\u201d, comentou o agente de zoonoses da UGPUMA, Adriano Zonaro. Ele lembrou que deixar lixo na Serra do Japi \u00e9 crime ambiental, previsto na lei 9605\/98.<\/p>\n\n\n\n<p>De acordo com os propriet\u00e1rios da Acqualab, Jonas Alvares Nogueira e B\u00e1rbara Alvares Nogueira, a ideia partiu ap\u00f3s sugest\u00e3o dos pr\u00f3prios colaboradores. \u201cTemos um trabalho voltado para o meio ambiente e a iniciativa tem tudo a ver com a empresa.\u201d<\/p>\n\n\n\n<p>A assistente administrativa Glaucia Helena Paulossii destacou que a ideia \u00e9 conscientizar os funcion\u00e1rios e tamb\u00e9m os clientes da consultoria ambiental. \u201c\u00c9 um gesto que merece ser multiplicado.\u201d<\/p>\n\n\n\n<p>Quem participou fez quest\u00e3o de destacar a import\u00e2ncia da iniciativa. \u201cTemos o privil\u00e9gio de ter a Serra do Japi na nossa cidade e precisamos cuidar desse patrim\u00f4nio\u201d, comentou Beatriz Torrezim Afonso. Assim como ela, Taylline Santos Evangelista tamb\u00e9m gostou da iniciativa. \u201cEu n\u00e3o esperava me deparar com tanto lixo. Achei incr\u00edvel a oportunidade de participar dessa a\u00e7\u00e3o. Precisamos cuidar da nossa natureza.\u201d<\/p>\n\n\n\n<figure class=\"wp-block-image\"><img decoding=\"async\" src=\"https:\/\/jundiai.sp.gov.br\/noticias\/wp-content\/uploads\/sites\/32\/2023\/05\/limpeza_na_serra_do_japi-1-1280x854.jpg\" alt=\"\" class=\"wp-image-318395\" \/><figcaption class=\"wp-element-caption\">Volunt\u00e1rios recolheram lixo na manh\u00e3 deste domingo (28)<\/figcaption><\/figure>\n\n\n\n<p><strong>M\u00eas do Meio Ambiente \u2013<\/strong>&nbsp;O Dia Mundial do Meio Ambiente, comemorado em 5 de junho, ser\u00e1 celebrado em Jundia\u00ed ao longo de todo o m\u00eas de junho, com uma s\u00e9rie de eventos. A programa\u00e7\u00e3o \u00e9 promovida pela Prefeitura de Jundia\u00ed, atrav\u00e9s UGPUMA e da Funda\u00e7\u00e3o Serra do Japi. Confira a programa\u00e7\u00e3o.<\/p>\n\n\n\n<figure class=\"wp-block-image\"><img decoding=\"async\" src=\"https:\/\/jundiai.sp.gov.br\/noticias\/wp-content\/uploads\/sites\/32\/2023\/05\/semana-do-meio-ambiente-2023_programacao-copiar-1-960x960-2.png\" alt=\"\" class=\"wp-image-318394\" \/><\/figure>\n\n\n\n<p><em>Fonte: Prefeitura de Jundia\u00ed<\/em><\/p>\n","protected":false},"excerpt":{"rendered":"<p>O grupo passou pelas cachoeiras da Macumba e da Curva<\/p>\n","protected":false},"author":24,"featured_media":109901,"comment_status":"closed","ping_status":"0","sticky":false,"template":"","format":"standard","meta":{"footnotes":""},"categories":[8356,3569],"tags":[],"class_list":["post-109900","post","type-post","status-publish","format-standard","has-post-thumbnail","hentry","category-jundiai","category-meio-ambiente"],"_links":{"self":[{"href":"https:\/\/tvtecjundiai.com.br\/news\/wp-json\/wp\/v2\/posts\/109900","targetHints":{"allow":["GET"]}}],"collection":[{"href":"https:\/\/tvtecjundiai.com.br\/news\/wp-json\/wp\/v2\/posts"}],"about":[{"href":"https:\/\/tvtecjundiai.com.br\/news\/wp-json\/wp\/v2\/types\/post"}],"author":[{"embeddable":true,"href":"https:\/\/tvtecjundiai.com.br\/news\/wp-json\/wp\/v2\/users\/24"}],"replies":[{"embeddable":true,"href":"https:\/\/tvtecjundiai.com.br\/news\/wp-json\/wp\/v2\/comments?post=109900"}],"version-history":[{"count":1,"href":"https:\/\/tvtecjundiai.com.br\/news\/wp-json\/wp\/v2\/posts\/109900\/revisions"}],"predecessor-version":[{"id":109902,"href":"https:\/\/tvtecjundiai.com.br\/news\/wp-json\/wp\/v2\/posts\/109900\/revisions\/109902"}],"wp:featuredmedia":[{"embeddable":true,"href":"https:\/\/tvtecjundiai.com.br\/news\/wp-json\/wp\/v2\/media\/109901"}],"wp:attachment":[{"href":"https:\/\/tvtecjundiai.com.br\/news\/wp-json\/wp\/v2\/media?parent=109900"}],"wp:term":[{"taxonomy":"category","embeddable":true,"href":"https:\/\/tvtecjundiai.com.br\/news\/wp-json\/wp\/v2\/categories?post=109900"},{"taxonomy":"post_tag","embeddable":true,"href":"https:\/\/tvtecjundiai.com.br\/news\/wp-json\/wp\/v2\/tags?post=109900"}],"curies":[{"name":"wp","href":"https:\/\/api.w.org\/{rel}","templated":true}]}}