{"id":109904,"date":"2023-05-29T09:26:35","date_gmt":"2023-05-29T12:26:35","guid":{"rendered":"https:\/\/tvtecjundiai.com.br\/news\/?p=109904"},"modified":"2023-05-29T09:42:44","modified_gmt":"2023-05-29T12:42:44","slug":"condutores-e-pedestres-aprovam-sinalizacao-lima-limao-em-areas-escolares","status":"publish","type":"post","link":"https:\/\/tvtecjundiai.com.br\/news\/2023\/05\/29\/condutores-e-pedestres-aprovam-sinalizacao-lima-limao-em-areas-escolares\/","title":{"rendered":"Condutores e pedestres aprovam sinaliza\u00e7\u00e3o lima-lim\u00e3o em \u00e1reas escolares"},"content":{"rendered":"\n<p>Quem transita pelas ruas no entorno das EMEBs Pedro de Oliveira (Vila Joana), Cl\u00e9o Nogueira Barbosa (Parque Almerinda Chaves) e Jos\u00e9 Pedro Raymundo (Vila Rio Branco), j\u00e1 percebeu a nova sinaliza\u00e7\u00e3o com faixas e placas diferenciadas na cor lima-lim\u00e3o. O programa inovador para promover a travessia segura de pedestres, desenvolvido pela Unidade de Gest\u00e3o de Mobilidade e Transporte (UGMT), envolve adequa\u00e7\u00f5es nas vias e orienta\u00e7\u00e3o de tr\u00e2nsito, e tem rendido elogios de condutores de ve\u00edculos e pedestres.<\/p>\n\n\n\n<p>Condutora de ve\u00edculo escolar h\u00e1 36 anos, Maria das Dores Raulino, apoia a mudan\u00e7a. \u201c\u00c9 muito importante, porque muitas vezes temos dificuldades para parar na vaga exclusiva para vans escolares para embarcar e desembarcar os alunos. O refor\u00e7o na sinaliza\u00e7\u00e3o desperta o cuidado, e a orienta\u00e7\u00e3o conscientiza. Essa cor \u00e9 mais viva e faz com que a gente preste mais aten\u00e7\u00e3o, e um respeite o outro.\u201d<\/p>\n\n\n<div class=\"wp-block-image\">\n<figure class=\"aligncenter size-large\"><img loading=\"lazy\" decoding=\"async\" width=\"1200\" height=\"764\" src=\"https:\/\/tvtecjundiai.com.br\/news\/wp-content\/uploads\/sites\/2\/2023\/05\/educacao-para-o-transito-mascotes-travessia-pedestres-1280x815-1-1200x764.jpg\" alt=\"\" class=\"wp-image-109905\" srcset=\"https:\/\/tvtecjundiai.com.br\/news\/wp-content\/uploads\/sites\/2\/2023\/05\/educacao-para-o-transito-mascotes-travessia-pedestres-1280x815-1-1200x764.jpg 1200w, https:\/\/tvtecjundiai.com.br\/news\/wp-content\/uploads\/sites\/2\/2023\/05\/educacao-para-o-transito-mascotes-travessia-pedestres-1280x815-1-300x191.jpg 300w, https:\/\/tvtecjundiai.com.br\/news\/wp-content\/uploads\/sites\/2\/2023\/05\/educacao-para-o-transito-mascotes-travessia-pedestres-1280x815-1-768x489.jpg 768w, https:\/\/tvtecjundiai.com.br\/news\/wp-content\/uploads\/sites\/2\/2023\/05\/educacao-para-o-transito-mascotes-travessia-pedestres-1280x815-1.jpg 1280w\" sizes=\"auto, (max-width: 1200px) 100vw, 1200px\" \/><figcaption class=\"wp-element-caption\">Mascotes Vaguinho e Julinha e equipe de tr\u00e2nsito orientam condutores e pedestres nas \u00e1reas escolares<\/figcaption><\/figure>\n<\/div>\n\n\n<p>Sophia Andrade Milit\u00e3o, 9 anos, \u00e9 uma das 19 passageiras da Maria, e tamb\u00e9m gostou da novidade. \u201cPercebi que os motoristas seguem mais devagar. A tia Maria j\u00e1 \u00e9 bem atenciosa. Ela pede para que todos coloquem o cinto de seguran\u00e7a\u201d, comenta.<\/p>\n\n\n\n<p>A gerente de log\u00edstica, F\u00e1tima Bezerra, \u00e9 quem leva e busca a filha Alice, 4 anos, na EMEB Jos\u00e9 Pedro Raymundo. \u201c\u00c9 importante todos terem cuidado. A Alice sempre vai na cadeirinha, no banco de tr\u00e1s, e com cinto de seguran\u00e7a. Essas faixas com cores diferentes faz com que os motoristas, como \u00e9 o meu caso, redobrem a aten\u00e7\u00e3o, j\u00e1 que se diferem das que a gente costuma ver.\u201d<\/p>\n\n\n<div class=\"wp-block-image\">\n<figure class=\"aligncenter size-large is-resized\"><img loading=\"lazy\" decoding=\"async\" src=\"https:\/\/tvtecjundiai.com.br\/news\/wp-content\/uploads\/sites\/2\/2023\/05\/condutora-escolar-emeb-jose-pedro-raymundo-2-1280x951-1-1200x892.jpg\" alt=\"\" class=\"wp-image-109906\" width=\"840\" height=\"624\" srcset=\"https:\/\/tvtecjundiai.com.br\/news\/wp-content\/uploads\/sites\/2\/2023\/05\/condutora-escolar-emeb-jose-pedro-raymundo-2-1280x951-1-1200x892.jpg 1200w, https:\/\/tvtecjundiai.com.br\/news\/wp-content\/uploads\/sites\/2\/2023\/05\/condutora-escolar-emeb-jose-pedro-raymundo-2-1280x951-1-300x223.jpg 300w, https:\/\/tvtecjundiai.com.br\/news\/wp-content\/uploads\/sites\/2\/2023\/05\/condutora-escolar-emeb-jose-pedro-raymundo-2-1280x951-1-768x571.jpg 768w, https:\/\/tvtecjundiai.com.br\/news\/wp-content\/uploads\/sites\/2\/2023\/05\/condutora-escolar-emeb-jose-pedro-raymundo-2-1280x951-1.jpg 1280w\" sizes=\"auto, (max-width: 840px) 100vw, 840px\" \/><figcaption class=\"wp-element-caption\">Condutora de transporte escolar diz que todas as a\u00e7\u00f5es de conscientiza\u00e7\u00e3o s\u00e3o importantes<\/figcaption><\/figure>\n<\/div>\n\n\n<p>Com a sinaliza\u00e7\u00e3o diferenciada chamando mais a aten\u00e7\u00e3o dos condutores de ve\u00edculos, os pedestres se sentem mais seguros e avaliam a mudan\u00e7a como positiva. \u201cAtravesso com as minhas filhas na faixa, sempre atenta, e ensino para elas. Todos precisam se cuidar, e cuidar dos outros tamb\u00e9m. T\u00eam idosos, crian\u00e7as e pessoas com defici\u00eancia que utilizam os locais marcados para atravessar\u201d, diz D\u00e9bora Cristina da Rosa, acompanhada das filhas Ana Clara e Ana Laura.<\/p>\n\n\n\n<p>A pr\u00f3xima unidade escolar que ir\u00e1 receber a adequa\u00e7\u00e3o, na programa\u00e7\u00e3o do Maio Amarelo, ser\u00e1 a EMEB Dr. Jos\u00e9 Romeiro Pereira, na Vila Isabel Eber. Por\u00e9m, o trabalho est\u00e1 programado para ser estendido \u00e0s demais escolas de Jundia\u00ed.<\/p>\n\n\n<div class=\"wp-block-image\">\n<figure class=\"aligncenter size-large\"><img loading=\"lazy\" decoding=\"async\" width=\"1200\" height=\"886\" src=\"https:\/\/tvtecjundiai.com.br\/news\/wp-content\/uploads\/sites\/2\/2023\/05\/faixa-emeb-jose-pedro-raymundo-pedestres-1280x945-1-1200x886.jpg\" alt=\"\" class=\"wp-image-109907\" srcset=\"https:\/\/tvtecjundiai.com.br\/news\/wp-content\/uploads\/sites\/2\/2023\/05\/faixa-emeb-jose-pedro-raymundo-pedestres-1280x945-1-1200x886.jpg 1200w, https:\/\/tvtecjundiai.com.br\/news\/wp-content\/uploads\/sites\/2\/2023\/05\/faixa-emeb-jose-pedro-raymundo-pedestres-1280x945-1-300x221.jpg 300w, https:\/\/tvtecjundiai.com.br\/news\/wp-content\/uploads\/sites\/2\/2023\/05\/faixa-emeb-jose-pedro-raymundo-pedestres-1280x945-1-768x567.jpg 768w, https:\/\/tvtecjundiai.com.br\/news\/wp-content\/uploads\/sites\/2\/2023\/05\/faixa-emeb-jose-pedro-raymundo-pedestres-1280x945-1.jpg 1280w\" sizes=\"auto, (max-width: 1200px) 100vw, 1200px\" \/><figcaption class=\"wp-element-caption\">M\u00e3e ensina as filhas a tomarem cuidado no tr\u00e2nsito, principalmente, atravessando na faixa de pedestre<\/figcaption><\/figure>\n<\/div>\n\n\n<p><strong><em>Fonte \/ Imagem: Prefeitura de Jundia\u00ed<\/em><\/strong><\/p>\n","protected":false},"excerpt":{"rendered":"<p>Mascotes Vaguinho e Julinha e equipe de tr\u00e2nsito orientam condutores e pedestres<\/p>\n","protected":false},"author":30,"featured_media":109905,"comment_status":"closed","ping_status":"0","sticky":false,"template":"","format":"standard","meta":{"footnotes":""},"categories":[8356,1,4831,6151],"tags":[],"class_list":["post-109904","post","type-post","status-publish","format-standard","has-post-thumbnail","hentry","category-jundiai","category-noticias","category-seguranca","category-transito"],"_links":{"self":[{"href":"https:\/\/tvtecjundiai.com.br\/news\/wp-json\/wp\/v2\/posts\/109904","targetHints":{"allow":["GET"]}}],"collection":[{"href":"https:\/\/tvtecjundiai.com.br\/news\/wp-json\/wp\/v2\/posts"}],"about":[{"href":"https:\/\/tvtecjundiai.com.br\/news\/wp-json\/wp\/v2\/types\/post"}],"author":[{"embeddable":true,"href":"https:\/\/tvtecjundiai.com.br\/news\/wp-json\/wp\/v2\/users\/30"}],"replies":[{"embeddable":true,"href":"https:\/\/tvtecjundiai.com.br\/news\/wp-json\/wp\/v2\/comments?post=109904"}],"version-history":[{"count":2,"href":"https:\/\/tvtecjundiai.com.br\/news\/wp-json\/wp\/v2\/posts\/109904\/revisions"}],"predecessor-version":[{"id":109921,"href":"https:\/\/tvtecjundiai.com.br\/news\/wp-json\/wp\/v2\/posts\/109904\/revisions\/109921"}],"wp:featuredmedia":[{"embeddable":true,"href":"https:\/\/tvtecjundiai.com.br\/news\/wp-json\/wp\/v2\/media\/109905"}],"wp:attachment":[{"href":"https:\/\/tvtecjundiai.com.br\/news\/wp-json\/wp\/v2\/media?parent=109904"}],"wp:term":[{"taxonomy":"category","embeddable":true,"href":"https:\/\/tvtecjundiai.com.br\/news\/wp-json\/wp\/v2\/categories?post=109904"},{"taxonomy":"post_tag","embeddable":true,"href":"https:\/\/tvtecjundiai.com.br\/news\/wp-json\/wp\/v2\/tags?post=109904"}],"curies":[{"name":"wp","href":"https:\/\/api.w.org\/{rel}","templated":true}]}}