{"id":109909,"date":"2023-05-29T09:27:41","date_gmt":"2023-05-29T12:27:41","guid":{"rendered":"https:\/\/tvtecjundiai.com.br\/news\/?p=109909"},"modified":"2023-05-29T09:27:41","modified_gmt":"2023-05-29T12:27:41","slug":"jundiai-apresenta-projeto-de-nova-sede-da-policia-militar-ambiental","status":"publish","type":"post","link":"https:\/\/tvtecjundiai.com.br\/news\/2023\/05\/29\/jundiai-apresenta-projeto-de-nova-sede-da-policia-militar-ambiental\/","title":{"rendered":"Jundia\u00ed apresenta projeto de nova sede da Pol\u00edcia Militar Ambiental \u00a0"},"content":{"rendered":"\n<p>A Prefeitura de Jundia\u00ed apresentou a policiais ambientais, nesta sexta-feira (26), o projeto de reforma para a nova sede da 1\u00aa Companhia do Batalh\u00e3o da Pol\u00edcia Ambiental. A reuni\u00e3o aconteceu na Sala de Situa\u00e7\u00e3o do Pa\u00e7o Municipal e foi comandada pelo Gestor da Casa Civil (UGCC), Dr. Gustavo Maryssael. O projeto \u00e9 uma contrapartida da iniciativa privada, do ramo da constru\u00e7\u00e3o.<\/p>\n\n\n\n<p>A nova sede est\u00e1 localizada na avenida C\u00e9sar Puglia, no bairro Jardim Samambaia, pr\u00f3ximo \u00e0 Serra do Japi. O projeto prev\u00ea a constru\u00e7\u00e3o de um espa\u00e7o amplo e completo, com alojamentos masculino e feminino, setor administrativo, sala de comando, acessibilidade, entre outros. O novo pr\u00e9dio tem cerca de 240 m\u00b2 e a previs\u00e3o de entrega do equipamento \u00e9 para junho de 2024.<\/p>\n\n\n\n<p>\u201cJundia\u00ed \u00e9 uma cidade alinhada com as for\u00e7as de seguran\u00e7a estaduais e tem como objetivo fornecer a melhor infraestrutura para que elas possam executar um servi\u00e7o de qualidade para a popula\u00e7\u00e3o. O caso da Pol\u00edcia Ambiental \u00e9 ainda mais emblem\u00e1tico por conta da Serra do Japi e as pol\u00edticas desenvolvidas para protege-las\u201d, afirma Maryssael.<\/p>\n\n\n<div class=\"wp-block-image\">\n<figure class=\"aligncenter size-large\"><img loading=\"lazy\" decoding=\"async\" width=\"1200\" height=\"801\" src=\"https:\/\/tvtecjundiai.com.br\/news\/wp-content\/uploads\/sites\/2\/2023\/05\/reuniao-sede-policia-ambiental_fm_-6-1280x854-1-1200x801.jpg\" alt=\"\" class=\"wp-image-109910\" srcset=\"https:\/\/tvtecjundiai.com.br\/news\/wp-content\/uploads\/sites\/2\/2023\/05\/reuniao-sede-policia-ambiental_fm_-6-1280x854-1-1200x801.jpg 1200w, https:\/\/tvtecjundiai.com.br\/news\/wp-content\/uploads\/sites\/2\/2023\/05\/reuniao-sede-policia-ambiental_fm_-6-1280x854-1-300x200.jpg 300w, https:\/\/tvtecjundiai.com.br\/news\/wp-content\/uploads\/sites\/2\/2023\/05\/reuniao-sede-policia-ambiental_fm_-6-1280x854-1-768x512.jpg 768w, https:\/\/tvtecjundiai.com.br\/news\/wp-content\/uploads\/sites\/2\/2023\/05\/reuniao-sede-policia-ambiental_fm_-6-1280x854-1.jpg 1280w\" sizes=\"auto, (max-width: 1200px) 100vw, 1200px\" \/><figcaption class=\"wp-element-caption\">Apresenta\u00e7\u00e3o do projeto foi feita em reuni\u00e3o na Prefeitura de Jundia\u00ed<\/figcaption><\/figure>\n<\/div>\n\n\n<p>Ap\u00f3s a aprova\u00e7\u00e3o do projeto e a reforma do im\u00f3vel, que ocorrer\u00e1&nbsp;mediante contrapartida da iniciativa privada, o Prefeito Luiz Fernando Machado expedir\u00e1 decreto autorizando a permiss\u00e3o de uso ao Estado, pelo prazo necess\u00e1rio.<\/p>\n\n\n\n<p>Estiveram presentes na reuni\u00e3o o Gestor de Planejamento Urbano e Meio Ambiente (UGPUMA), Sin\u00e9sio Scarabello; a Gestora Adjunta da Casa Civil, Carmen Tubini; e o Gestor Adjunto de Infraestrutura e Servi\u00e7os P\u00fablicos, Ademir Pedro Victor. Tamb\u00e9m compareceram o Comandante da 1\u00aa Companhia de Pol\u00edcia Ambiental, Capit\u00e3o PM Andr\u00e9 Manoel; o Capit\u00e3o do 5\u00ba Batalh\u00e3o de Pol\u00edcia Ambiental, PM Hirano; a Comandante do 2\u00ba Batalh\u00e3o da 1\u00aa Companhia da Pol\u00edcia Militar, tenente Rosana; e representantes da construtora.<\/p>\n\n\n\n<p><em><strong>Fonte \/ Imagem: Prefeitura de Jundia\u00ed<\/strong><\/em><\/p>\n","protected":false},"excerpt":{"rendered":"<p>Apresenta\u00e7\u00e3o do projeto foi feita em reuni\u00e3o na Prefeitura de Jundia\u00ed<\/p>\n","protected":false},"author":30,"featured_media":109910,"comment_status":"closed","ping_status":"0","sticky":false,"template":"","format":"standard","meta":{"footnotes":""},"categories":[8356,1],"tags":[],"class_list":["post-109909","post","type-post","status-publish","format-standard","has-post-thumbnail","hentry","category-jundiai","category-noticias"],"_links":{"self":[{"href":"https:\/\/tvtecjundiai.com.br\/news\/wp-json\/wp\/v2\/posts\/109909","targetHints":{"allow":["GET"]}}],"collection":[{"href":"https:\/\/tvtecjundiai.com.br\/news\/wp-json\/wp\/v2\/posts"}],"about":[{"href":"https:\/\/tvtecjundiai.com.br\/news\/wp-json\/wp\/v2\/types\/post"}],"author":[{"embeddable":true,"href":"https:\/\/tvtecjundiai.com.br\/news\/wp-json\/wp\/v2\/users\/30"}],"replies":[{"embeddable":true,"href":"https:\/\/tvtecjundiai.com.br\/news\/wp-json\/wp\/v2\/comments?post=109909"}],"version-history":[{"count":1,"href":"https:\/\/tvtecjundiai.com.br\/news\/wp-json\/wp\/v2\/posts\/109909\/revisions"}],"predecessor-version":[{"id":109911,"href":"https:\/\/tvtecjundiai.com.br\/news\/wp-json\/wp\/v2\/posts\/109909\/revisions\/109911"}],"wp:featuredmedia":[{"embeddable":true,"href":"https:\/\/tvtecjundiai.com.br\/news\/wp-json\/wp\/v2\/media\/109910"}],"wp:attachment":[{"href":"https:\/\/tvtecjundiai.com.br\/news\/wp-json\/wp\/v2\/media?parent=109909"}],"wp:term":[{"taxonomy":"category","embeddable":true,"href":"https:\/\/tvtecjundiai.com.br\/news\/wp-json\/wp\/v2\/categories?post=109909"},{"taxonomy":"post_tag","embeddable":true,"href":"https:\/\/tvtecjundiai.com.br\/news\/wp-json\/wp\/v2\/tags?post=109909"}],"curies":[{"name":"wp","href":"https:\/\/api.w.org\/{rel}","templated":true}]}}