{"id":109925,"date":"2023-05-29T10:09:38","date_gmt":"2023-05-29T13:09:38","guid":{"rendered":"https:\/\/tvtecjundiai.com.br\/news\/?p=109925"},"modified":"2023-05-29T10:09:39","modified_gmt":"2023-05-29T13:09:39","slug":"inscricoes-para-o-vestibular-da-fatec-jundiai-vao-ate-sexta-feira-2","status":"publish","type":"post","link":"https:\/\/tvtecjundiai.com.br\/news\/2023\/05\/29\/inscricoes-para-o-vestibular-da-fatec-jundiai-vao-ate-sexta-feira-2\/","title":{"rendered":"Inscri\u00e7\u00f5es para o vestibular da Fatec Jundia\u00ed v\u00e3o at\u00e9 sexta-feira (2)"},"content":{"rendered":"\n<p>A&nbsp;<a href=\"http:\/\/www.fatecjd.edu.br\/portal\/\">Fatec Jundia\u00ed \u2013 Deputado Ary Fossen<\/a>&nbsp;est\u00e1 com as inscri\u00e7\u00f5es abertas para o vestibular at\u00e9 as 15h do&nbsp;<strong>dia 2 de junho<\/strong>&nbsp;para os interessados em ingressar no 2\u00b0 semestre de 2023. A taxa de inscri\u00e7\u00e3o custa R$ 91 e a prova presencial ser\u00e1 aplicada no dia 25 de junho, \u00e0s 13h.<\/p>\n\n\n\n<p>As inscri\u00e7\u00f5es podem ser feitas pelo site\u00a0<a href=\"https:\/\/www.vestibularfatec.com.br\/home\/\">https:\/\/www.vestibularfatec.com.br\/home\/<\/a>.<\/p>\n\n\n<div class=\"wp-block-image\">\n<figure class=\"aligncenter size-large is-resized\"><img loading=\"lazy\" decoding=\"async\" src=\"https:\/\/tvtecjundiai.com.br\/news\/wp-content\/uploads\/sites\/2\/2023\/05\/vestibular-fatec-jundiai-roberto-sungi-1200x799.jpg\" alt=\"\" class=\"wp-image-109926\" width=\"680\" height=\"452\" srcset=\"https:\/\/tvtecjundiai.com.br\/news\/wp-content\/uploads\/sites\/2\/2023\/05\/vestibular-fatec-jundiai-roberto-sungi-1200x799.jpg 1200w, https:\/\/tvtecjundiai.com.br\/news\/wp-content\/uploads\/sites\/2\/2023\/05\/vestibular-fatec-jundiai-roberto-sungi-300x200.jpg 300w, https:\/\/tvtecjundiai.com.br\/news\/wp-content\/uploads\/sites\/2\/2023\/05\/vestibular-fatec-jundiai-roberto-sungi-768x511.jpg 768w, https:\/\/tvtecjundiai.com.br\/news\/wp-content\/uploads\/sites\/2\/2023\/05\/vestibular-fatec-jundiai-roberto-sungi.jpg 1280w\" sizes=\"auto, (max-width: 680px) 100vw, 680px\" \/><\/figure>\n<\/div>\n\n\n<p><\/p>\n\n\n\n<p>Os cursos oferecidos na unidade Jundia\u00ed s\u00e3o:<\/p>\n\n\n\n<ul class=\"wp-block-list\">\n<li>An\u00e1lise e Desenvolvimento de Sistemas \u2013 tarde (1\u00b0 ao 4\u00b0 semestre) e noite (5\u00b0 e 6\u00b0 semestres)<\/li>\n\n\n\n<li>Defesa Cibern\u00e9tica \u2013 noite<\/li>\n\n\n\n<li>Eventos \u2013 manh\u00e3<\/li>\n\n\n\n<li>Gest\u00e3o Ambiental \u2013 tarde (1\u00b0 ao 4\u00b0 semestre) e noite (5\u00b0 e 6\u00b0 semestres)<\/li>\n\n\n\n<li>Gest\u00e3o da Tecnologia da Informa\u00e7\u00e3o \u2013 noite<\/li>\n\n\n\n<li>Gest\u00e3o de Log\u00edstica Integrada \u2013 manh\u00e3 e noite<\/li>\n\n\n\n<li>Gest\u00e3o Empresarial \u2013 EaD<\/li>\n\n\n\n<li>Sistemas Embarcados \u2013 manh\u00e3 (1\u00b0 ao 4\u00b0 semestre) e noite (5\u00b0 e 6\u00b0 semestres)<\/li>\n<\/ul>\n\n\n\n<p><em><strong>(Fonte: TVTEC Jundia\u00ed\/Imagem: Roberto Sungi)<\/strong><\/em><\/p>\n","protected":false},"excerpt":{"rendered":"<p>A prova presencial ser\u00e1 aplicada no dia 25 de junho, \u00e0s 13h<\/p>\n","protected":false},"author":30,"featured_media":109926,"comment_status":"closed","ping_status":"0","sticky":false,"template":"","format":"standard","meta":{"footnotes":""},"categories":[2828,8357,8356,1],"tags":[],"class_list":["post-109925","post","type-post","status-publish","format-standard","has-post-thumbnail","hentry","category-educacao","category-gestao","category-jundiai","category-noticias"],"_links":{"self":[{"href":"https:\/\/tvtecjundiai.com.br\/news\/wp-json\/wp\/v2\/posts\/109925","targetHints":{"allow":["GET"]}}],"collection":[{"href":"https:\/\/tvtecjundiai.com.br\/news\/wp-json\/wp\/v2\/posts"}],"about":[{"href":"https:\/\/tvtecjundiai.com.br\/news\/wp-json\/wp\/v2\/types\/post"}],"author":[{"embeddable":true,"href":"https:\/\/tvtecjundiai.com.br\/news\/wp-json\/wp\/v2\/users\/30"}],"replies":[{"embeddable":true,"href":"https:\/\/tvtecjundiai.com.br\/news\/wp-json\/wp\/v2\/comments?post=109925"}],"version-history":[{"count":1,"href":"https:\/\/tvtecjundiai.com.br\/news\/wp-json\/wp\/v2\/posts\/109925\/revisions"}],"predecessor-version":[{"id":109927,"href":"https:\/\/tvtecjundiai.com.br\/news\/wp-json\/wp\/v2\/posts\/109925\/revisions\/109927"}],"wp:featuredmedia":[{"embeddable":true,"href":"https:\/\/tvtecjundiai.com.br\/news\/wp-json\/wp\/v2\/media\/109926"}],"wp:attachment":[{"href":"https:\/\/tvtecjundiai.com.br\/news\/wp-json\/wp\/v2\/media?parent=109925"}],"wp:term":[{"taxonomy":"category","embeddable":true,"href":"https:\/\/tvtecjundiai.com.br\/news\/wp-json\/wp\/v2\/categories?post=109925"},{"taxonomy":"post_tag","embeddable":true,"href":"https:\/\/tvtecjundiai.com.br\/news\/wp-json\/wp\/v2\/tags?post=109925"}],"curies":[{"name":"wp","href":"https:\/\/api.w.org\/{rel}","templated":true}]}}