{"id":109928,"date":"2023-05-29T11:19:03","date_gmt":"2023-05-29T14:19:03","guid":{"rendered":"https:\/\/tvtecjundiai.com.br\/news\/?p=109928"},"modified":"2023-05-29T11:19:04","modified_gmt":"2023-05-29T14:19:04","slug":"rodizio-de-veiculos-em-sao-paulo-e-suspenso-nesta-segunda-29-apos-paralisacao-dos-onibus","status":"publish","type":"post","link":"https:\/\/tvtecjundiai.com.br\/news\/2023\/05\/29\/rodizio-de-veiculos-em-sao-paulo-e-suspenso-nesta-segunda-29-apos-paralisacao-dos-onibus\/","title":{"rendered":"Rod\u00edzio de ve\u00edculos em S\u00e3o Paulo \u00e9 suspenso nesta segunda (29) ap\u00f3s paralisa\u00e7\u00e3o dos \u00f4nibus"},"content":{"rendered":"\n<p>O rod\u00edzio de ve\u00edculos na cidade de\u00a0S\u00e3o Paulo\u00a0foi suspenso nesta segunda-feira (29) por conta da\u00a0paralisa\u00e7\u00e3o de motoristas de nove empresas de \u00f4nibus. Ve\u00edculos com placas finais 1 e 2 podem circular normalmente.<\/p>\n\n\n\n<p>Os corredores e faixas exclusivas n\u00e3o est\u00e3o liberados para circula\u00e7\u00e3o de ve\u00edculos. O rod\u00edzio para caminh\u00f5es permanece, bem como a Zona de M\u00e1xima Restri\u00e7\u00e3o \u00e0 Circula\u00e7\u00e3o de Caminh\u00f5es (ZMRC) e Zona de M\u00e1xima Restri\u00e7\u00e3o aos Fretados (ZMRF).<\/p>\n\n\n<div class=\"wp-block-image\">\n<figure class=\"aligncenter size-full is-resized\"><img loading=\"lazy\" decoding=\"async\" src=\"https:\/\/tvtecjundiai.com.br\/news\/wp-content\/uploads\/sites\/2\/2023\/05\/transito-carros-sao-paulo.jpg\" alt=\"\" class=\"wp-image-109929\" width=\"708\" height=\"472\" srcset=\"https:\/\/tvtecjundiai.com.br\/news\/wp-content\/uploads\/sites\/2\/2023\/05\/transito-carros-sao-paulo.jpg 770w, https:\/\/tvtecjundiai.com.br\/news\/wp-content\/uploads\/sites\/2\/2023\/05\/transito-carros-sao-paulo-300x200.jpg 300w, https:\/\/tvtecjundiai.com.br\/news\/wp-content\/uploads\/sites\/2\/2023\/05\/transito-carros-sao-paulo-768x512.jpg 768w\" sizes=\"auto, (max-width: 708px) 100vw, 708px\" \/><figcaption class=\"wp-element-caption\">Foto: Rovena Rosa\/Ag\u00eancia Brasil<\/figcaption><\/figure>\n<\/div>\n\n\n<p><\/p>\n\n\n\n<p><strong>Regras do rod\u00edzio, de acordo com o final da placa do carro:<\/strong><\/p>\n\n\n\n<ul class=\"wp-block-list\">\n<li>Segunda-feira: n\u00e3o circulam ve\u00edculos com placas de final 1 e 2;<\/li>\n\n\n\n<li>Ter\u00e7a-feira: n\u00e3o circulam ve\u00edculos com placas de final 3 e 4;<\/li>\n\n\n\n<li>Quarta-feira: n\u00e3o circulam ve\u00edculos com placas de final 5 e 6;<\/li>\n\n\n\n<li>Quinta-feira: n\u00e3o circulam ve\u00edculos com placas de final 7 e 8;<\/li>\n\n\n\n<li>Sexta-feira: n\u00e3o circulam ve\u00edculos com placas de final 9 e 0.<\/li>\n<\/ul>\n\n\n\n<p><strong>Greve<\/strong><\/p>\n\n\n\n<p>Uma paralisa\u00e7\u00e3o atrasou a sa\u00edda de 9 empresas de \u00f4nibus em S\u00e3o Paulo na manh\u00e3 desta segunda-feira (29). A SPTrans informa que a circula\u00e7\u00e3o est\u00e1 em processo de normaliza\u00e7\u00e3o.<\/p>\n\n\n\n<p>A demora foi causada por conta de uma paralisa\u00e7\u00e3o parcial de motoristas e cobradores, que pedem melhoria salarial.<\/p>\n\n\n\n<p><strong><em>(Fonte: g1\/Imagem: Rovena Rosa\/Ag\u00eancia Brasil)<\/em><\/strong><\/p>\n","protected":false},"excerpt":{"rendered":"<p>Ve\u00edculos com placas finais 1 e 2 podem circular normalmente<\/p>\n","protected":false},"author":30,"featured_media":109929,"comment_status":"closed","ping_status":"0","sticky":false,"template":"","format":"standard","meta":{"footnotes":""},"categories":[1,6151],"tags":[],"class_list":["post-109928","post","type-post","status-publish","format-standard","has-post-thumbnail","hentry","category-noticias","category-transito"],"_links":{"self":[{"href":"https:\/\/tvtecjundiai.com.br\/news\/wp-json\/wp\/v2\/posts\/109928","targetHints":{"allow":["GET"]}}],"collection":[{"href":"https:\/\/tvtecjundiai.com.br\/news\/wp-json\/wp\/v2\/posts"}],"about":[{"href":"https:\/\/tvtecjundiai.com.br\/news\/wp-json\/wp\/v2\/types\/post"}],"author":[{"embeddable":true,"href":"https:\/\/tvtecjundiai.com.br\/news\/wp-json\/wp\/v2\/users\/30"}],"replies":[{"embeddable":true,"href":"https:\/\/tvtecjundiai.com.br\/news\/wp-json\/wp\/v2\/comments?post=109928"}],"version-history":[{"count":1,"href":"https:\/\/tvtecjundiai.com.br\/news\/wp-json\/wp\/v2\/posts\/109928\/revisions"}],"predecessor-version":[{"id":109930,"href":"https:\/\/tvtecjundiai.com.br\/news\/wp-json\/wp\/v2\/posts\/109928\/revisions\/109930"}],"wp:featuredmedia":[{"embeddable":true,"href":"https:\/\/tvtecjundiai.com.br\/news\/wp-json\/wp\/v2\/media\/109929"}],"wp:attachment":[{"href":"https:\/\/tvtecjundiai.com.br\/news\/wp-json\/wp\/v2\/media?parent=109928"}],"wp:term":[{"taxonomy":"category","embeddable":true,"href":"https:\/\/tvtecjundiai.com.br\/news\/wp-json\/wp\/v2\/categories?post=109928"},{"taxonomy":"post_tag","embeddable":true,"href":"https:\/\/tvtecjundiai.com.br\/news\/wp-json\/wp\/v2\/tags?post=109928"}],"curies":[{"name":"wp","href":"https:\/\/api.w.org\/{rel}","templated":true}]}}