{"id":109931,"date":"2023-05-29T13:40:41","date_gmt":"2023-05-29T16:40:41","guid":{"rendered":"https:\/\/tvtecjundiai.com.br\/news\/?p=109931"},"modified":"2023-05-30T09:12:48","modified_gmt":"2023-05-30T12:12:48","slug":"novo-salario-minimo-estadual-de-r-1-550-entra-em-vigor-em-junho","status":"publish","type":"post","link":"https:\/\/tvtecjundiai.com.br\/news\/2023\/05\/29\/novo-salario-minimo-estadual-de-r-1-550-entra-em-vigor-em-junho\/","title":{"rendered":"Novo sal\u00e1rio m\u00ednimo estadual de R$ 1.550 entra em vigor em junho"},"content":{"rendered":"\n<p>Foi sancionada na quinta-feira (25), no Pal\u00e1cio dos Bandeirantes, a lei que estabelece o novo sal\u00e1rio m\u00ednimo paulista com valor de R$ 1.550. Agora, o texto aprovado pela Assembleia Legislativa ser\u00e1 publicado no Di\u00e1rio Oficial do Estado, formalizando o tr\u00e2mite legal para a aplica\u00e7\u00e3o do reajuste. O novo valor \u00e9 superior ao sal\u00e1rio m\u00ednimo nacional e passa a vigorar a partir do dia 1\u00ba de junho.<\/p>\n\n\n\n<p>\u201cN\u00f3s temos que celebrar as vit\u00f3rias, as conquistas e cada passo que estamos dando. A gente sabe que muitos passos t\u00eam que ser dados, mas \u00e9 um primeiro passo importante para outros vigorosos no sentido de recupera\u00e7\u00e3o de poder de compra do trabalhador, de uma sociedade mais justa e humana e de um estado mais desenvolvido, com mais di\u00e1logo e dignidade\u201d, declarou o governador Tarc\u00edsio de Freitas.<\/p>\n\n\n\n<p>O novo piso salarial do estado unifica as duas faixas anteriores de remunera\u00e7\u00e3o, de R$ 1.284 e R$ 1.306, e representar\u00e1 um reajuste de 20,7% para a primeira e de 18,7% para a segunda. O \u00edndice de aumento do piso paulista \u00e9 quatro vezes maior do que a infla\u00e7\u00e3o acumulada nos \u00faltimos 12 meses, de 4,65%, segundo o IBGE.<\/p>\n\n\n<div class=\"wp-block-image\">\n<figure class=\"aligncenter size-full\"><img loading=\"lazy\" decoding=\"async\" width=\"703\" height=\"464\" src=\"https:\/\/tvtecjundiai.com.br\/news\/wp-content\/uploads\/sites\/2\/2023\/05\/dinheiro-real-moeda-brasil.jpg\" alt=\"\" class=\"wp-image-109932\" srcset=\"https:\/\/tvtecjundiai.com.br\/news\/wp-content\/uploads\/sites\/2\/2023\/05\/dinheiro-real-moeda-brasil.jpg 703w, https:\/\/tvtecjundiai.com.br\/news\/wp-content\/uploads\/sites\/2\/2023\/05\/dinheiro-real-moeda-brasil-300x198.jpg 300w\" sizes=\"auto, (max-width: 703px) 100vw, 703px\" \/><\/figure>\n<\/div>\n\n\n<p><\/p>\n\n\n\n<p>O reajuste sancionado pela atual gest\u00e3o estadual tamb\u00e9m \u00e9 significativamente superior ao concedido para o piso paulista em 2022, que foi de 10,3%.<\/p>\n\n\n\n<p>A proposta do novo sal\u00e1rio m\u00ednimo paulista foi enviada \u00e0 Assembleia Legislativa no \u00faltimo dia 2 de maio e tramitou em regime de urg\u00eancia. Na vota\u00e7\u00e3o em plen\u00e1rio, recebeu emenda que incluiu cuidadores de idosos na lista de profiss\u00f5es e atividades abrangidas pelo novo sal\u00e1rio m\u00ednimo.<\/p>\n\n\n\n<p>O presidente da Alesp ressaltou a import\u00e2ncia do reajuste e o empenho dos parlamentares para aprovar a proposta do Governo de S\u00e3o Paulo. \u201cContamos com todos os deputados estaduais para votar o novo valor do sal\u00e1rio m\u00ednimo paulista, que teve o maior reajuste desde 2007. E quando a gente fala em piso salarial, a gente est\u00e1 falando do atendimento \u00e0 demanda da popula\u00e7\u00e3o que mais precisa. E \u00e9 importante esse olhar para essa camada mais carente\u201d, disse Andr\u00e9 do Prado.<\/p>\n\n\n\n<p>Criado em 2007, o piso estadual permite que trabalhadores paulistas recebam remunera\u00e7\u00f5es acima do sal\u00e1rio m\u00ednimo nacional. Os valores propostos pelo Governo do Estado levam em conta as condi\u00e7\u00f5es de demanda de m\u00e3o-de-obra e custo de vida em S\u00e3o Paulo, incorporando especificidades do mercado de trabalho local.<\/p>\n\n\n\n<p><strong><em>(Fonte: Governo do Estado de S\u00e3o Paulo\/Imagem: Canva)<\/em><\/strong><\/p>\n","protected":false},"excerpt":{"rendered":"<p>O novo valor \u00e9 superior ao sal\u00e1rio m\u00ednimo nacional<\/p>\n","protected":false},"author":30,"featured_media":109932,"comment_status":"closed","ping_status":"0","sticky":false,"template":"","format":"standard","meta":{"footnotes":""},"categories":[2829,1],"tags":[],"class_list":["post-109931","post","type-post","status-publish","format-standard","has-post-thumbnail","hentry","category-economia","category-noticias"],"_links":{"self":[{"href":"https:\/\/tvtecjundiai.com.br\/news\/wp-json\/wp\/v2\/posts\/109931","targetHints":{"allow":["GET"]}}],"collection":[{"href":"https:\/\/tvtecjundiai.com.br\/news\/wp-json\/wp\/v2\/posts"}],"about":[{"href":"https:\/\/tvtecjundiai.com.br\/news\/wp-json\/wp\/v2\/types\/post"}],"author":[{"embeddable":true,"href":"https:\/\/tvtecjundiai.com.br\/news\/wp-json\/wp\/v2\/users\/30"}],"replies":[{"embeddable":true,"href":"https:\/\/tvtecjundiai.com.br\/news\/wp-json\/wp\/v2\/comments?post=109931"}],"version-history":[{"count":2,"href":"https:\/\/tvtecjundiai.com.br\/news\/wp-json\/wp\/v2\/posts\/109931\/revisions"}],"predecessor-version":[{"id":109964,"href":"https:\/\/tvtecjundiai.com.br\/news\/wp-json\/wp\/v2\/posts\/109931\/revisions\/109964"}],"wp:featuredmedia":[{"embeddable":true,"href":"https:\/\/tvtecjundiai.com.br\/news\/wp-json\/wp\/v2\/media\/109932"}],"wp:attachment":[{"href":"https:\/\/tvtecjundiai.com.br\/news\/wp-json\/wp\/v2\/media?parent=109931"}],"wp:term":[{"taxonomy":"category","embeddable":true,"href":"https:\/\/tvtecjundiai.com.br\/news\/wp-json\/wp\/v2\/categories?post=109931"},{"taxonomy":"post_tag","embeddable":true,"href":"https:\/\/tvtecjundiai.com.br\/news\/wp-json\/wp\/v2\/tags?post=109931"}],"curies":[{"name":"wp","href":"https:\/\/api.w.org\/{rel}","templated":true}]}}