{"id":109944,"date":"2023-05-29T14:47:01","date_gmt":"2023-05-29T17:47:01","guid":{"rendered":"https:\/\/tvtecjundiai.com.br\/news\/?p=109944"},"modified":"2023-05-29T14:47:03","modified_gmt":"2023-05-29T17:47:03","slug":"prazo-para-entrega-da-declaracao-do-imposto-de-renda-2023-termina-dia-31","status":"publish","type":"post","link":"https:\/\/tvtecjundiai.com.br\/news\/2023\/05\/29\/prazo-para-entrega-da-declaracao-do-imposto-de-renda-2023-termina-dia-31\/","title":{"rendered":"Prazo para entrega da declara\u00e7\u00e3o do Imposto de Renda 2023 termina dia 31"},"content":{"rendered":"\n<p>Faltam dois dias para terminar o prazo dado aos contribuintes para apresentarem a declara\u00e7\u00e3o do Imposto de Renda (IR) da Pessoa F\u00edsica 2023. De acordo com a Receita Federal, at\u00e9 o in\u00edcio da manh\u00e3 desta segunda-feira (29), mais de 33,2 milh\u00f5es de declara\u00e7\u00f5es haviam sido entregues. A expectativa \u00e9 de que 39,5 milh\u00f5es sejam entregues at\u00e9 o prazo final, que \u00e9 o dia 31 de maio.<img decoding=\"async\" src=\"https:\/\/agenciabrasil.ebc.com.br\/ebc.png?id=1535764&amp;o=node\"><img decoding=\"async\" src=\"https:\/\/agenciabrasil.ebc.com.br\/ebc.gif?id=1535764&amp;o=node\"><\/p>\n\n\n\n<p>Do total de declara\u00e7\u00f5es j\u00e1 apresentadas, 23% utilizaram a pr\u00e9-preenchida, o que, segundo a Receita, reduz o risco de erros. Esse modelo possibilita o uso de informa\u00e7\u00f5es disponibilizadas a partir de bancos de dados do governo.<\/p>\n\n\n\n<p>O Fisco, no entanto, alerta que \u201ctodas as informa\u00e7\u00f5es devem ser checadas e validadas pelo contribuinte antes do envio\u201d.<\/p>\n\n\n<div class=\"wp-block-image\">\n<figure class=\"aligncenter size-full\"><img loading=\"lazy\" decoding=\"async\" width=\"752\" height=\"423\" src=\"https:\/\/tvtecjundiai.com.br\/news\/wp-content\/uploads\/sites\/2\/2023\/05\/Declaracao-do-Imposto-de-Renda-2023.png\" alt=\"\" class=\"wp-image-109544\" srcset=\"https:\/\/tvtecjundiai.com.br\/news\/wp-content\/uploads\/sites\/2\/2023\/05\/Declaracao-do-Imposto-de-Renda-2023.png 752w, https:\/\/tvtecjundiai.com.br\/news\/wp-content\/uploads\/sites\/2\/2023\/05\/Declaracao-do-Imposto-de-Renda-2023-300x169.png 300w\" sizes=\"auto, (max-width: 752px) 100vw, 752px\" \/><\/figure>\n<\/div>\n\n\n<p><\/p>\n\n\n\n<p>O preenchimento e a entrega podem ser feitos por meio do Programa Gerador da Declara\u00e7\u00e3o relativo ao exerc\u00edcio de 2023, que est\u00e1 dispon\u00edvel para\u00a0<em>download<\/em>\u00a0no\u00a0<a rel=\"noreferrer noopener\" href=\"https:\/\/www.gov.br\/receitafederal\/pt-br\/centrais-de-conteudo\/download\/pgd\/dirpf\" target=\"_blank\"><em>site<\/em>\u00a0da Receita Federal<\/a>; por meio do servi\u00e7o\u00a0<em>online<\/em>\u00a0<a rel=\"noreferrer noopener\" href=\"https:\/\/www.gov.br\/pt-br\/apps\/meu-imposto-de-renda\" target=\"_blank\">Meu Imposto de Renda<\/a>, pelo\u00a0<a rel=\"noreferrer noopener\" href=\"https:\/\/cav.receita.fazenda.gov.br\/autenticacao\/login\" target=\"_blank\">Portal e-CAC<\/a>\u00a0ou pelo aplicativo para\u00a0<em>tablets<\/em>\u00a0e celulares.<\/p>\n\n\n\n<p>Quem usar a declara\u00e7\u00e3o pr\u00e9-preenchida ou optar por receber o valor da restitui\u00e7\u00e3o por meio da chave Pix (desde que a chave seja o CPF do cidad\u00e3o) ter\u00e1 prioridade no recebimento da restitui\u00e7\u00e3o, sempre respeitando as prioridades legais, como idosos, professores e pessoas com defici\u00eancia.<\/p>\n\n\n\n<p>O pagamento das restitui\u00e7\u00f5es foi dividido em cinco grupos mensais at\u00e9 29 de setembro, de acordo com a data de entrega da declara\u00e7\u00e3o.<\/p>\n\n\n\n<p>A declara\u00e7\u00e3o deste ano apresenta uma novidade em rela\u00e7\u00e3o a quem tem investimentos na bolsa de valores, no mercado futuro ou em investimentos semelhantes: a obrigatoriedade da declara\u00e7\u00e3o para esse p\u00fablico foi flexibilizada.<\/p>\n\n\n\n<p>Agora, s\u00f3 \u00e9 obrigado a enviar a declara\u00e7\u00e3o quem vendeu a\u00e7\u00f5es cuja soma superou, no total, R$ 40 mil ou quem obteve lucro de qualquer valor com a venda de a\u00e7\u00f5es em 2022, sujeito \u00e0 cobran\u00e7a do IR, independentemente do valor da venda. Antes, qualquer contribuinte que tivesse comprado ou vendido a\u00e7\u00f5es no ano anterior, em qualquer valor, era obrigado a declarar.<\/p>\n\n\n\n<p><em><strong>(Fonte: Ag\u00eancia Brasil\/Imagem: Divulga\u00e7\u00e3o)<\/strong><\/em><\/p>\n","protected":false},"excerpt":{"rendered":"<p>A expectativa \u00e9 de que 39,5 milh\u00f5es de declara\u00e7\u00f5es sejam entregues at\u00e9 o prazo final<\/p>\n","protected":false},"author":30,"featured_media":109544,"comment_status":"closed","ping_status":"0","sticky":false,"template":"","format":"standard","meta":{"footnotes":""},"categories":[2829,1],"tags":[],"class_list":["post-109944","post","type-post","status-publish","format-standard","has-post-thumbnail","hentry","category-economia","category-noticias"],"_links":{"self":[{"href":"https:\/\/tvtecjundiai.com.br\/news\/wp-json\/wp\/v2\/posts\/109944","targetHints":{"allow":["GET"]}}],"collection":[{"href":"https:\/\/tvtecjundiai.com.br\/news\/wp-json\/wp\/v2\/posts"}],"about":[{"href":"https:\/\/tvtecjundiai.com.br\/news\/wp-json\/wp\/v2\/types\/post"}],"author":[{"embeddable":true,"href":"https:\/\/tvtecjundiai.com.br\/news\/wp-json\/wp\/v2\/users\/30"}],"replies":[{"embeddable":true,"href":"https:\/\/tvtecjundiai.com.br\/news\/wp-json\/wp\/v2\/comments?post=109944"}],"version-history":[{"count":1,"href":"https:\/\/tvtecjundiai.com.br\/news\/wp-json\/wp\/v2\/posts\/109944\/revisions"}],"predecessor-version":[{"id":109945,"href":"https:\/\/tvtecjundiai.com.br\/news\/wp-json\/wp\/v2\/posts\/109944\/revisions\/109945"}],"wp:featuredmedia":[{"embeddable":true,"href":"https:\/\/tvtecjundiai.com.br\/news\/wp-json\/wp\/v2\/media\/109544"}],"wp:attachment":[{"href":"https:\/\/tvtecjundiai.com.br\/news\/wp-json\/wp\/v2\/media?parent=109944"}],"wp:term":[{"taxonomy":"category","embeddable":true,"href":"https:\/\/tvtecjundiai.com.br\/news\/wp-json\/wp\/v2\/categories?post=109944"},{"taxonomy":"post_tag","embeddable":true,"href":"https:\/\/tvtecjundiai.com.br\/news\/wp-json\/wp\/v2\/tags?post=109944"}],"curies":[{"name":"wp","href":"https:\/\/api.w.org\/{rel}","templated":true}]}}