{"id":109951,"date":"2023-05-29T15:58:18","date_gmt":"2023-05-29T18:58:18","guid":{"rendered":"https:\/\/tvtecjundiai.com.br\/news\/?p=109951"},"modified":"2023-05-29T15:58:18","modified_gmt":"2023-05-29T18:58:18","slug":"empresas-escolas-e-instituicoes-ja-podem-se-inscrever-para-1a-feira-de-profissoes-de-jundiai","status":"publish","type":"post","link":"https:\/\/tvtecjundiai.com.br\/news\/2023\/05\/29\/empresas-escolas-e-instituicoes-ja-podem-se-inscrever-para-1a-feira-de-profissoes-de-jundiai\/","title":{"rendered":"Empresas, escolas e institui\u00e7\u00f5es j\u00e1 podem se inscrever para 1\u00aa Feira de Profiss\u00f5es de Jundia\u00ed"},"content":{"rendered":"\n<p>Atento ao futuro profissional dos jovens e na inova\u00e7\u00e3o tecnol\u00f3gica, a Unidade de Gest\u00e3o de Desenvolvimento Econ\u00f4mico, Ci\u00eancia e Tecnologia (UGDECT) abriu as pr\u00e9-inscri\u00e7\u00f5es para a 1\u00aa Feira das Profiss\u00f5es e da Tecnologia. O evento acontecer\u00e1 nos dias 14, 15 e 16 de setembro, no Parque Comendador Ant\u00f4nio Carbonari (Parque da Uva).<\/p>\n\n\n\n<p>O edital para chamamento p\u00fablico de empresas, escolas e institui\u00e7\u00f5es sediadas em Jundia\u00ed interessadas em participar da feira foi publicado na<a href=\"https:\/\/imprensaoficial.jundiai.sp.gov.br\/edicao-5273\/\">&nbsp;Imprensa Oficial<\/a>.<\/p>\n\n\n\n<p>\u201cA 1\u00aa Feira das Profiss\u00f5es e da Tecnologia contar\u00e1 com uma experi\u00eancia \u00fanica e interativa para todos os visitantes. Nosso objetivo \u00e9 proporcionar viv\u00eancias e experi\u00eancias \u00fanicas, com diversas atividades envolventes que permitir\u00e3o aos jovens explorar diferentes \u00e1reas profissionais de maneira pr\u00e1tica e interessante\u201d, destacou Cristiano Lopes, gestor de Desenvolvimento Econ\u00f4mico, Ci\u00eancia e Tecnologia.<\/p>\n\n\n<div class=\"wp-block-image\">\n<figure class=\"aligncenter size-full is-resized\"><img loading=\"lazy\" decoding=\"async\" src=\"https:\/\/tvtecjundiai.com.br\/news\/wp-content\/uploads\/sites\/2\/2023\/05\/img-8115-1104x960-1.jpg\" alt=\"\" class=\"wp-image-109952\" width=\"840\" height=\"730\" srcset=\"https:\/\/tvtecjundiai.com.br\/news\/wp-content\/uploads\/sites\/2\/2023\/05\/img-8115-1104x960-1.jpg 1104w, https:\/\/tvtecjundiai.com.br\/news\/wp-content\/uploads\/sites\/2\/2023\/05\/img-8115-1104x960-1-300x261.jpg 300w, https:\/\/tvtecjundiai.com.br\/news\/wp-content\/uploads\/sites\/2\/2023\/05\/img-8115-1104x960-1-768x668.jpg 768w\" sizes=\"auto, (max-width: 840px) 100vw, 840px\" \/><figcaption class=\"wp-element-caption\">Pr\u00e9-inscri\u00e7\u00f5es podem ser feitas pelo portal do Jundia\u00ed Empreendedora: oportunidade para os jovens<\/figcaption><\/figure>\n<\/div>\n\n\n<p>As pr\u00e9-inscri\u00e7\u00f5es poder\u00e3o ser feitas somente via formul\u00e1rio do Google Forms at\u00e9 o dia 24 de junho. O&nbsp;<a href=\"https:\/\/docs.google.com\/forms\/d\/e\/1FAIpQLScy-OJGeJX_P7YTpukvcr3XqkZKoVLVF39p2CZAOWM1KjsIlA\/viewform\">link est\u00e1 dispon\u00edvel<\/a>, tamb\u00e9m, no portal<a href=\"https:\/\/negocios.jundiai.sp.gov.br\/\">&nbsp;Jundia\u00ed Empreendedora<\/a>. Podem participar do evento as empresas, escolas e institui\u00e7\u00f5es sediadas em Jundia\u00ed. Tamb\u00e9m poder\u00e3o se inscrever interessados na modalidade foodtruck.<\/p>\n\n\n\n<p>\u201cQuem for \u00e0 feira ter\u00e1 oportunidade de participar de workshops, palestras e demonstra\u00e7\u00f5es pr\u00e1ticas, ministradas por profissionais renomados de diversas \u00e1reas. Essas atividades permitir\u00e3o que os visitantes conhe\u00e7am de perto as rotinas de trabalho, os desafios e as recompensas de diferentes profiss\u00f5es, despertando o interesse e a curiosidade\u201d, ressaltou Jos\u00e9 Antonio Parimoschi, gestor de Governo e Finan\u00e7as.<\/p>\n\n\n\n<p>Al\u00e9m disso, um destaque especial ser\u00e1 o perfil profissional interativo, onde os visitantes poder\u00e3o descobrir as aptid\u00f5es e interesses profissionais. Esse teste, baseado em question\u00e1rios e atividades pr\u00e1ticas, ajudar\u00e1 os jovens a identificar \u00e1reas de atua\u00e7\u00e3o que estejam alinhadas com as habilidades e paix\u00f5es.<\/p>\n\n\n\n<p>Para mais informa\u00e7\u00f5es, os interessados em realizar a pr\u00e9-inscri\u00e7\u00e3o devem acessar o\u00a0<a rel=\"noreferrer noopener\" href=\"https:\/\/negocios.jundiai.sp.gov.br\/\" target=\"_blank\">edital pelo portal Jundia\u00ed Empreendedora<\/a>.<\/p>\n\n\n\n<p><strong><em>Fonte \/ Imagem: Prefeitura de Jundia\u00ed<\/em><\/strong><\/p>\n","protected":false},"excerpt":{"rendered":"<p>Pr\u00e9-inscri\u00e7\u00f5es podem ser feitas pelo portal do Jundia\u00ed Empreendedora: oportunidade para os jovens<\/p>\n","protected":false},"author":30,"featured_media":109952,"comment_status":"closed","ping_status":"0","sticky":false,"template":"","format":"standard","meta":{"footnotes":""},"categories":[8356,1],"tags":[],"class_list":["post-109951","post","type-post","status-publish","format-standard","has-post-thumbnail","hentry","category-jundiai","category-noticias"],"_links":{"self":[{"href":"https:\/\/tvtecjundiai.com.br\/news\/wp-json\/wp\/v2\/posts\/109951","targetHints":{"allow":["GET"]}}],"collection":[{"href":"https:\/\/tvtecjundiai.com.br\/news\/wp-json\/wp\/v2\/posts"}],"about":[{"href":"https:\/\/tvtecjundiai.com.br\/news\/wp-json\/wp\/v2\/types\/post"}],"author":[{"embeddable":true,"href":"https:\/\/tvtecjundiai.com.br\/news\/wp-json\/wp\/v2\/users\/30"}],"replies":[{"embeddable":true,"href":"https:\/\/tvtecjundiai.com.br\/news\/wp-json\/wp\/v2\/comments?post=109951"}],"version-history":[{"count":1,"href":"https:\/\/tvtecjundiai.com.br\/news\/wp-json\/wp\/v2\/posts\/109951\/revisions"}],"predecessor-version":[{"id":109953,"href":"https:\/\/tvtecjundiai.com.br\/news\/wp-json\/wp\/v2\/posts\/109951\/revisions\/109953"}],"wp:featuredmedia":[{"embeddable":true,"href":"https:\/\/tvtecjundiai.com.br\/news\/wp-json\/wp\/v2\/media\/109952"}],"wp:attachment":[{"href":"https:\/\/tvtecjundiai.com.br\/news\/wp-json\/wp\/v2\/media?parent=109951"}],"wp:term":[{"taxonomy":"category","embeddable":true,"href":"https:\/\/tvtecjundiai.com.br\/news\/wp-json\/wp\/v2\/categories?post=109951"},{"taxonomy":"post_tag","embeddable":true,"href":"https:\/\/tvtecjundiai.com.br\/news\/wp-json\/wp\/v2\/tags?post=109951"}],"curies":[{"name":"wp","href":"https:\/\/api.w.org\/{rel}","templated":true}]}}