{"id":109959,"date":"2023-05-29T17:44:41","date_gmt":"2023-05-29T20:44:41","guid":{"rendered":"https:\/\/tvtecjundiai.com.br\/news\/?p=109959"},"modified":"2023-05-29T17:44:50","modified_gmt":"2023-05-29T20:44:50","slug":"projetos-de-mobilidade-entram-em-pauta-em-reuniao-de-monitoramento","status":"publish","type":"post","link":"https:\/\/tvtecjundiai.com.br\/news\/2023\/05\/29\/projetos-de-mobilidade-entram-em-pauta-em-reuniao-de-monitoramento\/","title":{"rendered":"Projetos de mobilidade entram em pauta em Reuni\u00e3o de Monitoramento"},"content":{"rendered":"\n<p>Nesta segunda-feira (23), o Gestor de Governo e Finan\u00e7as (UGGF), Jos\u00e9 Antonio Parimoschi, liderou a 23\u00aa Reuni\u00e3o de Monitoramento dos projetos priorit\u00e1rios. O encontro aconteceu na Sala de Situa\u00e7\u00e3o do Pa\u00e7o Municipal e teve como foco o andamento das tr\u00eas principais obras voltadas \u00e0 mobilidade urbana na cidade.<\/p>\n\n\n\n<p>Com investimentos de R$ 147 milh\u00f5es, a avenida Ant\u00f4nio Frederico Ozanan passar\u00e1 por requalifica\u00e7\u00e3o. O projeto prev\u00ea o prolongamento com canaliza\u00e7\u00e3o do trecho do rio Jundia\u00ed, da avenida Frederico Ozanan, entre a avenida 9 de julho e a rua Godoy Ferraz, fazendo conex\u00e3o \u00e0 avenida Prefeito Luiz Latorre por meio de uma ponte. Tamb\u00e9m est\u00e3o previstas pontes que fa\u00e7am a liga\u00e7\u00e3o com as marginais do C\u00f3rrego das Walqu\u00edrias, al\u00e9m da que passar\u00e1 sobre o Rio Jundia\u00ed, na marginal da rodovia Jo\u00e3o Cereser pr\u00f3ximo \u00e0 UNIP. O t\u00fanel da regi\u00e3o ser\u00e1 duplicado. A obra ir\u00e1 melhorar a mobilidade e reduzir o tempo de viagem dos motoristas que ir\u00e3o para as regi\u00f5es norte e nordeste da cidade.<\/p>\n\n\n<div class=\"wp-block-image\">\n<figure class=\"aligncenter size-large\"><img loading=\"lazy\" decoding=\"async\" width=\"1200\" height=\"801\" src=\"https:\/\/tvtecjundiai.com.br\/news\/wp-content\/uploads\/sites\/2\/2023\/05\/23-rodada-de-reunioes-de-monitoramento-com-plataformas_fm_-17-1280x854-1-1200x801.jpg\" alt=\"\" class=\"wp-image-109960\" srcset=\"https:\/\/tvtecjundiai.com.br\/news\/wp-content\/uploads\/sites\/2\/2023\/05\/23-rodada-de-reunioes-de-monitoramento-com-plataformas_fm_-17-1280x854-1-1200x801.jpg 1200w, https:\/\/tvtecjundiai.com.br\/news\/wp-content\/uploads\/sites\/2\/2023\/05\/23-rodada-de-reunioes-de-monitoramento-com-plataformas_fm_-17-1280x854-1-300x200.jpg 300w, https:\/\/tvtecjundiai.com.br\/news\/wp-content\/uploads\/sites\/2\/2023\/05\/23-rodada-de-reunioes-de-monitoramento-com-plataformas_fm_-17-1280x854-1-768x512.jpg 768w, https:\/\/tvtecjundiai.com.br\/news\/wp-content\/uploads\/sites\/2\/2023\/05\/23-rodada-de-reunioes-de-monitoramento-com-plataformas_fm_-17-1280x854-1.jpg 1280w\" sizes=\"auto, (max-width: 1200px) 100vw, 1200px\" \/><figcaption class=\"wp-element-caption\">Reuni\u00e3o de monitoramento \u00e9 realizado entre Governo e Unidades de Gest\u00e3o, para alinhar projetos<\/figcaption><\/figure>\n<\/div>\n\n\n<p>Outro projeto em andamento \u00e9 a constru\u00e7\u00e3o da avenida Paulo Benassi por tr\u00e1s do ECAJ (Ceasa). Ela ligar\u00e1 a marginal da rodovia Jo\u00e3o Cereser com Antonio Frederico Ozanan, na regi\u00e3o do bairro do Engordadouro. Por fim, o Complexo Vi\u00e1rio Regi\u00e3o Sul, um dispositivo de viaduto e al\u00e7as de acesso que ligam a avenida Samuel Martins com a avenida 14 de Dezembro, passando por cima da rodovia Presidente Tancredo Neves, segue em andamento e chegou a 44% de execu\u00e7\u00e3o.<\/p>\n\n\n\n<p>\u201cAs obras de requalifica\u00e7\u00e3o urbana realizadas em Jundia\u00ed visam melhorar o fluxo de tr\u00e2nsito nos principais gargalos da cidade. O monitoramento \u00e9 realizado com o objetivo de resolver as pend\u00eancia de forma assertiva e entregarmos os projetos que melhoram a qualidade de vida e a seguran\u00e7a dos motoristas\u201d, afirma Parimoschi.<\/p>\n\n\n\n<p>Na reuni\u00e3o estiveram presentes gestores, diretores e gerentes de projeto da Unidade de Gest\u00e3o de Infraestrutura e servi\u00e7os P\u00fablicos (UGISP); Mobilidade e Transporte (UGMT); Agroneg\u00f3cio, Abastecimento e Turismo (UGAAT); Planejamento Urbano e Meio Ambiente (UGPUMA), Desenvolvimento Econ\u00f4mico, Ci\u00eancia e Tecnologia (UGDECT) e DAE.<\/p>\n\n\n\n<p><strong><em>Fonte \/ Imagem: Prefeitura de Jundia\u00ed<\/em><\/strong><\/p>\n","protected":false},"excerpt":{"rendered":"<p>Reuni\u00e3o de monitoramento \u00e9 realizado entre Governo e Unidades de Gest\u00e3o, para alinhar projetos<\/p>\n","protected":false},"author":30,"featured_media":109960,"comment_status":"closed","ping_status":"0","sticky":false,"template":"","format":"standard","meta":{"footnotes":""},"categories":[8356,1],"tags":[],"class_list":["post-109959","post","type-post","status-publish","format-standard","has-post-thumbnail","hentry","category-jundiai","category-noticias"],"_links":{"self":[{"href":"https:\/\/tvtecjundiai.com.br\/news\/wp-json\/wp\/v2\/posts\/109959","targetHints":{"allow":["GET"]}}],"collection":[{"href":"https:\/\/tvtecjundiai.com.br\/news\/wp-json\/wp\/v2\/posts"}],"about":[{"href":"https:\/\/tvtecjundiai.com.br\/news\/wp-json\/wp\/v2\/types\/post"}],"author":[{"embeddable":true,"href":"https:\/\/tvtecjundiai.com.br\/news\/wp-json\/wp\/v2\/users\/30"}],"replies":[{"embeddable":true,"href":"https:\/\/tvtecjundiai.com.br\/news\/wp-json\/wp\/v2\/comments?post=109959"}],"version-history":[{"count":1,"href":"https:\/\/tvtecjundiai.com.br\/news\/wp-json\/wp\/v2\/posts\/109959\/revisions"}],"predecessor-version":[{"id":109961,"href":"https:\/\/tvtecjundiai.com.br\/news\/wp-json\/wp\/v2\/posts\/109959\/revisions\/109961"}],"wp:featuredmedia":[{"embeddable":true,"href":"https:\/\/tvtecjundiai.com.br\/news\/wp-json\/wp\/v2\/media\/109960"}],"wp:attachment":[{"href":"https:\/\/tvtecjundiai.com.br\/news\/wp-json\/wp\/v2\/media?parent=109959"}],"wp:term":[{"taxonomy":"category","embeddable":true,"href":"https:\/\/tvtecjundiai.com.br\/news\/wp-json\/wp\/v2\/categories?post=109959"},{"taxonomy":"post_tag","embeddable":true,"href":"https:\/\/tvtecjundiai.com.br\/news\/wp-json\/wp\/v2\/tags?post=109959"}],"curies":[{"name":"wp","href":"https:\/\/api.w.org\/{rel}","templated":true}]}}