{"id":109965,"date":"2023-05-30T09:34:10","date_gmt":"2023-05-30T12:34:10","guid":{"rendered":"https:\/\/tvtecjundiai.com.br\/news\/?p=109965"},"modified":"2023-05-30T09:34:14","modified_gmt":"2023-05-30T12:34:14","slug":"campanha-contra-gripe-imuniza-40-do-publico-alvo-no-pais","status":"publish","type":"post","link":"https:\/\/tvtecjundiai.com.br\/news\/2023\/05\/30\/campanha-contra-gripe-imuniza-40-do-publico-alvo-no-pais\/","title":{"rendered":"Campanha contra gripe imuniza 40% do p\u00fablico-alvo no pa\u00eds"},"content":{"rendered":"\n<p>A campanha nacional de vacina\u00e7\u00e3o contra a gripe imunizou apenas 40,69% do p\u00fablico-alvo. A mobiliza\u00e7\u00e3o &#8211; iniciada em 10 de abril &#8211; termina nesta quarta-feira (31), mas o Minist\u00e9rio da Sa\u00fade divulgou uma orienta\u00e7\u00e3o para que estados e munic\u00edpios ampliem o calend\u00e1rio e continuem com as imuniza\u00e7\u00f5es, enquanto durarem os estoques de vacinas.<\/p>\n\n\n\n<p>\u201cQuero conclamar a uni\u00e3o de todos pelo nosso Movimento Nacional pela Vacina\u00e7\u00e3o, um movimento do Minist\u00e9rio da Sa\u00fade, dos estados, dos munic\u00edpios e de toda a sociedade civil. A ci\u00eancia voltou e precisamos retomar a confian\u00e7a da popula\u00e7\u00e3o nas vacinas. Essa \u00e9 uma miss\u00e3o de todos n\u00f3s\u201d, afirmou a ministra da Sa\u00fade N\u00edsia Trindade, por meio de nota divulgada \u00e0 imprensa na noite de segunda-feira (29).<\/p>\n\n\n<div class=\"wp-block-image\">\n<figure class=\"aligncenter size-large is-resized\"><img loading=\"lazy\" decoding=\"async\" src=\"https:\/\/tvtecjundiai.com.br\/news\/wp-content\/uploads\/sites\/2\/2023\/05\/vacinacao_influenza_parque-da-uva-60-1-1200x801.jpg\" alt=\"\" class=\"wp-image-109982\" width=\"722\" height=\"481\" srcset=\"https:\/\/tvtecjundiai.com.br\/news\/wp-content\/uploads\/sites\/2\/2023\/05\/vacinacao_influenza_parque-da-uva-60-1-1200x801.jpg 1200w, https:\/\/tvtecjundiai.com.br\/news\/wp-content\/uploads\/sites\/2\/2023\/05\/vacinacao_influenza_parque-da-uva-60-1-300x200.jpg 300w, https:\/\/tvtecjundiai.com.br\/news\/wp-content\/uploads\/sites\/2\/2023\/05\/vacinacao_influenza_parque-da-uva-60-1-768x512.jpg 768w, https:\/\/tvtecjundiai.com.br\/news\/wp-content\/uploads\/sites\/2\/2023\/05\/vacinacao_influenza_parque-da-uva-60-1.jpg 1280w\" sizes=\"auto, (max-width: 722px) 100vw, 722px\" \/><\/figure>\n<\/div>\n\n\n<p><\/p>\n\n\n\n<p><strong>Casos graves<\/strong><\/p>\n\n\n\n<p>Segundo o Minist\u00e9rio da Sa\u00fade, a imuniza\u00e7\u00e3o ajuda a evitar casos graves da doen\u00e7a. Os \u00faltimos dados do governo mostram que foram aplicadas 35,2 milh\u00f5es de doses, o que atingiu 40,69% do p\u00fablico formado por grupos de idosos, crian\u00e7as com seis meses a cinco anos, gestantes, profissionais de sa\u00fade, pu\u00e9rperas e professores, entre outros.<\/p>\n\n\n\n<p>O Amap\u00e1 conseguiu a melhor cobertura, atingindo 85,2% do p\u00fablico-alvo, e o \u00fanico a superar 75%. Acre, com 19,3%, e Roraima, com 24,3%, foram os \u00fanicos estados a atingir menos de 25% de cobertura.<\/p>\n\n\n\n<p><em><strong>(Fonte: Ag\u00eancia Brasil\/Imagem: Prefeitura de Jundia\u00ed)<\/strong><\/em><\/p>\n","protected":false},"excerpt":{"rendered":"<p>Minist\u00e9rio da Sa\u00fade orientou que estados e munic\u00edpios continuem com a vacina\u00e7\u00e3o<\/p>\n","protected":false},"author":30,"featured_media":109982,"comment_status":"closed","ping_status":"0","sticky":false,"template":"","format":"standard","meta":{"footnotes":""},"categories":[1,2839,8355],"tags":[],"class_list":["post-109965","post","type-post","status-publish","format-standard","has-post-thumbnail","hentry","category-noticias","category-saude","category-saude-3"],"_links":{"self":[{"href":"https:\/\/tvtecjundiai.com.br\/news\/wp-json\/wp\/v2\/posts\/109965","targetHints":{"allow":["GET"]}}],"collection":[{"href":"https:\/\/tvtecjundiai.com.br\/news\/wp-json\/wp\/v2\/posts"}],"about":[{"href":"https:\/\/tvtecjundiai.com.br\/news\/wp-json\/wp\/v2\/types\/post"}],"author":[{"embeddable":true,"href":"https:\/\/tvtecjundiai.com.br\/news\/wp-json\/wp\/v2\/users\/30"}],"replies":[{"embeddable":true,"href":"https:\/\/tvtecjundiai.com.br\/news\/wp-json\/wp\/v2\/comments?post=109965"}],"version-history":[{"count":1,"href":"https:\/\/tvtecjundiai.com.br\/news\/wp-json\/wp\/v2\/posts\/109965\/revisions"}],"predecessor-version":[{"id":109983,"href":"https:\/\/tvtecjundiai.com.br\/news\/wp-json\/wp\/v2\/posts\/109965\/revisions\/109983"}],"wp:featuredmedia":[{"embeddable":true,"href":"https:\/\/tvtecjundiai.com.br\/news\/wp-json\/wp\/v2\/media\/109982"}],"wp:attachment":[{"href":"https:\/\/tvtecjundiai.com.br\/news\/wp-json\/wp\/v2\/media?parent=109965"}],"wp:term":[{"taxonomy":"category","embeddable":true,"href":"https:\/\/tvtecjundiai.com.br\/news\/wp-json\/wp\/v2\/categories?post=109965"},{"taxonomy":"post_tag","embeddable":true,"href":"https:\/\/tvtecjundiai.com.br\/news\/wp-json\/wp\/v2\/tags?post=109965"}],"curies":[{"name":"wp","href":"https:\/\/api.w.org\/{rel}","templated":true}]}}