{"id":109969,"date":"2023-05-30T09:22:21","date_gmt":"2023-05-30T12:22:21","guid":{"rendered":"https:\/\/tvtecjundiai.com.br\/news\/?p=109969"},"modified":"2023-05-30T09:22:22","modified_gmt":"2023-05-30T12:22:22","slug":"biblioteca-municipal-nao-tera-expediente-durante-o-periodo-da-manha-desta-terca-30","status":"publish","type":"post","link":"https:\/\/tvtecjundiai.com.br\/news\/2023\/05\/30\/biblioteca-municipal-nao-tera-expediente-durante-o-periodo-da-manha-desta-terca-30\/","title":{"rendered":"Biblioteca Municipal n\u00e3o ter\u00e1 expediente durante o per\u00edodo da manh\u00e3 desta ter\u00e7a (30)"},"content":{"rendered":"\n<p>A Biblioteca Municipal Professor Nelson Foot permanecer\u00e1 fechada para atendimento ao p\u00fablico durante o per\u00edodo da manh\u00e3 desta ter\u00e7a-feira (30) para manuten\u00e7\u00e3o. O expediente ser\u00e1 retomado a partir das 12h e seguir\u00e1 normalmente at\u00e9 as 21h.<\/p>\n\n\n\n<p>A Biblioteca fica na avenida dr. Cavalcanti, 396 \u2013 Complexo Argos. Mais informa\u00e7\u00f5es podem ser obtidas no telefone 4527-2110.<\/p>\n\n\n\n<p><\/p>\n\n\n<div class=\"wp-block-image\">\n<figure class=\"aligncenter size-large is-resized\"><img loading=\"lazy\" decoding=\"async\" src=\"https:\/\/tvtecjundiai.com.br\/news\/wp-content\/uploads\/sites\/2\/2023\/05\/biblioteca-municipal-dia-do-livro_fm_-29-1200x801.jpg\" alt=\"\" class=\"wp-image-109970\" width=\"682\" height=\"454\" srcset=\"https:\/\/tvtecjundiai.com.br\/news\/wp-content\/uploads\/sites\/2\/2023\/05\/biblioteca-municipal-dia-do-livro_fm_-29-1200x801.jpg 1200w, https:\/\/tvtecjundiai.com.br\/news\/wp-content\/uploads\/sites\/2\/2023\/05\/biblioteca-municipal-dia-do-livro_fm_-29-300x200.jpg 300w, https:\/\/tvtecjundiai.com.br\/news\/wp-content\/uploads\/sites\/2\/2023\/05\/biblioteca-municipal-dia-do-livro_fm_-29-768x512.jpg 768w, https:\/\/tvtecjundiai.com.br\/news\/wp-content\/uploads\/sites\/2\/2023\/05\/biblioteca-municipal-dia-do-livro_fm_-29.jpg 1280w\" sizes=\"auto, (max-width: 682px) 100vw, 682px\" \/><figcaption class=\"wp-element-caption\">Atendimento ser\u00e1 retomado ainda nesta ter\u00e7a-feira (30), \u00e0s 12h<\/figcaption><\/figure>\n<\/div>\n\n\n<p><strong><em>Fonte \/ Imagem: Prefeitura de Jundia\u00ed<\/em><\/strong><\/p>\n","protected":false},"excerpt":{"rendered":"<p>Atendimento ser\u00e1 retomado ainda nesta ter\u00e7a-feira (30), \u00e0s 12h<\/p>\n","protected":false},"author":30,"featured_media":109970,"comment_status":"closed","ping_status":"0","sticky":false,"template":"","format":"standard","meta":{"footnotes":""},"categories":[8356,1],"tags":[],"class_list":["post-109969","post","type-post","status-publish","format-standard","has-post-thumbnail","hentry","category-jundiai","category-noticias"],"_links":{"self":[{"href":"https:\/\/tvtecjundiai.com.br\/news\/wp-json\/wp\/v2\/posts\/109969","targetHints":{"allow":["GET"]}}],"collection":[{"href":"https:\/\/tvtecjundiai.com.br\/news\/wp-json\/wp\/v2\/posts"}],"about":[{"href":"https:\/\/tvtecjundiai.com.br\/news\/wp-json\/wp\/v2\/types\/post"}],"author":[{"embeddable":true,"href":"https:\/\/tvtecjundiai.com.br\/news\/wp-json\/wp\/v2\/users\/30"}],"replies":[{"embeddable":true,"href":"https:\/\/tvtecjundiai.com.br\/news\/wp-json\/wp\/v2\/comments?post=109969"}],"version-history":[{"count":1,"href":"https:\/\/tvtecjundiai.com.br\/news\/wp-json\/wp\/v2\/posts\/109969\/revisions"}],"predecessor-version":[{"id":109971,"href":"https:\/\/tvtecjundiai.com.br\/news\/wp-json\/wp\/v2\/posts\/109969\/revisions\/109971"}],"wp:featuredmedia":[{"embeddable":true,"href":"https:\/\/tvtecjundiai.com.br\/news\/wp-json\/wp\/v2\/media\/109970"}],"wp:attachment":[{"href":"https:\/\/tvtecjundiai.com.br\/news\/wp-json\/wp\/v2\/media?parent=109969"}],"wp:term":[{"taxonomy":"category","embeddable":true,"href":"https:\/\/tvtecjundiai.com.br\/news\/wp-json\/wp\/v2\/categories?post=109969"},{"taxonomy":"post_tag","embeddable":true,"href":"https:\/\/tvtecjundiai.com.br\/news\/wp-json\/wp\/v2\/tags?post=109969"}],"curies":[{"name":"wp","href":"https:\/\/api.w.org\/{rel}","templated":true}]}}