{"id":109972,"date":"2023-05-30T09:24:55","date_gmt":"2023-05-30T12:24:55","guid":{"rendered":"https:\/\/tvtecjundiai.com.br\/news\/?p=109972"},"modified":"2023-05-30T09:24:56","modified_gmt":"2023-05-30T12:24:56","slug":"em-junho-polytheama-tem-espetaculos-do-7o-festeju-e-muitas-mais-atracoes","status":"publish","type":"post","link":"https:\/\/tvtecjundiai.com.br\/news\/2023\/05\/30\/em-junho-polytheama-tem-espetaculos-do-7o-festeju-e-muitas-mais-atracoes\/","title":{"rendered":"Em junho, Polytheama tem espet\u00e1culos do 7\u00ba Festeju e muitas mais atra\u00e7\u00f5es"},"content":{"rendered":"\n<p>Durante o m\u00eas de junho, a Unidade de Gest\u00e3o de Cultura (UGC) preparou, novamente, uma programa\u00e7\u00e3o para todos os p\u00fablicos. Entre as atra\u00e7\u00f5es de destaque est\u00e3o as apresenta\u00e7\u00f5es no Teatro, entre os dias 16 a 25 de junho, dos espet\u00e1culos premiados pela Cena Profissional da&nbsp;<a href=\"https:\/\/www.sympla.com.br\/eventos?s=polytheama&amp;tab=eventos&amp;ordem=date\" target=\"_blank\" rel=\"noreferrer noopener\">s\u00e9tima edi\u00e7\u00e3o do Festival de Teatro de Jundia\u00ed (Festeju)<\/a>.<\/p>\n\n\n\n<p><a href=\"https:\/\/jundiai.sp.gov.br\/noticias\/2023\/05\/26\/polytheama-recebe-show-gratuito-com-jovem-cantora-italiana-de-destaque-na-atualidade\/\">A programa\u00e7\u00e3o do m\u00eas come\u00e7a com o show da artista italiana Laila Al Habash e sua banda, pela primeira vez no Brasil<\/a>. Marcada para esta quinta-feira (01), \u00e0s 20h, com entrada gratuita, a atra\u00e7\u00e3o chega a Jundia\u00ed pelo projeto \u201cA Caminho do Interior\u201d, promovido pelo Consulado Geral da It\u00e1lia e pelo Instituto Italiano de Cultura de S\u00e3o Paulo (IIC), em parceria com a Prefeitura.<\/p>\n\n\n<div class=\"wp-block-image\">\n<figure class=\"aligncenter size-large\"><img loading=\"lazy\" decoding=\"async\" width=\"1200\" height=\"800\" src=\"https:\/\/tvtecjundiai.com.br\/news\/wp-content\/uploads\/sites\/2\/2023\/05\/6-festeju-encerramento-com-a-banda-mirim-com-espetaculo-felizardo_fm_-116-1200x800.jpg\" alt=\"\" class=\"wp-image-109974\" srcset=\"https:\/\/tvtecjundiai.com.br\/news\/wp-content\/uploads\/sites\/2\/2023\/05\/6-festeju-encerramento-com-a-banda-mirim-com-espetaculo-felizardo_fm_-116-1200x800.jpg 1200w, https:\/\/tvtecjundiai.com.br\/news\/wp-content\/uploads\/sites\/2\/2023\/05\/6-festeju-encerramento-com-a-banda-mirim-com-espetaculo-felizardo_fm_-116-300x200.jpg 300w, https:\/\/tvtecjundiai.com.br\/news\/wp-content\/uploads\/sites\/2\/2023\/05\/6-festeju-encerramento-com-a-banda-mirim-com-espetaculo-felizardo_fm_-116-768x512.jpg 768w, https:\/\/tvtecjundiai.com.br\/news\/wp-content\/uploads\/sites\/2\/2023\/05\/6-festeju-encerramento-com-a-banda-mirim-com-espetaculo-felizardo_fm_-116.jpg 1280w\" sizes=\"auto, (max-width: 1200px) 100vw, 1200px\" \/><figcaption class=\"wp-element-caption\">Em mais uma edi\u00e7\u00e3o do Festeju, espet\u00e1culos da Cena Profissional ser\u00e3o apresentados no palco do Teatro<\/figcaption><\/figure>\n<\/div>\n\n\n<p>O m\u00eas tamb\u00e9m reserva as seguintes atra\u00e7\u00f5es musicais: \u201cConcertos Astra-Finamax 25\u00b0 Temporada\u201d com a Orquestra Sinf\u00f4nica Heli\u00f3polis, no dia 03; Orquestra Sinf\u00f4nica do Projeto Guri \u2013 N\u00facleo Jundia\u00ed, no dia 04; \u201cA Bela e a Fera In Concert\u201d, no dia 10; Coral do Projeto Guri \u2013 N\u00facleo Piracicaba, no dia 15; e \u201cUma Viagem pela Hist\u00f3ria da M\u00fasica\u201d, do Studio Pilar Musical, no dia 28.<\/p>\n\n\n\n<p>J\u00e1 as apresenta\u00e7\u00f5es de Dan\u00e7a do m\u00eas ficam por conta de: Mostra de Dan\u00e7a Studio la Danse, no dia 02; \u201cGala Kahal 2023\u201d, no dia 06; \u201cGala Premiere\u201d, no dia 08; e \u201cAudi\u00e7\u00e3o de piano e Gala\u201d da Academia Monalisa Pizzolato no dia 13.<\/p>\n\n\n\n<p>O palco do Polytheama tamb\u00e9m recebe espet\u00e1culos de Teatro (\u201cN\u00f3s matamos o c\u00e3o tinhoso!\u201d, do Grupo Trapiche, no dia 07; e \u201cA Dama e o Vagabundo\u201d, da Cia. dos Tr\u00eas, no dia 04); de Stand up Comedy (\u201cDilatados, com Marco Luque\u201d, no dia 04; e \u201cThiago Ventura \u2013 Sujeito Homem\u201d, no dia 11) e mais atra\u00e7\u00f5es para o p\u00fablico infantojuvenil (\u201cA Borboleta sem Asas\u201d, do Grupo Trapiche, no dia 07).<\/p>\n\n\n<div class=\"wp-block-image\">\n<figure class=\"aligncenter size-large\"><img loading=\"lazy\" decoding=\"async\" width=\"1200\" height=\"801\" src=\"https:\/\/tvtecjundiai.com.br\/news\/wp-content\/uploads\/sites\/2\/2023\/05\/teatro_polytheama_gerais-1-1-1280x854-1-1200x801.jpg\" alt=\"\" class=\"wp-image-109975\" srcset=\"https:\/\/tvtecjundiai.com.br\/news\/wp-content\/uploads\/sites\/2\/2023\/05\/teatro_polytheama_gerais-1-1-1280x854-1-1200x801.jpg 1200w, https:\/\/tvtecjundiai.com.br\/news\/wp-content\/uploads\/sites\/2\/2023\/05\/teatro_polytheama_gerais-1-1-1280x854-1-300x200.jpg 300w, https:\/\/tvtecjundiai.com.br\/news\/wp-content\/uploads\/sites\/2\/2023\/05\/teatro_polytheama_gerais-1-1-1280x854-1-768x512.jpg 768w, https:\/\/tvtecjundiai.com.br\/news\/wp-content\/uploads\/sites\/2\/2023\/05\/teatro_polytheama_gerais-1-1-1280x854-1.jpg 1280w\" sizes=\"auto, (max-width: 1200px) 100vw, 1200px\" \/><figcaption class=\"wp-element-caption\">Mais uma vez, a programa\u00e7\u00e3o do Teatro deve agradar a todos os p\u00fablicos<\/figcaption><\/figure>\n<\/div>\n\n\n<p>A bilheteria do Polytheama funciona de ter\u00e7a a sexta-feira, das 10h \u00e0s 20h. Aos s\u00e1bados, domingos e feriados, a bilheteria funciona somente se houver espet\u00e1culo programado. Das 10h \u00e0s 17h ficam dispon\u00edveis os ingressos da agenda cultural em geral. J\u00e1 a partir desse hor\u00e1rio, ficam dispon\u00edveis somente os ingressos do espet\u00e1culo programado para o dia.&nbsp;<a href=\"https:\/\/www.sympla.com.br\/eventos?s=polytheama&amp;tab=eventos&amp;ordem=date\" target=\"_blank\" rel=\"noreferrer noopener\">J\u00e1 a bilheteria on-line para os espet\u00e1culos no teatro funciona na plataforma Sympla<\/a>.<\/p>\n\n\n\n<p>O Teatro Polytheama fica na Rua Bar\u00e3o de Jundia\u00ed, 176, Centro. Mais informa\u00e7\u00f5es podem ser obtidas pelo telefone (11) 4586-2472.<\/p>\n\n\n<div class=\"wp-block-image\">\n<figure class=\"aligncenter size-large is-resized\"><img loading=\"lazy\" decoding=\"async\" src=\"https:\/\/tvtecjundiai.com.br\/news\/wp-content\/uploads\/sites\/2\/2023\/05\/teatro_polytheama_gerais-2-1280x854-1-1200x801.jpg\" alt=\"\" class=\"wp-image-109973\" width=\"840\" height=\"560\" srcset=\"https:\/\/tvtecjundiai.com.br\/news\/wp-content\/uploads\/sites\/2\/2023\/05\/teatro_polytheama_gerais-2-1280x854-1-1200x801.jpg 1200w, https:\/\/tvtecjundiai.com.br\/news\/wp-content\/uploads\/sites\/2\/2023\/05\/teatro_polytheama_gerais-2-1280x854-1-300x200.jpg 300w, https:\/\/tvtecjundiai.com.br\/news\/wp-content\/uploads\/sites\/2\/2023\/05\/teatro_polytheama_gerais-2-1280x854-1-768x512.jpg 768w, https:\/\/tvtecjundiai.com.br\/news\/wp-content\/uploads\/sites\/2\/2023\/05\/teatro_polytheama_gerais-2-1280x854-1.jpg 1280w\" sizes=\"auto, (max-width: 840px) 100vw, 840px\" \/><figcaption class=\"wp-element-caption\">O Teatro Polytheama fica na Rua Bar\u00e3o de Jundia\u00ed, 176, no Centro<\/figcaption><\/figure>\n<\/div>\n\n\n<p>Confira a programa\u00e7\u00e3o completa:<\/p>\n\n\n\n<ul class=\"wp-block-list\">\n<li>01 de junho (quinta-feira) \u2013 20h<br><strong>\u201cLaila Al Habash no Brasil\u201d \u2013 Projeto \u201cA Caminho do Interior\u201d, promovido pelo Consulado Geral da It\u00e1lia e pelo Instituto Italiano de Cultura de S\u00e3o Paulo (IIC)<br><\/strong>Classifica\u00e7\u00e3o: livre \/ Dura\u00e7\u00e3o: 105 minutos \/ G\u00eanero: Concerto de M\u00fasica Pop<br><a href=\"https:\/\/bileto.sympla.com.br\/event\/83258\/d\/196505\" target=\"_blank\" rel=\"noreferrer noopener\">Ingressos gratuitos \u2013 distribui\u00e7\u00e3o na bilheteria e on-line, por meio da plataforma Sympla. Cada pessoa poder\u00e1 retirar at\u00e9 dois ingressos<\/a>.<\/li>\n\n\n\n<li>02 de junho (sexta-feira) \u2013 20h<br><strong>Mostra de Dan\u00e7a Studio la Danse 2023<br><\/strong>Classifica\u00e7\u00e3o: livre \/ Dura\u00e7\u00e3o: 90 minutos \/ G\u00eanero: Dan\u00e7a<br><a href=\"https:\/\/bileto.sympla.com.br\/event\/82810\/d\/194512\" target=\"_blank\" rel=\"noreferrer noopener\">Ingressos: plateia \u2013 R$78,00 \/ frisas e camarotes \u2013 R$88,00<\/a><br>Descontos previstos por lei.<\/li>\n\n\n\n<li>03 de junho (s\u00e1bado) \u2013 20h<br><strong>\u201cConcertos Astra-Finamax 25\u00b0 Temporada \u2013 Orquestra Sinf\u00f4nica Heli\u00f3polis\u201d \u2013<br>Atique &amp; Atique Produ\u00e7\u00f5es<\/strong><br>Classifica\u00e7\u00e3o: livre \/ Dura\u00e7\u00e3o: 90 minutos \/ G\u00eanero: Concerto de M\u00fasica Erudita<br>Ingressos: todos os setores R$ 10,00<br>Descontos previstos por lei.<\/li>\n\n\n\n<li>04 de junho (domingo) \u2013 10h<br><strong>\u201cOrquestra Sinf\u00f4nica do Projeto Guri \u2013 N\u00facleo Jundia\u00ed\u201d \u2013 Santa Marcelina Cultural<br><\/strong>Classifica\u00e7\u00e3o: livre \/ Dura\u00e7\u00e3o: 90 minutos \/ G\u00eanero: Apresenta\u00e7\u00e3o Musical<br><a href=\"https:\/\/bileto.sympla.com.br\/event\/83175\/d\/196177\" target=\"_blank\" rel=\"noreferrer noopener\">Ingressos gratuitos \u2013 A distribui\u00e7\u00e3o ter\u00e1 in\u00edcio no dia 02\/06, a partir das 10h30, tanto na bilheteria do teatro e quanto on-line. Cada pessoa poder\u00e1 retirar 03 ingressos<\/a>.<\/li>\n\n\n\n<li>04 de junho (domingo) \u2013 19h<br><strong>\u201cDilatados, com Marco Luque\u201d \u2013 Teatro GT<br><\/strong>Classifica\u00e7\u00e3o: 14 anos \/ Dura\u00e7\u00e3o: 70 MINUTOS \/ G\u00eanero: Stand Up<br><a href=\"https:\/\/bileto.sympla.com.br\/event\/80634\/d\/182350\" target=\"_blank\" rel=\"noreferrer noopener\">Ingressos: plateia, frisas e camarotes R$100,00 \/ Arquibancada R$80,00<\/a><br>Descontos: Clube GT: 50% de desconto na compra de at\u00e9 dois ingressos\/ Clientes Oba: 50% de desconto para a compra de at\u00e9 dois ingressos mediante a apresenta\u00e7\u00e3o do cupom fiscal, no valor m\u00ednimo de R$30,00)<br>Descontos previstos por lei.<\/li>\n\n\n\n<li>06 de junho (ter\u00e7a-feira) \u2013 20h<br><strong>\u201cGala Kahal 2023\u201d \u2013 Cia. de Dan\u00e7a Kahal<br><\/strong>Classifica\u00e7\u00e3o: livre \/ Dura\u00e7\u00e3o: 120 minutos \/ G\u00eanero: Dan\u00e7a<br><a href=\"https:\/\/bileto.sympla.com.br\/event\/82879\/d\/194899\" target=\"_blank\" rel=\"noreferrer noopener\">Ingressos: plateia e arquibancada \u2013 R$45,00 \/ frisas e camarotes \u2013 R$55,00<\/a><br>Descontos previstos por lei.<\/li>\n\n\n\n<li>07 de junho (quarta-feira) \u2013 09h30 e 14h30<br><strong>\u201cA Borboleta sem Asas\u201d \u2013 Grupo Trapiche<br><\/strong>Classifica\u00e7\u00e3o: livre \/ Dura\u00e7\u00e3o: 60 minutos \/ G\u00eanero: Infantil<br>Ingressos: plateia e frisas R$50,00<br>Descontos previstos por lei.<\/li>\n\n\n\n<li>07 de junho (quarta-feira) \u2013 20h<br><strong>\u201cN\u00f3s matamos o c\u00e3o tinhoso!\u201d \u2013 Grupo Trapiche<br><\/strong>Classifica\u00e7\u00e3o: 12 anos \/ Dura\u00e7\u00e3o: 60 minutos \/ G\u00eanero: Tragicom\u00e9dia<br><a href=\"https:\/\/bileto.sympla.com.br\/event\/83404\/d\/197016\" target=\"_blank\" rel=\"noreferrer noopener\">Ingressos: todos os setores R$50,00<\/a><br>Descontos previstos por lei.<\/li>\n\n\n\n<li>08 de junho (quinta-feira) \u2013 19h30<br><strong>\u201cGala Premiere\u201d \u2013 Premiere Escola de Dan\u00e7a<br><\/strong>Classifica\u00e7\u00e3o: livre \/ Dura\u00e7\u00e3o: 120 minutos \/ G\u00eanero: Dan\u00e7a<br><a href=\"https:\/\/bileto.sympla.com.br\/event\/82929\/d\/195081\" target=\"_blank\" rel=\"noreferrer noopener\">Ingressos: plateia \u2013 R$60,00 \/ frisas e camarotes \u2013 R$70,00 \/ arquibancada \u2013 R$50,00<\/a><br>Descontos previstos por lei.<\/li>\n\n\n\n<li>10 de junho (s\u00e1bado) \u2013 16h<br><strong>\u201cA Bela e a Fera In Concert\u201d \u2013 Teatro GT<br><\/strong>Classifica\u00e7\u00e3o: livre \/ Dura\u00e7\u00e3o: 100 minutos \/ G\u00eanero: Musical<br><a href=\"https:\/\/bileto.sympla.com.br\/event\/82122\/d\/190689\" target=\"_blank\" rel=\"noreferrer noopener\">Ingressos: plateia e frisas \u2013 R$160,00<\/a><br>Descontos: Clube GT: 50% de desconto na compra de at\u00e9 dois ingressos<br>Descontos previstos por lei.<\/li>\n\n\n\n<li>11 de junho (domingo) \u2013 17h e 19h30<br><strong>\u201cThiago Ventura \u2013 Sujeito Homem\u201d \u2013 Teatro GT<br><\/strong>Classifica\u00e7\u00e3o: 16 anos \/ Dura\u00e7\u00e3o: 70 minutos \/ G\u00eanero: Stand up<br><a href=\"https:\/\/bileto.sympla.com.br\/event\/82123\/d\/196094\" target=\"_blank\" rel=\"noreferrer noopener\">Ingressos: plateia, frisas e camarotes \u2013 R$110,00 \/ arquibancada \u2013 R$90,00<\/a><br>Descontos: Clube GT: 50% de desconto na compra de at\u00e9 dois ingressos<br>Descontos previstos por lei.<\/li>\n\n\n\n<li>13 de junho (ter\u00e7a-feira) \u2013 19h<br><strong>\u201cAudi\u00e7\u00e3o de piano e Gala 2023 \u2013 M\u00fasica e Dan\u00e7a Monalisa Pizzolato\u201d<br><\/strong>Classifica\u00e7\u00e3o: livre \/ Dura\u00e7\u00e3o: 120 minutos \/ G\u00eanero: M\u00fasica e Dan\u00e7a<br>Ingressos: plateia \u2013 R$60,00 \/ frisas e camarotes \u2013 R$70,00 \/ arquibancada \u2013 R$60,00<br>Descontos previstos por lei.<\/li>\n\n\n\n<li>14 de junho (quarta-feira) \u2013 9h30 e 14h30<br><strong>\u201cA Dama e o Vagabundo\u201d \u2013 Cia. dos Tr\u00eas<br><\/strong>Classifica\u00e7\u00e3o: 2 anos \/ Dura\u00e7\u00e3o: 50 minutos \/ G\u00eanero: Romance e Aventura<br>Ingressos: plateia e frisas R$50,00<br>Descontos previstos por lei.<\/li>\n\n\n\n<li>15 de junho (quinta-feira) \u2013 19h<br><strong>\u201cCoral do Projeto Guri \u2013 N\u00facleo Piracicaba\u201d \u2013 Santa Marcelina Cultural<br><\/strong>Classifica\u00e7\u00e3o: livre \/ Dura\u00e7\u00e3o: 90 minutos \/ G\u00eanero: Apresenta\u00e7\u00e3o musical<br>Ingressos gratuitos \u2013 A distribui\u00e7\u00e3o ter\u00e1 in\u00edcio no dia 13\/06, a partir das 10h30, tanto na bilheteria do teatro e quanto on-line. Cada pessoa poder\u00e1 retirar 03 ingressos.<\/li>\n\n\n\n<li>De 16 a 25 de junho<br><strong>Apresenta\u00e7\u00f5es da Cena Profissional do&nbsp;<a href=\"https:\/\/cultura.jundiai.sp.gov.br\/festeju\/\" target=\"_blank\" rel=\"noreferrer noopener\">7\u00ba Festival de Teatro de Jundia\u00ed (Festeju)<\/a><\/strong><\/li>\n\n\n\n<li>28 de junho (quarta-feira) \u2013 17h e 19h30<br><strong>\u201cUma Viagem pela Hist\u00f3ria da M\u00fasica\u201d \u2013 Studio Pilar Musical<br><\/strong>Classifica\u00e7\u00e3o: infantil \/ Dura\u00e7\u00e3o: 120 minutos \/ G\u00eanero: Recital<br>Ingressos: plateia e frisas \u2013 R$20,00<br>Descontos previstos por lei.<\/li>\n<\/ul>\n","protected":false},"excerpt":{"rendered":"<p>Em mais uma edi\u00e7\u00e3o do Festeju, espet\u00e1culos da Cena Profissional ser\u00e3o apresentados no palco do Teatro<\/p>\n","protected":false},"author":30,"featured_media":109974,"comment_status":"closed","ping_status":"0","sticky":false,"template":"","format":"standard","meta":{"footnotes":""},"categories":[2833,8356,1],"tags":[],"class_list":["post-109972","post","type-post","status-publish","format-standard","has-post-thumbnail","hentry","category-cultura","category-jundiai","category-noticias"],"_links":{"self":[{"href":"https:\/\/tvtecjundiai.com.br\/news\/wp-json\/wp\/v2\/posts\/109972","targetHints":{"allow":["GET"]}}],"collection":[{"href":"https:\/\/tvtecjundiai.com.br\/news\/wp-json\/wp\/v2\/posts"}],"about":[{"href":"https:\/\/tvtecjundiai.com.br\/news\/wp-json\/wp\/v2\/types\/post"}],"author":[{"embeddable":true,"href":"https:\/\/tvtecjundiai.com.br\/news\/wp-json\/wp\/v2\/users\/30"}],"replies":[{"embeddable":true,"href":"https:\/\/tvtecjundiai.com.br\/news\/wp-json\/wp\/v2\/comments?post=109972"}],"version-history":[{"count":1,"href":"https:\/\/tvtecjundiai.com.br\/news\/wp-json\/wp\/v2\/posts\/109972\/revisions"}],"predecessor-version":[{"id":109976,"href":"https:\/\/tvtecjundiai.com.br\/news\/wp-json\/wp\/v2\/posts\/109972\/revisions\/109976"}],"wp:featuredmedia":[{"embeddable":true,"href":"https:\/\/tvtecjundiai.com.br\/news\/wp-json\/wp\/v2\/media\/109974"}],"wp:attachment":[{"href":"https:\/\/tvtecjundiai.com.br\/news\/wp-json\/wp\/v2\/media?parent=109972"}],"wp:term":[{"taxonomy":"category","embeddable":true,"href":"https:\/\/tvtecjundiai.com.br\/news\/wp-json\/wp\/v2\/categories?post=109972"},{"taxonomy":"post_tag","embeddable":true,"href":"https:\/\/tvtecjundiai.com.br\/news\/wp-json\/wp\/v2\/tags?post=109972"}],"curies":[{"name":"wp","href":"https:\/\/api.w.org\/{rel}","templated":true}]}}