{"id":109984,"date":"2023-05-30T10:02:06","date_gmt":"2023-05-30T13:02:06","guid":{"rendered":"https:\/\/tvtecjundiai.com.br\/news\/?p=109984"},"modified":"2023-05-30T11:27:41","modified_gmt":"2023-05-30T14:27:41","slug":"aulas-de-tenis-estao-com-inscricoes-abertas1","status":"publish","type":"post","link":"https:\/\/tvtecjundiai.com.br\/news\/2023\/05\/30\/aulas-de-tenis-estao-com-inscricoes-abertas1\/","title":{"rendered":"Aulas de t\u00eanis est\u00e3o com inscri\u00e7\u00f5es abertas em Jundia\u00ed"},"content":{"rendered":"\n<p>As aulas de t\u00eanis no Complexo Educacional, Cultural e Esportivo (CECE) Jos\u00e9 De Marchi, ofertadas via projeto de Lei de Incentivo ao Esporte pela Funda\u00e7\u00e3o T\u00eanis, a partir do Programa Social e Educativo \u201cRealizando Sonhos, Transformando Vidas\u201d, est\u00e3o com vagas abertas. Para participar \u00e9 necess\u00e1rio ter entre 8 e 12 anos e estudar na rede p\u00fablica de ensino.<\/p>\n\n\n\n<p>S\u00e3o quatro turmas, com aulas todas \u00e0s ter\u00e7as e quintas-feiras, das 9h30 \u00e0s 10h20 (turma 1), das 10h30 \u00e0s 11h20 (turma 2), das 14h \u00e0s 14h50 (turma 3) e das 15h \u00e0s 15h50 (turma 4). Os alunos recebem uniforme e material para a aula.<\/p>\n\n\n\n<p>Mais informa\u00e7\u00f5es podem ser obtidas pelo whatsApp (11) 97313-8635, com a professora Tamires. O CECE fica na avenida Jovino Furkim, 2570, Jardim Novo Horizonte.<\/p>\n\n\n<div class=\"wp-block-image\">\n<figure class=\"aligncenter size-large\"><img loading=\"lazy\" decoding=\"async\" width=\"1200\" height=\"900\" src=\"https:\/\/tvtecjundiai.com.br\/news\/wp-content\/uploads\/sites\/2\/2023\/05\/tenis-2-1280x960-1-1200x900.jpg\" alt=\"\" class=\"wp-image-109985\" srcset=\"https:\/\/tvtecjundiai.com.br\/news\/wp-content\/uploads\/sites\/2\/2023\/05\/tenis-2-1280x960-1-1200x900.jpg 1200w, https:\/\/tvtecjundiai.com.br\/news\/wp-content\/uploads\/sites\/2\/2023\/05\/tenis-2-1280x960-1-300x225.jpg 300w, https:\/\/tvtecjundiai.com.br\/news\/wp-content\/uploads\/sites\/2\/2023\/05\/tenis-2-1280x960-1-768x576.jpg 768w, https:\/\/tvtecjundiai.com.br\/news\/wp-content\/uploads\/sites\/2\/2023\/05\/tenis-2-1280x960-1.jpg 1280w\" sizes=\"auto, (max-width: 1200px) 100vw, 1200px\" \/><figcaption class=\"wp-element-caption\">As vagas s\u00e3o para as quatro turmas. Alunos recebem material para treinar<\/figcaption><\/figure>\n<\/div>\n\n\n<p><em><strong>Fonte \/ Imagem: Prefeitura de Jundia\u00ed<\/strong><\/em><\/p>\n","protected":false},"excerpt":{"rendered":"<p>As vagas s\u00e3o para as quatro turmas. Alunos recebem material para treinar<\/p>\n","protected":false},"author":30,"featured_media":109985,"comment_status":"closed","ping_status":"0","sticky":false,"template":"","format":"standard","meta":{"footnotes":""},"categories":[2827,8356,1],"tags":[],"class_list":["post-109984","post","type-post","status-publish","format-standard","has-post-thumbnail","hentry","category-esportes-e-lazer","category-jundiai","category-noticias"],"_links":{"self":[{"href":"https:\/\/tvtecjundiai.com.br\/news\/wp-json\/wp\/v2\/posts\/109984","targetHints":{"allow":["GET"]}}],"collection":[{"href":"https:\/\/tvtecjundiai.com.br\/news\/wp-json\/wp\/v2\/posts"}],"about":[{"href":"https:\/\/tvtecjundiai.com.br\/news\/wp-json\/wp\/v2\/types\/post"}],"author":[{"embeddable":true,"href":"https:\/\/tvtecjundiai.com.br\/news\/wp-json\/wp\/v2\/users\/30"}],"replies":[{"embeddable":true,"href":"https:\/\/tvtecjundiai.com.br\/news\/wp-json\/wp\/v2\/comments?post=109984"}],"version-history":[{"count":2,"href":"https:\/\/tvtecjundiai.com.br\/news\/wp-json\/wp\/v2\/posts\/109984\/revisions"}],"predecessor-version":[{"id":109994,"href":"https:\/\/tvtecjundiai.com.br\/news\/wp-json\/wp\/v2\/posts\/109984\/revisions\/109994"}],"wp:featuredmedia":[{"embeddable":true,"href":"https:\/\/tvtecjundiai.com.br\/news\/wp-json\/wp\/v2\/media\/109985"}],"wp:attachment":[{"href":"https:\/\/tvtecjundiai.com.br\/news\/wp-json\/wp\/v2\/media?parent=109984"}],"wp:term":[{"taxonomy":"category","embeddable":true,"href":"https:\/\/tvtecjundiai.com.br\/news\/wp-json\/wp\/v2\/categories?post=109984"},{"taxonomy":"post_tag","embeddable":true,"href":"https:\/\/tvtecjundiai.com.br\/news\/wp-json\/wp\/v2\/tags?post=109984"}],"curies":[{"name":"wp","href":"https:\/\/api.w.org\/{rel}","templated":true}]}}