{"id":109987,"date":"2023-05-30T10:25:37","date_gmt":"2023-05-30T13:25:37","guid":{"rendered":"https:\/\/tvtecjundiai.com.br\/news\/?p=109987"},"modified":"2023-05-30T10:25:37","modified_gmt":"2023-05-30T13:25:37","slug":"paraciclismo-brasil-fecha-etapa-da-copa-do-mundo-com-3-medalhas","status":"publish","type":"post","link":"https:\/\/tvtecjundiai.com.br\/news\/2023\/05\/30\/paraciclismo-brasil-fecha-etapa-da-copa-do-mundo-com-3-medalhas\/","title":{"rendered":"Paraciclismo: Brasil fecha etapa da Copa do Mundo com 3 medalhas"},"content":{"rendered":"\n<p>O Brasil conquistou tr\u00eas medalhas na etapa de Huntsville (Estados Unidos) da Copa do Mundo de ciclismo paral\u00edmpico. Os respons\u00e1veis pelas conquistas foram Lauro Chaman (prata), Gilmara Sol do Ros\u00e1rio (prata) e Carlos Alberto Soares (bronze).<img decoding=\"async\" src=\"https:\/\/agenciabrasil.ebc.com.br\/ebc.png?id=1535852&amp;o=node\"><img decoding=\"async\" src=\"https:\/\/agenciabrasil.ebc.com.br\/ebc.gif?id=1535852&amp;o=node\"><\/p>\n\n\n\n<p>Na prova contrarrel\u00f3gio da classe C5 (atletas com comprometimentos f\u00edsico-motores ou amputados), Chaman percorreu a dist\u00e2ncia de 29,5 quil\u00f4metros no tempo de 36min30, ficando atr\u00e1s do holand\u00eas Daniel Gebru (35min43) e \u00e0 frente do franc\u00eas Kevin Le Cunff (37min11).<\/p>\n\n\n<div class=\"wp-block-image\">\n<figure class=\"aligncenter size-full is-resized\"><img loading=\"lazy\" decoding=\"async\" src=\"https:\/\/tvtecjundiai.com.br\/news\/wp-content\/uploads\/sites\/2\/2023\/05\/lauro_chaman-_bronze_etapa_holanda_copa_do_mundo.jpeg\" alt=\"\" class=\"wp-image-109988\" width=\"761\" height=\"455\" srcset=\"https:\/\/tvtecjundiai.com.br\/news\/wp-content\/uploads\/sites\/2\/2023\/05\/lauro_chaman-_bronze_etapa_holanda_copa_do_mundo.jpeg 1170w, https:\/\/tvtecjundiai.com.br\/news\/wp-content\/uploads\/sites\/2\/2023\/05\/lauro_chaman-_bronze_etapa_holanda_copa_do_mundo-300x179.jpeg 300w, https:\/\/tvtecjundiai.com.br\/news\/wp-content\/uploads\/sites\/2\/2023\/05\/lauro_chaman-_bronze_etapa_holanda_copa_do_mundo-768x459.jpeg 768w\" sizes=\"auto, (max-width: 761px) 100vw, 761px\" \/><figcaption class=\"wp-element-caption\">Foto: JB Benavent\/Confedera\u00e7\u00e3o Brasileira de Ciclismo<\/figcaption><\/figure>\n<\/div>\n\n\n<p><\/p>\n\n\n\n<p>A outra medalha de prata da equipe brasileira foi alcan\u00e7ada na prova contrarrel\u00f3gio da handbike WH2 (atletas que impulsionam bicicletas com os bra\u00e7os) por Gilmara Sol do Ros\u00e1rio. Ela ficou atr\u00e1s de Roberta Amadeo e \u00e0 frente de Angela Procida, ambas da It\u00e1lia.<\/p>\n\n\n\n<p>A terceira conquista do Brasil saiu nesta segunda-feira (29), com Carlos Alberto Soares na prova de resist\u00eancia classe C1. O goiano completou o percurso de 72,6 quil\u00f4metros em 2h01min32 para ficar com o bronze. O campe\u00e3o foi o espanhol Ricardo Argiles, enquanto o norte-americano Aaron KEITH terminou em segundo.<\/p>\n\n\n\n<p><strong>Rumo aos Jogos de Paris 2024<\/strong><\/p>\n\n\n\n<p>O Brasil j\u00e1 tem garantida duas vagas (uma masculina e outra feminina) nos Jogos de Paris, definidas pela Uni\u00e3o Cicl\u00edstica Internacional (UCI), no fechamento do ranking de na\u00e7\u00f5es 2022. Mas a presen\u00e7a do pa\u00eds pode ser ampliada com a segunda aloca\u00e7\u00e3o de vagas: a do ranking mundial paral\u00edmpico, cujos pontos come\u00e7aram a ser somados este ano com as tr\u00eas etapas da Copa do Mundo. A contagem incluir\u00e1 ainda o Mundial de paraciclismo de pista e estrada de Glasgow (de 5 a 13 de agosto deste ano) e com o Campeonato Mundial de pista de 2024, no Rio de Janeiro.<\/p>\n\n\n\n<p>As etapas da Copa do Mundo s\u00e3o as que mais valem na totaliza\u00e7\u00e3o do ranking mundial \u2013 60 pontos para os vencedores -, ficando atr\u00e1s apenas do Mundial (120 pontos).<\/p>\n\n\n\n<p><em><strong>(Fonte: Ag\u00eancia Brasil\/Imagem: JB Benavent\/Confedera\u00e7\u00e3o Brasileira de Ciclismo)<\/strong><\/em><\/p>\n","protected":false},"excerpt":{"rendered":"<p>Os vitoriosos foram Lauro Chaman (prata), Gilmara Sol do Ros\u00e1rio (prata) e Carlos Alberto Soares (bronze)<\/p>\n","protected":false},"author":30,"featured_media":109988,"comment_status":"closed","ping_status":"0","sticky":false,"template":"","format":"standard","meta":{"footnotes":""},"categories":[2827,1],"tags":[],"class_list":["post-109987","post","type-post","status-publish","format-standard","has-post-thumbnail","hentry","category-esportes-e-lazer","category-noticias"],"_links":{"self":[{"href":"https:\/\/tvtecjundiai.com.br\/news\/wp-json\/wp\/v2\/posts\/109987","targetHints":{"allow":["GET"]}}],"collection":[{"href":"https:\/\/tvtecjundiai.com.br\/news\/wp-json\/wp\/v2\/posts"}],"about":[{"href":"https:\/\/tvtecjundiai.com.br\/news\/wp-json\/wp\/v2\/types\/post"}],"author":[{"embeddable":true,"href":"https:\/\/tvtecjundiai.com.br\/news\/wp-json\/wp\/v2\/users\/30"}],"replies":[{"embeddable":true,"href":"https:\/\/tvtecjundiai.com.br\/news\/wp-json\/wp\/v2\/comments?post=109987"}],"version-history":[{"count":1,"href":"https:\/\/tvtecjundiai.com.br\/news\/wp-json\/wp\/v2\/posts\/109987\/revisions"}],"predecessor-version":[{"id":109989,"href":"https:\/\/tvtecjundiai.com.br\/news\/wp-json\/wp\/v2\/posts\/109987\/revisions\/109989"}],"wp:featuredmedia":[{"embeddable":true,"href":"https:\/\/tvtecjundiai.com.br\/news\/wp-json\/wp\/v2\/media\/109988"}],"wp:attachment":[{"href":"https:\/\/tvtecjundiai.com.br\/news\/wp-json\/wp\/v2\/media?parent=109987"}],"wp:term":[{"taxonomy":"category","embeddable":true,"href":"https:\/\/tvtecjundiai.com.br\/news\/wp-json\/wp\/v2\/categories?post=109987"},{"taxonomy":"post_tag","embeddable":true,"href":"https:\/\/tvtecjundiai.com.br\/news\/wp-json\/wp\/v2\/tags?post=109987"}],"curies":[{"name":"wp","href":"https:\/\/api.w.org\/{rel}","templated":true}]}}