{"id":109990,"date":"2023-05-30T10:51:30","date_gmt":"2023-05-30T13:51:30","guid":{"rendered":"https:\/\/tvtecjundiai.com.br\/news\/?p=109990"},"modified":"2023-05-30T10:51:31","modified_gmt":"2023-05-30T13:51:31","slug":"governo-de-sp-abre-parcelamento-de-ipva-inscrito-em-divida-ativa","status":"publish","type":"post","link":"https:\/\/tvtecjundiai.com.br\/news\/2023\/05\/30\/governo-de-sp-abre-parcelamento-de-ipva-inscrito-em-divida-ativa\/","title":{"rendered":"Governo de SP abre parcelamento de IPVA inscrito em d\u00edvida ativa"},"content":{"rendered":"\n<p>A partir desta segunda-feira (29), todos os Impostos sobre a Propriedade de Ve\u00edculos Automotores (IPVA) inscritos em d\u00edvida ativa poder\u00e3o ser parcelados em at\u00e9 10 vezes. O Governo de S\u00e3o Paulo, por meio da Procuradoria Geral do Estado (PGE), respons\u00e1vel pela cobran\u00e7a dos tributos estaduais inscritos em d\u00edvida ativa, abriu a possibilidade para a popula\u00e7\u00e3o parcelar as d\u00edvidas dos IPVAs pendentes, de 2022 e dos anos anteriores.<\/p>\n\n\n\n<p>A procuradora do Estado e chefe da D\u00edvida Ativa, Elaine Motta, lembra que 50% dos valores arrecadados v\u00e3o para o munic\u00edpio em que o ve\u00edculo est\u00e1 licenciado.<\/p>\n\n\n<div class=\"wp-block-image\">\n<figure class=\"aligncenter size-full\"><img loading=\"lazy\" decoding=\"async\" width=\"679\" height=\"478\" src=\"https:\/\/tvtecjundiai.com.br\/news\/wp-content\/uploads\/sites\/2\/2022\/12\/carros.png\" alt=\"\" class=\"wp-image-102999\" srcset=\"https:\/\/tvtecjundiai.com.br\/news\/wp-content\/uploads\/sites\/2\/2022\/12\/carros.png 679w, https:\/\/tvtecjundiai.com.br\/news\/wp-content\/uploads\/sites\/2\/2022\/12\/carros-300x211.png 300w\" sizes=\"auto, (max-width: 679px) 100vw, 679px\" \/><figcaption class=\"wp-element-caption\">Foto: Thiago Gadelha<\/figcaption><\/figure>\n<\/div>\n\n\n<p><\/p>\n\n\n\n<p>\u201c\u00c9 uma pol\u00edtica p\u00fablica de arrecada\u00e7\u00e3o n\u00e3o s\u00f3 para o Estado, mas tamb\u00e9m para os munic\u00edpios. Com o parcelamento dos d\u00e9bitos de IPVA, o protesto pode ser baixado, ap\u00f3s o recolhimento das custas no Cart\u00f3rio, ficando ainda viabilizado o licenciamento do ve\u00edculo\u201d, afirma a procuradora.<\/p>\n\n\n\n<p>Neste ano, a expectativa \u00e9 realizar 50 mil acordos de parcelamento para os d\u00e9bitos de IPVA inscritos em d\u00edvida ativa.<\/p>\n\n\n\n<p><strong>Parcelamento do IPVA<\/strong><\/p>\n\n\n\n<p>Qualquer cidad\u00e3o pode realizar o parcelamento, mesmo que n\u00e3o seja o titular do ve\u00edculo. Ap\u00f3s consultar os d\u00e9bitos no site da PGE\/SP com o n\u00famero do RENAVAM do ve\u00edculo, o contribuinte poder\u00e1 liquidar ou parcelar os d\u00e9bitos no portal da D\u00edvida Ativa.<\/p>\n\n\n\n<p>No site, o usu\u00e1rio dever\u00e1 clicar em \u201cConsultar d\u00e9bitos\u201d. O sistema retornar\u00e1 com as d\u00edvidas referentes ao ve\u00edculo que poder\u00e3o ser parceladas. Ao escolher a op\u00e7\u00e3o \u201cParcelamento\u201d, o sistema enviar\u00e1 o contribuinte para outra p\u00e1gina onde ele poder\u00e1 escolher as condi\u00e7\u00f5es de pagamento.<\/p>\n\n\n\n<p>Ao finalizar o procedimento, o contribuinte poder\u00e1 emitir o termo de ades\u00e3o ao acordo e as guias de recolhimento. Os boletos s\u00e3o emitidos pelo site e o pagamento poder\u00e1 ser feito nas ag\u00eancias banc\u00e1rias ou lot\u00e9ricas. Em caso de d\u00favidas, o site da D\u00edvida Ativa possui uma \u00e1rea com os manuais de parcelamento e de IPVA, al\u00e9m de um canal de atendimento \u00e0 popula\u00e7\u00e3o.<\/p>\n\n\n\n<p><em><strong>(Fonte: Governo do Estado de S\u00e3o Paulo\/Imagem:\u00a0<em><strong>Thiago Gadelha<\/strong><\/em>)<\/strong><\/em><\/p>\n","protected":false},"excerpt":{"rendered":"<p>Neste ano, a expectativa \u00e9 realizar 50 mil acordos de parcelamento<\/p>\n","protected":false},"author":30,"featured_media":102999,"comment_status":"closed","ping_status":"0","sticky":false,"template":"","format":"standard","meta":{"footnotes":""},"categories":[1,6151],"tags":[],"class_list":["post-109990","post","type-post","status-publish","format-standard","has-post-thumbnail","hentry","category-noticias","category-transito"],"_links":{"self":[{"href":"https:\/\/tvtecjundiai.com.br\/news\/wp-json\/wp\/v2\/posts\/109990","targetHints":{"allow":["GET"]}}],"collection":[{"href":"https:\/\/tvtecjundiai.com.br\/news\/wp-json\/wp\/v2\/posts"}],"about":[{"href":"https:\/\/tvtecjundiai.com.br\/news\/wp-json\/wp\/v2\/types\/post"}],"author":[{"embeddable":true,"href":"https:\/\/tvtecjundiai.com.br\/news\/wp-json\/wp\/v2\/users\/30"}],"replies":[{"embeddable":true,"href":"https:\/\/tvtecjundiai.com.br\/news\/wp-json\/wp\/v2\/comments?post=109990"}],"version-history":[{"count":1,"href":"https:\/\/tvtecjundiai.com.br\/news\/wp-json\/wp\/v2\/posts\/109990\/revisions"}],"predecessor-version":[{"id":109991,"href":"https:\/\/tvtecjundiai.com.br\/news\/wp-json\/wp\/v2\/posts\/109990\/revisions\/109991"}],"wp:featuredmedia":[{"embeddable":true,"href":"https:\/\/tvtecjundiai.com.br\/news\/wp-json\/wp\/v2\/media\/102999"}],"wp:attachment":[{"href":"https:\/\/tvtecjundiai.com.br\/news\/wp-json\/wp\/v2\/media?parent=109990"}],"wp:term":[{"taxonomy":"category","embeddable":true,"href":"https:\/\/tvtecjundiai.com.br\/news\/wp-json\/wp\/v2\/categories?post=109990"},{"taxonomy":"post_tag","embeddable":true,"href":"https:\/\/tvtecjundiai.com.br\/news\/wp-json\/wp\/v2\/tags?post=109990"}],"curies":[{"name":"wp","href":"https:\/\/api.w.org\/{rel}","templated":true}]}}