{"id":110006,"date":"2023-05-30T12:31:24","date_gmt":"2023-05-30T15:31:24","guid":{"rendered":"https:\/\/tvtecjundiai.com.br\/news\/?p=110006"},"modified":"2023-05-30T12:31:45","modified_gmt":"2023-05-30T15:31:45","slug":"fundo-social-curso-de-manicure-e-pedicure-esta-com-pre-inscricao-aberta","status":"publish","type":"post","link":"https:\/\/tvtecjundiai.com.br\/news\/2023\/05\/30\/fundo-social-curso-de-manicure-e-pedicure-esta-com-pre-inscricao-aberta\/","title":{"rendered":"Fundo Social: curso de Manicure e Pedicure est\u00e1 com pr\u00e9-inscri\u00e7\u00e3o aberta"},"content":{"rendered":"\n<p>Est\u00e1 dispon\u00edvel, nesta ter\u00e7a-feira (30), a pr\u00e9-inscri\u00e7\u00e3o para o curso de Manicure e Pedicure, realizado gratuitamente pelo Fundo Social de Solidariedade de Jundia\u00ed (Funss). Os interessados em participar j\u00e1 podem acessar o&nbsp;<em>link<\/em>&nbsp;da turma e preencher o Formul\u00e1rio Google.<\/p>\n\n\n\n<p>No entanto, o Fundo Social refor\u00e7a que o envio do formul\u00e1rio \u00e9 considerado como inten\u00e7\u00e3o de participa\u00e7\u00e3o e, por isso, n\u00e3o garante o preenchimento da vaga. O crit\u00e9rio de sele\u00e7\u00e3o e forma\u00e7\u00e3o das turmas \u00e9 a ordem de envio destas informa\u00e7\u00f5es, que considera hora, minuto e segundo. A capacita\u00e7\u00e3o \u00e9 voltada para homens e mulheres, com idade m\u00ednima de 16 anos, que tenham o Ensino Fundamental completo e que residam em Jundia\u00ed. Confira o cronograma:<strong>&nbsp;<\/strong><\/p>\n\n\n\n<p><strong>Curso de<\/strong>&nbsp;<strong>Manicure e Pedicure<\/strong><\/p>\n\n\n\n<p>Idade m\u00ednima: 16 anos<\/p>\n\n\n\n<p>Vagas: 20<\/p>\n\n\n\n<p>Datas: 05\/06 a 28\/06<\/p>\n\n\n\n<p>Aulas de 2\u00aa, 3\u00aa e 4\u00aa feira<\/p>\n\n\n\n<p>12 aulas<\/p>\n\n\n\n<p>Hor\u00e1rio: 18h \u00e0s 22h<\/p>\n\n\n\n<p>Local: Fundo Social de Solidariedade \u2013 Av. Dona Manoela Lacerda de Vergueiro, s\/n \u2013 Port\u00e3o 3 \u2013 Anexo ao Parque da Uva \u2013 Bairro Anhangaba\u00fa<\/p>\n\n\n\n<p><strong>Link para inscri\u00e7\u00e3o:&nbsp;<\/strong><a href=\"https:\/\/forms.gle\/ZPou9Pp114kxGfkG6\" target=\"_blank\" rel=\"noreferrer noopener\"><strong>https:\/\/forms.gle\/ZPou9Pp114kxGfkG6<\/strong><\/a><\/p>\n\n\n\n<p><strong>Contemplados<\/strong><\/p>\n\n\n\n<p>Os nomes dos selecionados ser\u00e3o divulgados no site da Prefeitura de Jundia\u00ed e os contemplados receber\u00e3o uma mensagem de WhatsApp para confirma\u00e7\u00e3o da matr\u00edcula. Se o contemplado n\u00e3o responder \u00e0 mensagem em 24 horas, ter\u00e1 sua pr\u00e9-inscri\u00e7\u00e3o cancelada. As fichas n\u00e3o contempladas est\u00e3o, automaticamente, na lista de espera e poder\u00e3o ser convocadas somente em caso de desist\u00eancia at\u00e9 o segundo dia do curso.<\/p>\n\n\n\n<p>As aulas do curso de Manicure e Pedicure ser\u00e3o na sede do Fundo Social, localizado no Parque da Uva. O acesso \u00e9 pela avenida Dona Manoela Lacerda de Vergueiro, s\/n, port\u00e3o 03, bairro Anhangaba\u00fa. O funcionamento da unidade \u00e9 de segunda a sexta-feira, das 8h \u00e0s 17h, exceto feriados. Informa\u00e7\u00f5es pelos telefones (11) 4589-6319 e 4589-6320.<\/p>\n\n\n\n<p><\/p>\n\n\n\n<p>Fonte \/ Imagem: Prefeitura de Jundia\u00ed <\/p>\n","protected":false},"excerpt":{"rendered":"<p>Os interessados em participar j\u00e1 podem acessar o\u00a0link\u00a0da turma e preencher o Formul\u00e1rio Google.<\/p>\n","protected":false},"author":24,"featured_media":110007,"comment_status":"closed","ping_status":"0","sticky":false,"template":"","format":"standard","meta":{"footnotes":""},"categories":[1],"tags":[],"class_list":["post-110006","post","type-post","status-publish","format-standard","has-post-thumbnail","hentry","category-noticias"],"_links":{"self":[{"href":"https:\/\/tvtecjundiai.com.br\/news\/wp-json\/wp\/v2\/posts\/110006","targetHints":{"allow":["GET"]}}],"collection":[{"href":"https:\/\/tvtecjundiai.com.br\/news\/wp-json\/wp\/v2\/posts"}],"about":[{"href":"https:\/\/tvtecjundiai.com.br\/news\/wp-json\/wp\/v2\/types\/post"}],"author":[{"embeddable":true,"href":"https:\/\/tvtecjundiai.com.br\/news\/wp-json\/wp\/v2\/users\/24"}],"replies":[{"embeddable":true,"href":"https:\/\/tvtecjundiai.com.br\/news\/wp-json\/wp\/v2\/comments?post=110006"}],"version-history":[{"count":2,"href":"https:\/\/tvtecjundiai.com.br\/news\/wp-json\/wp\/v2\/posts\/110006\/revisions"}],"predecessor-version":[{"id":110009,"href":"https:\/\/tvtecjundiai.com.br\/news\/wp-json\/wp\/v2\/posts\/110006\/revisions\/110009"}],"wp:featuredmedia":[{"embeddable":true,"href":"https:\/\/tvtecjundiai.com.br\/news\/wp-json\/wp\/v2\/media\/110007"}],"wp:attachment":[{"href":"https:\/\/tvtecjundiai.com.br\/news\/wp-json\/wp\/v2\/media?parent=110006"}],"wp:term":[{"taxonomy":"category","embeddable":true,"href":"https:\/\/tvtecjundiai.com.br\/news\/wp-json\/wp\/v2\/categories?post=110006"},{"taxonomy":"post_tag","embeddable":true,"href":"https:\/\/tvtecjundiai.com.br\/news\/wp-json\/wp\/v2\/tags?post=110006"}],"curies":[{"name":"wp","href":"https:\/\/api.w.org\/{rel}","templated":true}]}}