{"id":110018,"date":"2023-05-30T13:58:16","date_gmt":"2023-05-30T16:58:16","guid":{"rendered":"https:\/\/tvtecjundiai.com.br\/news\/?p=110018"},"modified":"2023-05-30T13:58:17","modified_gmt":"2023-05-30T16:58:17","slug":"prefeitura-apresenta-metas-fiscais-do-primeiro-quadrimestre-2","status":"publish","type":"post","link":"https:\/\/tvtecjundiai.com.br\/news\/2023\/05\/30\/prefeitura-apresenta-metas-fiscais-do-primeiro-quadrimestre-2\/","title":{"rendered":"Prefeitura apresenta metas fiscais do primeiro quadrimestre"},"content":{"rendered":"\n<p>A Unidade de Gest\u00e3o de Governo e Finan\u00e7as (UGGF) apresentou em audi\u00eancia p\u00fablica, na C\u00e2mara dos Vereadores, nesta segunda-feira (29), as metas fiscais referente ao per\u00edodo de janeiro a abril de 2023. A apresenta\u00e7\u00e3o foi conduzida pelo Diretor do Departamento de Or\u00e7amentos, Luiz Fernando Boscolo e d\u00e1 cumprimento ao princ\u00edpio da transpar\u00eancia previsto na Lei de Responsabilidade Fiscal (LRF).<\/p>\n\n\n\n<p>A Receita Corrente L\u00edquida (RCL) do quadrimestre, acumulada\u00a0 dos 12 meses (maio\/2022 a abril\/2023), atingiu R$2,87 bilh\u00f5es e ficou 14% maior em compara\u00e7\u00e3o ao mesmo per\u00edodo de 2021\/2022, principalmente devido ao bom desempenho da arrecada\u00e7\u00e3o nos dois \u00faltimos quadrimestres de 2022.\u00a0 J\u00e1 a performance da Receita exclusivamente no per\u00edodo em 2023 atingiu crescimento de apenas 4,65%. Impactaram os bons resultados o IPTU, IPVA e ISS, por\u00e9m ICMS e FUNDEB seguem com baixa performance frente \u00e0s estimativas de arrecada\u00e7\u00e3o para este ano.<\/p>\n\n\n<div class=\"wp-block-image\">\n<figure class=\"aligncenter size-large\"><img loading=\"lazy\" decoding=\"async\" width=\"1200\" height=\"801\" src=\"https:\/\/tvtecjundiai.com.br\/news\/wp-content\/uploads\/sites\/2\/2023\/05\/audiencia-publica-metas-fiscais-primeiro-quadrimestre_fm_-21-2-1280x854-2-1200x801.jpg\" alt=\"\" class=\"wp-image-110019\" srcset=\"https:\/\/tvtecjundiai.com.br\/news\/wp-content\/uploads\/sites\/2\/2023\/05\/audiencia-publica-metas-fiscais-primeiro-quadrimestre_fm_-21-2-1280x854-2-1200x801.jpg 1200w, https:\/\/tvtecjundiai.com.br\/news\/wp-content\/uploads\/sites\/2\/2023\/05\/audiencia-publica-metas-fiscais-primeiro-quadrimestre_fm_-21-2-1280x854-2-300x200.jpg 300w, https:\/\/tvtecjundiai.com.br\/news\/wp-content\/uploads\/sites\/2\/2023\/05\/audiencia-publica-metas-fiscais-primeiro-quadrimestre_fm_-21-2-1280x854-2-768x512.jpg 768w, https:\/\/tvtecjundiai.com.br\/news\/wp-content\/uploads\/sites\/2\/2023\/05\/audiencia-publica-metas-fiscais-primeiro-quadrimestre_fm_-21-2-1280x854-2.jpg 1280w\" sizes=\"auto, (max-width: 1200px) 100vw, 1200px\" \/><figcaption class=\"wp-element-caption\">Metas fiscais foram apresentadas em audi\u00eancia p\u00fablica na C\u00e2mara dos Vereadores<\/figcaption><\/figure>\n<\/div>\n\n\n<p>Houve tamb\u00e9m o aumento de 18,37% na aplica\u00e7\u00e3o de recursos em Despesas, que&nbsp; foram sustentados pela arrecada\u00e7\u00e3o acima do previsto no ano anterior. Vale frisar que, como prioridades da gest\u00e3o, a Sa\u00fade e a Educa\u00e7\u00e3o receberam o maior montante desses recursos, com R$ 257,8 milh\u00f5es e R$ 180,5 milh\u00f5es, respectivamente. Os gastos de pessoal,&nbsp; relativos \u00e0 manuten\u00e7\u00e3o dos servidores p\u00fablicos, no per\u00edodo acumulado de 12 meses, ficaram na casa de R$ 1,08 bilh\u00e3o e atingiram 37,75% da RCL. A d\u00edvida consolidada&nbsp; reduziu em aproximadamente 20% e segue no patamar de 16,70% da RCL \u2013 muito abaixo do teto permitido pela LRF (120%), mostrando baixo n\u00edvel de endividamento.<\/p>\n\n\n\n<p>\u201cJundia\u00ed tem uma administra\u00e7\u00e3o baseada na responsabilidade fiscal e planeja os investimentos de acordo com as receitas arrecadadas. Dessa maneira conseguimos avan\u00e7ar nos \u00faltimos anos e mantemos a cidade na rota do crescimento\u201d, afirma Boscolo.<\/p>\n\n\n\n<p>As informa\u00e7\u00f5es s\u00e3o disponibilizadas no\u00a0<a rel=\"noreferrer noopener\" href=\"https:\/\/transparencia.jundiai.sp.gov.br\/\" target=\"_blank\">Portal da Transpar\u00eancia<\/a>, no site da Prefeitura de Jundia\u00ed.<\/p>\n\n\n\n<p><em><strong>Fonte \/ Imagem: Prefeitura de Jundia\u00ed<\/strong><\/em><\/p>\n","protected":false},"excerpt":{"rendered":"<p>Metas fiscais foram apresentadas em audi\u00eancia p\u00fablica na C\u00e2mara dos Vereadores<\/p>\n","protected":false},"author":30,"featured_media":110019,"comment_status":"closed","ping_status":"0","sticky":false,"template":"","format":"standard","meta":{"footnotes":""},"categories":[8356,1],"tags":[],"class_list":["post-110018","post","type-post","status-publish","format-standard","has-post-thumbnail","hentry","category-jundiai","category-noticias"],"_links":{"self":[{"href":"https:\/\/tvtecjundiai.com.br\/news\/wp-json\/wp\/v2\/posts\/110018","targetHints":{"allow":["GET"]}}],"collection":[{"href":"https:\/\/tvtecjundiai.com.br\/news\/wp-json\/wp\/v2\/posts"}],"about":[{"href":"https:\/\/tvtecjundiai.com.br\/news\/wp-json\/wp\/v2\/types\/post"}],"author":[{"embeddable":true,"href":"https:\/\/tvtecjundiai.com.br\/news\/wp-json\/wp\/v2\/users\/30"}],"replies":[{"embeddable":true,"href":"https:\/\/tvtecjundiai.com.br\/news\/wp-json\/wp\/v2\/comments?post=110018"}],"version-history":[{"count":1,"href":"https:\/\/tvtecjundiai.com.br\/news\/wp-json\/wp\/v2\/posts\/110018\/revisions"}],"predecessor-version":[{"id":110020,"href":"https:\/\/tvtecjundiai.com.br\/news\/wp-json\/wp\/v2\/posts\/110018\/revisions\/110020"}],"wp:featuredmedia":[{"embeddable":true,"href":"https:\/\/tvtecjundiai.com.br\/news\/wp-json\/wp\/v2\/media\/110019"}],"wp:attachment":[{"href":"https:\/\/tvtecjundiai.com.br\/news\/wp-json\/wp\/v2\/media?parent=110018"}],"wp:term":[{"taxonomy":"category","embeddable":true,"href":"https:\/\/tvtecjundiai.com.br\/news\/wp-json\/wp\/v2\/categories?post=110018"},{"taxonomy":"post_tag","embeddable":true,"href":"https:\/\/tvtecjundiai.com.br\/news\/wp-json\/wp\/v2\/tags?post=110018"}],"curies":[{"name":"wp","href":"https:\/\/api.w.org\/{rel}","templated":true}]}}