{"id":110029,"date":"2023-05-30T16:53:25","date_gmt":"2023-05-30T19:53:25","guid":{"rendered":"https:\/\/tvtecjundiai.com.br\/news\/?p=110029"},"modified":"2023-05-30T16:57:45","modified_gmt":"2023-05-30T19:57:45","slug":"visitas-e-conexoes-no-vale-do-pinhao-e-prefeitura-de-curitiba-inspiram-futuras-parcerias-com-ftvtec","status":"publish","type":"post","link":"https:\/\/tvtecjundiai.com.br\/news\/2023\/05\/30\/visitas-e-conexoes-no-vale-do-pinhao-e-prefeitura-de-curitiba-inspiram-futuras-parcerias-com-ftvtec\/","title":{"rendered":"Visitas e conex\u00f5es no Vale do Pinh\u00e3o inspiram parcerias com FTVTEC"},"content":{"rendered":"\n<p>Com o objetivo de conhecer novas estrat\u00e9gias de qualifica\u00e7\u00e3o, alcance e modelos de neg\u00f3cios criativos, a superintendente da Funda\u00e7\u00e3o Escola TVTEC Jundia\u00ed, M\u00f4nica Gropelo, esteve em Curitiba para conhecer as depend\u00eancias e a filosofia do Vale do Pinh\u00e3o, programa criado pela Prefeitura de Curitiba por meio da Ag\u00eancia Curitiba de Desenvolvimento S\/A  com foco na promo\u00e7\u00e3o de a\u00e7\u00f5es para ajudar no desenvolvimento econ\u00f4mico e promo\u00e7\u00e3o da qualidade de vida aos cidad\u00e3os. <\/p>\n\n\n\n<p>Durante o encontro, a superintendente visitou os espa\u00e7os f\u00edsicos, participou de roda de conversas, conheceu o trabalho realizado pela equipe que une modelos criativos, pautado em seus quatro pilares, ou seja, reurbaniza\u00e7\u00e3o e sustentabilidade; educa\u00e7\u00e3o e empreendedorismo; tecnologia; legisla\u00e7\u00e3o e incentivo fiscal; e integra\u00e7\u00e3o e articula\u00e7\u00e3o. &#8220;Combinamos avan\u00e7armos na troca de experi\u00eancias e modelos de comunica\u00e7\u00e3o p\u00fablica on-line, recursos e t\u00e9cnicas de alcance e visibilidade em redes sociais e novas pr\u00e1ticas&#8221;, comenta M\u00f4nica Gropelo. <\/p>\n\n\n\n<p>A visita foi importante para alinhar sobre conv\u00eanios, parcerias e acordos de coopera\u00e7\u00e3o t\u00e9cnica para alinhamento dos pilares e programas da FTVTEC visando fortalecimento e novidades em modelos de qualifica\u00e7\u00f5es r\u00e1pidas, neg\u00f3cios e conte\u00fados criativos, al\u00e9m de plataformas de suporte a eventos e inova\u00e7\u00e3o aberta. &#8220;Discutimos possibilidades de trazer mais ferramentas para os criativos e outros temas para os alunos, novas pr\u00e1ticas e abordagens. Na prefeitura combinamos avan\u00e7armos na troca de experi\u00eancias e modelos de comunica\u00e7\u00e3o p\u00fablica on-line, recursos e t\u00e9cnicas de alcance e visibilidade em redes sociais e novas pr\u00e1ticas&#8221;, adianta. <\/p>\n\n\n\n<figure class=\"wp-block-image size-full\"><img loading=\"lazy\" decoding=\"async\" width=\"960\" height=\"711\" src=\"https:\/\/tvtecjundiai.com.br\/news\/wp-content\/uploads\/sites\/2\/2023\/05\/CURITIBA4.jpeg\" alt=\"\" class=\"wp-image-110048\" srcset=\"https:\/\/tvtecjundiai.com.br\/news\/wp-content\/uploads\/sites\/2\/2023\/05\/CURITIBA4.jpeg 960w, https:\/\/tvtecjundiai.com.br\/news\/wp-content\/uploads\/sites\/2\/2023\/05\/CURITIBA4-300x222.jpeg 300w, https:\/\/tvtecjundiai.com.br\/news\/wp-content\/uploads\/sites\/2\/2023\/05\/CURITIBA4-768x569.jpeg 768w\" sizes=\"auto, (max-width: 960px) 100vw, 960px\" \/><figcaption class=\"wp-element-caption\">M\u00f4nica Gropelo chega a Curitiba para conhecer os trabalhos do Vale do Pinh\u00e3o, em Curitiba <\/figcaption><\/figure>\n\n\n\n<p>O Vale do Pinh\u00e3o \u00e9 um programa alinhado aos Objetivos de Desenvolvimento Sustent\u00e1vel (ODS) da ONU e envolve secretarias municipais e o ecossistema de inova\u00e7\u00e3o de Curitiba, composto por todos os atores cujo objetivo \u00e9 o desenvolvimento de inova\u00e7\u00e3o: universidades, aceleradoras, incubadoras, fundos de investimento, centros de pesquisa e desenvolvimento, startups, movimentos culturais e criativos.<\/p>\n\n\n\n<p>M\u00f4nica Gropelo foi recebida pela presidente da Ag\u00eancia Curitiba de Desenvolvimento S\/A, Cris Martins, pelo diretor t\u00e9cnico da Ag\u00eancia, Paulo Krauss, e pela  coordenadora de m\u00eddias sociais da Prefeitura de Curitiba, Elaine Geise.<\/p>\n\n\n\n<p>&#8220;Curitiba sempre foi e ser\u00e1 refer\u00eancia em comunica\u00e7\u00e3o e cidade inteligente e conectada. Existem produtos e servi\u00e7os que s\u00e3o estrat\u00e9gias solu\u00e7\u00f5es para alguns gargalos da FTVTEC. Tamb\u00e9m observamos que nosso trabalho e atua\u00e7\u00e3o nesses seis anos est\u00e3o perfeitamente alinhados com os novos modelos de comunica\u00e7\u00e3o e produ\u00e7\u00e3o de conte\u00fados. Isso nos deixa ainda mais motivamos a buscar parcerias com essas cidades e institui\u00e7\u00f5es que est\u00e3o sempre na linha de frente do ecossistema de inova\u00e7\u00e3o, criatividade e sustentabilidade.&#8221;<\/p>\n\n\n\n<p><strong><em>(Fonte: Imagens: Divulga\u00e7\u00e3o<\/em><\/strong><\/p>\n","protected":false},"excerpt":{"rendered":"<p>A superintendente conheceu os trabalhos realizados com foco na economia criativa<\/p>\n","protected":false},"author":30,"featured_media":110030,"comment_status":"closed","ping_status":"0","sticky":false,"template":"","format":"standard","meta":{"footnotes":""},"categories":[2834,29],"tags":[],"class_list":["post-110029","post","type-post","status-publish","format-standard","has-post-thumbnail","hentry","category-cidades","category-destaque"],"_links":{"self":[{"href":"https:\/\/tvtecjundiai.com.br\/news\/wp-json\/wp\/v2\/posts\/110029","targetHints":{"allow":["GET"]}}],"collection":[{"href":"https:\/\/tvtecjundiai.com.br\/news\/wp-json\/wp\/v2\/posts"}],"about":[{"href":"https:\/\/tvtecjundiai.com.br\/news\/wp-json\/wp\/v2\/types\/post"}],"author":[{"embeddable":true,"href":"https:\/\/tvtecjundiai.com.br\/news\/wp-json\/wp\/v2\/users\/30"}],"replies":[{"embeddable":true,"href":"https:\/\/tvtecjundiai.com.br\/news\/wp-json\/wp\/v2\/comments?post=110029"}],"version-history":[{"count":17,"href":"https:\/\/tvtecjundiai.com.br\/news\/wp-json\/wp\/v2\/posts\/110029\/revisions"}],"predecessor-version":[{"id":110060,"href":"https:\/\/tvtecjundiai.com.br\/news\/wp-json\/wp\/v2\/posts\/110029\/revisions\/110060"}],"wp:featuredmedia":[{"embeddable":true,"href":"https:\/\/tvtecjundiai.com.br\/news\/wp-json\/wp\/v2\/media\/110030"}],"wp:attachment":[{"href":"https:\/\/tvtecjundiai.com.br\/news\/wp-json\/wp\/v2\/media?parent=110029"}],"wp:term":[{"taxonomy":"category","embeddable":true,"href":"https:\/\/tvtecjundiai.com.br\/news\/wp-json\/wp\/v2\/categories?post=110029"},{"taxonomy":"post_tag","embeddable":true,"href":"https:\/\/tvtecjundiai.com.br\/news\/wp-json\/wp\/v2\/tags?post=110029"}],"curies":[{"name":"wp","href":"https:\/\/api.w.org\/{rel}","templated":true}]}}