{"id":110038,"date":"2023-05-30T16:02:01","date_gmt":"2023-05-30T19:02:01","guid":{"rendered":"https:\/\/tvtecjundiai.com.br\/news\/?p=110038"},"modified":"2023-05-30T16:02:02","modified_gmt":"2023-05-30T19:02:02","slug":"manejo-arboreo-da-rua-anchieta-e-discutido-em-audiencia-publica","status":"publish","type":"post","link":"https:\/\/tvtecjundiai.com.br\/news\/2023\/05\/30\/manejo-arboreo-da-rua-anchieta-e-discutido-em-audiencia-publica\/","title":{"rendered":"Manejo arb\u00f3reo da rua Anchieta \u00e9 discutido em audi\u00eancia p\u00fablica"},"content":{"rendered":"\n<p>A Prefeitura de Jundia\u00ed, por meio do Departamento de Parques, Jardins e Pra\u00e7as (DPJP), ligado \u00e0 Unidade de Gest\u00e3o de Infraestrutura e Servi\u00e7os P\u00fablicos (UGISP), realizou na noite de segunda-feira (29), uma audi\u00eancia p\u00fablica para tratar do projeto de manejo arb\u00f3reo da rua Anchieta. O evento aconteceu no audit\u00f3rio do Pa\u00e7o Municipal e contou com a presen\u00e7a de mun\u00edcipes. Tamb\u00e9m houve transmiss\u00e3o no canal do YouTube da Prefeitura.<\/p>\n\n\n\n<p>A audi\u00eancia foi encabe\u00e7ada pelos gestores Adilson Rosa (Infraestrutura e Servi\u00e7os P\u00fablicos) e Sin\u00e9sio Scarabello Filho (Planejamento Urbano e Meio Ambiente), al\u00e9m do Diretor do DPJP, Rudislei Santos. \u00c0 popula\u00e7\u00e3o foi apresentado o projeto de substitui\u00e7\u00e3o das \u00e1rvores comprometidas e planta\u00e7\u00e3o de novos exemplares pr\u00f3prios para o cen\u00e1rio urbano.<\/p>\n\n\n\n<p>\u201cO objetivo da audi\u00eancia p\u00fablica \u00e9 discutir junto com as pessoas a melhor maneira de executar esse projeto. A rua Anchieta \u00e9 uma via hist\u00f3rica e que est\u00e1 no cora\u00e7\u00e3o de todos os jundiaienses, portanto, tomaremos as nossas decis\u00f5es baseados em estudos t\u00e9cnicos e com a participa\u00e7\u00e3o popular\u201d, comenta Adilson Rosa.<\/p>\n\n\n<div class=\"wp-block-image\">\n<figure class=\"aligncenter size-large\"><img loading=\"lazy\" decoding=\"async\" width=\"1200\" height=\"801\" src=\"https:\/\/tvtecjundiai.com.br\/news\/wp-content\/uploads\/sites\/2\/2023\/05\/audiencia-publica-renova-verde-anchieta_fm_-9-1280x854-1-1200x801.jpg\" alt=\"\" class=\"wp-image-110039\" srcset=\"https:\/\/tvtecjundiai.com.br\/news\/wp-content\/uploads\/sites\/2\/2023\/05\/audiencia-publica-renova-verde-anchieta_fm_-9-1280x854-1-1200x801.jpg 1200w, https:\/\/tvtecjundiai.com.br\/news\/wp-content\/uploads\/sites\/2\/2023\/05\/audiencia-publica-renova-verde-anchieta_fm_-9-1280x854-1-300x200.jpg 300w, https:\/\/tvtecjundiai.com.br\/news\/wp-content\/uploads\/sites\/2\/2023\/05\/audiencia-publica-renova-verde-anchieta_fm_-9-1280x854-1-768x512.jpg 768w, https:\/\/tvtecjundiai.com.br\/news\/wp-content\/uploads\/sites\/2\/2023\/05\/audiencia-publica-renova-verde-anchieta_fm_-9-1280x854-1.jpg 1280w\" sizes=\"auto, (max-width: 1200px) 100vw, 1200px\" \/><figcaption class=\"wp-element-caption\">Rudislei, Adilson e Sin\u00e9sio lideraram a audi\u00eancia p\u00fablica, realizada no audit\u00f3rio do Pa\u00e7o Municipal<\/figcaption><\/figure>\n<\/div>\n\n\n<p>A proposta \u00e9 que a primeira fase do projeto promova a substitui\u00e7\u00e3o de 26 \u00e1rvores com risco eminente ou alto risco de queda. Al\u00e9m disso, ser\u00e3o plantadas 15 novos exemplares, totalizando 41 \u00e1rvores. A esp\u00e9cie sugerida \u00e9 a \u2018Amendoim Bravo\u201d, que tem o nome cient\u00edfico de Pterogyne niten. \u201cElas foram escolhidas por ter maior resist\u00eancia, r\u00e1pido crescimento e garantir a manuten\u00e7\u00e3o do tradicional corredor verde, que garante a beleza e o sombreamento das ruas e avenidas\u201d, explica Rudislei.<\/p>\n\n\n\n<p>Ao final da apresenta\u00e7\u00e3o, os mun\u00edcipes puderam realizar perguntas e sugest\u00f5es, que ser\u00e3o analisadas pela equipe t\u00e9cnica da UGISP. Uma nova reuni\u00e3o com as pessoas ser\u00e1 agendada para dar uma devolutiva.<\/p>\n\n\n\n<p><strong><em>Fonte \/ Imagem: Prefeitura de Jundia\u00ed<\/em><\/strong><\/p>\n","protected":false},"excerpt":{"rendered":"<p>Rudislei, Adilson e Sin\u00e9sio lideraram a audi\u00eancia p\u00fablica, realizada no audit\u00f3rio do Pa\u00e7o Municipal<\/p>\n","protected":false},"author":30,"featured_media":110039,"comment_status":"closed","ping_status":"0","sticky":false,"template":"","format":"standard","meta":{"footnotes":""},"categories":[8391,8356,1],"tags":[],"class_list":["post-110038","post","type-post","status-publish","format-standard","has-post-thumbnail","hentry","category-infraestrutura","category-jundiai","category-noticias"],"_links":{"self":[{"href":"https:\/\/tvtecjundiai.com.br\/news\/wp-json\/wp\/v2\/posts\/110038","targetHints":{"allow":["GET"]}}],"collection":[{"href":"https:\/\/tvtecjundiai.com.br\/news\/wp-json\/wp\/v2\/posts"}],"about":[{"href":"https:\/\/tvtecjundiai.com.br\/news\/wp-json\/wp\/v2\/types\/post"}],"author":[{"embeddable":true,"href":"https:\/\/tvtecjundiai.com.br\/news\/wp-json\/wp\/v2\/users\/30"}],"replies":[{"embeddable":true,"href":"https:\/\/tvtecjundiai.com.br\/news\/wp-json\/wp\/v2\/comments?post=110038"}],"version-history":[{"count":1,"href":"https:\/\/tvtecjundiai.com.br\/news\/wp-json\/wp\/v2\/posts\/110038\/revisions"}],"predecessor-version":[{"id":110041,"href":"https:\/\/tvtecjundiai.com.br\/news\/wp-json\/wp\/v2\/posts\/110038\/revisions\/110041"}],"wp:featuredmedia":[{"embeddable":true,"href":"https:\/\/tvtecjundiai.com.br\/news\/wp-json\/wp\/v2\/media\/110039"}],"wp:attachment":[{"href":"https:\/\/tvtecjundiai.com.br\/news\/wp-json\/wp\/v2\/media?parent=110038"}],"wp:term":[{"taxonomy":"category","embeddable":true,"href":"https:\/\/tvtecjundiai.com.br\/news\/wp-json\/wp\/v2\/categories?post=110038"},{"taxonomy":"post_tag","embeddable":true,"href":"https:\/\/tvtecjundiai.com.br\/news\/wp-json\/wp\/v2\/tags?post=110038"}],"curies":[{"name":"wp","href":"https:\/\/api.w.org\/{rel}","templated":true}]}}