{"id":110042,"date":"2023-05-30T16:04:09","date_gmt":"2023-05-30T19:04:09","guid":{"rendered":"https:\/\/tvtecjundiai.com.br\/news\/?p=110042"},"modified":"2023-05-30T16:04:10","modified_gmt":"2023-05-30T19:04:10","slug":"cecco-recebe-visita-de-comitiva-de-pirassununga","status":"publish","type":"post","link":"https:\/\/tvtecjundiai.com.br\/news\/2023\/05\/30\/cecco-recebe-visita-de-comitiva-de-pirassununga\/","title":{"rendered":"CECCO recebe visita de comitiva de Pirassununga"},"content":{"rendered":"\n<p>A produ\u00e7\u00e3o de p\u00e3o de mel e de belisc\u00e3o, a manuten\u00e7\u00e3o da horta e as aulas de Dan\u00e7a Circular e Lian Gong foram algumas das atividades conferidas por uma comitiva de Pirassununga, durante visita ao Centro de Conviv\u00eancia, Cultura, Trabalho e Gera\u00e7\u00e3o de Renda (CECCO), nesta ter\u00e7a-feira (30).<\/p>\n\n\n\n<p>O equipamento, vinculado \u00e0 Unidade de Gest\u00e3o de Promo\u00e7\u00e3o da Sa\u00fade (UGPS), \u00e9 considerado refer\u00eancia te\u00f3rica e pr\u00e1tica pelo Conselho Nacional dos Direitos Humanos (CNDH), sendo a experi\u00eancia de Jundia\u00ed citada no documento publicado, neste m\u00eas, que solicita a regulamenta\u00e7\u00e3o dos centros de conviv\u00eancia para usu\u00e1rios da rede de aten\u00e7\u00e3o psicossocial do Pa\u00eds.<br><br>\u201c\u00c9 importante esse reconhecimento e poder compartilhar a experi\u00eancia exitosa que temos, a partir de a\u00e7\u00f5es intersetoriais e multiprofissionais, que visam a preven\u00e7\u00e3o e a promo\u00e7\u00e3o da sa\u00fade. O cuidado que o usu\u00e1rio recebe no servi\u00e7o \u00e9 transportado para a sua fam\u00edlia e para a comunidade\u201d, ressaltou a gestora adjunta de Promo\u00e7\u00e3o Sa\u00fade, m\u00e9dica Dayane Aparecida Pereira Martins.<\/p>\n\n\n<div class=\"wp-block-image\">\n<figure class=\"aligncenter size-large\"><img loading=\"lazy\" decoding=\"async\" width=\"1200\" height=\"801\" src=\"https:\/\/tvtecjundiai.com.br\/news\/wp-content\/uploads\/sites\/2\/2023\/05\/visita-comissao-de-pirassununga-ao-cecco-de-jundiai_fm_-1-1280x854-1-1200x801.jpg\" alt=\"\" class=\"wp-image-110043\" srcset=\"https:\/\/tvtecjundiai.com.br\/news\/wp-content\/uploads\/sites\/2\/2023\/05\/visita-comissao-de-pirassununga-ao-cecco-de-jundiai_fm_-1-1280x854-1-1200x801.jpg 1200w, https:\/\/tvtecjundiai.com.br\/news\/wp-content\/uploads\/sites\/2\/2023\/05\/visita-comissao-de-pirassununga-ao-cecco-de-jundiai_fm_-1-1280x854-1-300x200.jpg 300w, https:\/\/tvtecjundiai.com.br\/news\/wp-content\/uploads\/sites\/2\/2023\/05\/visita-comissao-de-pirassununga-ao-cecco-de-jundiai_fm_-1-1280x854-1-768x512.jpg 768w, https:\/\/tvtecjundiai.com.br\/news\/wp-content\/uploads\/sites\/2\/2023\/05\/visita-comissao-de-pirassununga-ao-cecco-de-jundiai_fm_-1-1280x854-1.jpg 1280w\" sizes=\"auto, (max-width: 1200px) 100vw, 1200px\" \/><figcaption class=\"wp-element-caption\">A comitiva conheceu o espa\u00e7o e acompanhou as aulas<\/figcaption><\/figure>\n<\/div>\n\n\n<p>Por m\u00eas, o CECCO registra cerca de 1 mil atendimentos nas atividades coletivas, nas programa\u00e7\u00f5es voltadas \u00e0 conviv\u00eancia para crian\u00e7as, adolescentes e adultos, e tamb\u00e9m nos Grupos de Gera\u00e7\u00e3o de Renda.<\/p>\n\n\n\n<p>\u201c\u00c9 um modelo de atendimento todo financiado pelo Munic\u00edpio, que tem feito a diferen\u00e7a na vida das pessoas, ofertando cuidado integral e promovendo autonomia, qualidade de vida e inclus\u00e3o social\u201d, acrescentou a gerente do equipamento, Fernanda Torres Apollonio.<\/p>\n\n\n\n<p>Para a coordenadora da Sa\u00fade Mental da Secretaria de Sa\u00fade de Pirassununga, Camila Marchiori, a visita foi valiosa. \u201cEstamos querendo implantar um CECCO e viemos conhecer de perto o trabalho realizado em Jundia\u00ed. Estamos apaixonados pelo que estamos vendo. Aqui se promove o cuidado de forma multidisciplinar\u201d, resumiu.<\/p>\n\n\n\n<p>Tamb\u00e9m estavam na comitiva o presidente da C\u00e2mara de Pirassununga, C\u00edcero Justino da Silva, e o vereador Vitor Naressi Netto.<\/p>\n\n\n\n<p><em><strong>Fonte \/ Imagem: Prefeitura de Jundia\u00ed<\/strong><\/em><\/p>\n","protected":false},"excerpt":{"rendered":"<p>A comitiva conheceu o espa\u00e7o e acompanhou as aulas<\/p>\n","protected":false},"author":30,"featured_media":110043,"comment_status":"closed","ping_status":"0","sticky":false,"template":"","format":"standard","meta":{"footnotes":""},"categories":[8356,1],"tags":[],"class_list":["post-110042","post","type-post","status-publish","format-standard","has-post-thumbnail","hentry","category-jundiai","category-noticias"],"_links":{"self":[{"href":"https:\/\/tvtecjundiai.com.br\/news\/wp-json\/wp\/v2\/posts\/110042","targetHints":{"allow":["GET"]}}],"collection":[{"href":"https:\/\/tvtecjundiai.com.br\/news\/wp-json\/wp\/v2\/posts"}],"about":[{"href":"https:\/\/tvtecjundiai.com.br\/news\/wp-json\/wp\/v2\/types\/post"}],"author":[{"embeddable":true,"href":"https:\/\/tvtecjundiai.com.br\/news\/wp-json\/wp\/v2\/users\/30"}],"replies":[{"embeddable":true,"href":"https:\/\/tvtecjundiai.com.br\/news\/wp-json\/wp\/v2\/comments?post=110042"}],"version-history":[{"count":1,"href":"https:\/\/tvtecjundiai.com.br\/news\/wp-json\/wp\/v2\/posts\/110042\/revisions"}],"predecessor-version":[{"id":110044,"href":"https:\/\/tvtecjundiai.com.br\/news\/wp-json\/wp\/v2\/posts\/110042\/revisions\/110044"}],"wp:featuredmedia":[{"embeddable":true,"href":"https:\/\/tvtecjundiai.com.br\/news\/wp-json\/wp\/v2\/media\/110043"}],"wp:attachment":[{"href":"https:\/\/tvtecjundiai.com.br\/news\/wp-json\/wp\/v2\/media?parent=110042"}],"wp:term":[{"taxonomy":"category","embeddable":true,"href":"https:\/\/tvtecjundiai.com.br\/news\/wp-json\/wp\/v2\/categories?post=110042"},{"taxonomy":"post_tag","embeddable":true,"href":"https:\/\/tvtecjundiai.com.br\/news\/wp-json\/wp\/v2\/tags?post=110042"}],"curies":[{"name":"wp","href":"https:\/\/api.w.org\/{rel}","templated":true}]}}