{"id":110063,"date":"2023-05-30T17:35:05","date_gmt":"2023-05-30T20:35:05","guid":{"rendered":"https:\/\/tvtecjundiai.com.br\/news\/?p=110063"},"modified":"2023-05-30T17:35:06","modified_gmt":"2023-05-30T20:35:06","slug":"criancas-embarcam-numa-viagem-literaria-em-acao-da-biblioteca-nas-escolas","status":"publish","type":"post","link":"https:\/\/tvtecjundiai.com.br\/news\/2023\/05\/30\/criancas-embarcam-numa-viagem-literaria-em-acao-da-biblioteca-nas-escolas\/","title":{"rendered":"Crian\u00e7as embarcam numa \u2018Viagem Liter\u00e1ria\u2019 em a\u00e7\u00e3o da Biblioteca nas escolas"},"content":{"rendered":"\n<p>Al\u00e9m da atividade do \u201cSlam nas escolas\u201d, a Unidade de Gest\u00e3o de Cultura (UGC) tem promovido, por meio da Biblioteca Municipal Professor Nelson Foot, a \u201cViagem Liter\u00e1ria\u201d, iniciativa de fomento \u00e0 leitura voltada para alunos das redes municipal e estadual do Ensino Fundamental 1 at\u00e9 o M\u00e9dio.<\/p>\n\n\n\n<p>\u201cEsta \u00e9 mais uma a\u00e7\u00e3o da Plataforma de Educa\u00e7\u00e3o e Cultura da Prefeitura, a Biblioteca Municipal leva uma apresenta\u00e7\u00e3o art\u00edstica e uma roda de conversa com o autor, como forma de fomentar a leitura entre os alunos e incentivar tamb\u00e9m a ida deles a este equipamento cultural, que conta, al\u00e9m de um extenso acervo, com programa\u00e7\u00e3o com atra\u00e7\u00f5es gratuitas\u201d, comentou o gestor de Cultura, Marcelo Peroni.<\/p>\n\n\n\n<p>Quem recebeu a atividade nesta ter\u00e7a-feira (30) foram os alunos da Emeb Nassib Cury, no bairro Fazenda Grande. A programa\u00e7\u00e3o come\u00e7ou com a apresenta\u00e7\u00e3o da Cia. Grifo Teatro, que levou para o espa\u00e7o de Artes da unidade escolar o espet\u00e1culo \u201cNelsinho em uma Viagem Liter\u00e1ria\u201d. Feita no formato de teatro de mamulengos (fantoches t\u00edpicos da regi\u00e3o do Nordeste brasileiro), a apresenta\u00e7\u00e3o l\u00fadica com as personagens Nelsinho e v\u00f3 Cec\u00edlia, que numa releitura de \u201cDom Quixote\u201d, falam da import\u00e2ncia da leitura, da origem das bibliotecas e incentivam a crian\u00e7ada a conhecer a Biblioteca Municipal.<\/p>\n\n\n<div class=\"wp-block-image\">\n<figure class=\"aligncenter size-large is-resized\"><img loading=\"lazy\" decoding=\"async\" src=\"https:\/\/tvtecjundiai.com.br\/news\/wp-content\/uploads\/sites\/2\/2023\/05\/viagem-literaria_emeb-nassib-cury_m_-49-2-1280x854-1-1200x801.jpg\" alt=\"\" class=\"wp-image-110064\" width=\"840\" height=\"560\" srcset=\"https:\/\/tvtecjundiai.com.br\/news\/wp-content\/uploads\/sites\/2\/2023\/05\/viagem-literaria_emeb-nassib-cury_m_-49-2-1280x854-1-1200x801.jpg 1200w, https:\/\/tvtecjundiai.com.br\/news\/wp-content\/uploads\/sites\/2\/2023\/05\/viagem-literaria_emeb-nassib-cury_m_-49-2-1280x854-1-300x200.jpg 300w, https:\/\/tvtecjundiai.com.br\/news\/wp-content\/uploads\/sites\/2\/2023\/05\/viagem-literaria_emeb-nassib-cury_m_-49-2-1280x854-1-768x512.jpg 768w, https:\/\/tvtecjundiai.com.br\/news\/wp-content\/uploads\/sites\/2\/2023\/05\/viagem-literaria_emeb-nassib-cury_m_-49-2-1280x854-1.jpg 1280w\" sizes=\"auto, (max-width: 840px) 100vw, 840px\" \/><figcaption class=\"wp-element-caption\">Atividades come\u00e7aram com a apresenta\u00e7\u00e3o do teatro de mamulengos com a Cia. Grifo Teatro<\/figcaption><\/figure>\n<\/div>\n\n\n<p>Na sequ\u00eancia, os alunos puderam conversar com Davi Sim\u00e3o Junior, autor jundiaiense contemplado para esta edi\u00e7\u00e3o da Viagem e que escreveu \u201cA Menina do Nariz Arrebitado\u201d, releitura feita em mang\u00e1 da obra de Monteiro Lobato.<\/p>\n\n\n\n<p>Para os alunos do 5\u00ba ano B, da professora Nilci, a conversa com o autor foi ainda mais especial, j\u00e1 que sua obra est\u00e1 sendo estudada pela turma. Al\u00e9m de produzirem colantes com cada um dos personagens do livro para colar na camiseta, a turma presenteou o autor com sua caricatura, feita pela aluna Alice Furquim, de dez anos.<\/p>\n\n\n<div class=\"wp-block-image\">\n<figure class=\"aligncenter size-large\"><img loading=\"lazy\" decoding=\"async\" width=\"1200\" height=\"801\" src=\"https:\/\/tvtecjundiai.com.br\/news\/wp-content\/uploads\/sites\/2\/2023\/05\/viagem-literaria_emeb-nassib-cury_m_-75-1280x854-1-1200x801.jpg\" alt=\"\" class=\"wp-image-110065\" srcset=\"https:\/\/tvtecjundiai.com.br\/news\/wp-content\/uploads\/sites\/2\/2023\/05\/viagem-literaria_emeb-nassib-cury_m_-75-1280x854-1-1200x801.jpg 1200w, https:\/\/tvtecjundiai.com.br\/news\/wp-content\/uploads\/sites\/2\/2023\/05\/viagem-literaria_emeb-nassib-cury_m_-75-1280x854-1-300x200.jpg 300w, https:\/\/tvtecjundiai.com.br\/news\/wp-content\/uploads\/sites\/2\/2023\/05\/viagem-literaria_emeb-nassib-cury_m_-75-1280x854-1-768x512.jpg 768w, https:\/\/tvtecjundiai.com.br\/news\/wp-content\/uploads\/sites\/2\/2023\/05\/viagem-literaria_emeb-nassib-cury_m_-75-1280x854-1.jpg 1280w\" sizes=\"auto, (max-width: 1200px) 100vw, 1200px\" \/><figcaption class=\"wp-element-caption\">Em nome da escola, Alice presenteou o autor com a caricatura que ela fez em cartolina<\/figcaption><\/figure>\n<\/div>\n\n\n<p>\u201cComo eu amo desenhar e escrever, a professora pediu que eu fizesse esse presente para o Davi. Afinal, n\u00e3o \u00e9 todo dia que recebemos um escritor aqui na escola\u201d, comentou Alice.<\/p>\n\n\n\n<p>Davi agradeceu o acolhimento. \u201cFiquei muito emocionado e grato, pela oportunidade e pela recep\u00e7\u00e3o da turma. Espero inspir\u00e1-los para que tamb\u00e9m se tornem autores\u201d, comentou o autor, que compartilhou com as crian\u00e7as como se d\u00e1 o seu processo criativo e tirou d\u00favidas e curiosidades.<\/p>\n\n\n\n<p><strong><em>Fonte \/ Imagem: Prefeitura de Jundia\u00ed<\/em><\/strong><\/p>\n","protected":false},"excerpt":{"rendered":"<p>Atividades come\u00e7aram com a apresenta\u00e7\u00e3o do teatro de mamulengos com a Cia. Grifo Teatro<\/p>\n","protected":false},"author":30,"featured_media":110066,"comment_status":"closed","ping_status":"0","sticky":false,"template":"","format":"standard","meta":{"footnotes":""},"categories":[2833,2828,8356,1],"tags":[],"class_list":["post-110063","post","type-post","status-publish","format-standard","has-post-thumbnail","hentry","category-cultura","category-educacao","category-jundiai","category-noticias"],"_links":{"self":[{"href":"https:\/\/tvtecjundiai.com.br\/news\/wp-json\/wp\/v2\/posts\/110063","targetHints":{"allow":["GET"]}}],"collection":[{"href":"https:\/\/tvtecjundiai.com.br\/news\/wp-json\/wp\/v2\/posts"}],"about":[{"href":"https:\/\/tvtecjundiai.com.br\/news\/wp-json\/wp\/v2\/types\/post"}],"author":[{"embeddable":true,"href":"https:\/\/tvtecjundiai.com.br\/news\/wp-json\/wp\/v2\/users\/30"}],"replies":[{"embeddable":true,"href":"https:\/\/tvtecjundiai.com.br\/news\/wp-json\/wp\/v2\/comments?post=110063"}],"version-history":[{"count":1,"href":"https:\/\/tvtecjundiai.com.br\/news\/wp-json\/wp\/v2\/posts\/110063\/revisions"}],"predecessor-version":[{"id":110067,"href":"https:\/\/tvtecjundiai.com.br\/news\/wp-json\/wp\/v2\/posts\/110063\/revisions\/110067"}],"wp:featuredmedia":[{"embeddable":true,"href":"https:\/\/tvtecjundiai.com.br\/news\/wp-json\/wp\/v2\/media\/110066"}],"wp:attachment":[{"href":"https:\/\/tvtecjundiai.com.br\/news\/wp-json\/wp\/v2\/media?parent=110063"}],"wp:term":[{"taxonomy":"category","embeddable":true,"href":"https:\/\/tvtecjundiai.com.br\/news\/wp-json\/wp\/v2\/categories?post=110063"},{"taxonomy":"post_tag","embeddable":true,"href":"https:\/\/tvtecjundiai.com.br\/news\/wp-json\/wp\/v2\/tags?post=110063"}],"curies":[{"name":"wp","href":"https:\/\/api.w.org\/{rel}","templated":true}]}}