{"id":110068,"date":"2023-05-30T17:36:29","date_gmt":"2023-05-30T20:36:29","guid":{"rendered":"https:\/\/tvtecjundiai.com.br\/news\/?p=110068"},"modified":"2023-05-30T17:36:30","modified_gmt":"2023-05-30T20:36:30","slug":"segundo-encontro-do-escola-cidada-tem-foco-em-saude-e-assistencia-social","status":"publish","type":"post","link":"https:\/\/tvtecjundiai.com.br\/news\/2023\/05\/30\/segundo-encontro-do-escola-cidada-tem-foco-em-saude-e-assistencia-social\/","title":{"rendered":"Segundo encontro do \u2018Escola Cidad\u00e3\u2019 tem foco em Sa\u00fade e Assist\u00eancia Social"},"content":{"rendered":"\n<p>A Unidade de Gest\u00e3o da Casa Civil (UGCC) promoveu, nesta semana, o segundo encontro do projeto piloto \u201cEscola Cidad\u00e3\u201d. As \u00e1reas de conhecimento escolhidas para aprofundamento foram a Sa\u00fade e a Assist\u00eancia Social e como elas podem contribuir na a\u00e7\u00e3o e preven\u00e7\u00e3o dos casos de viol\u00eancia contra as mulheres.<\/p>\n\n\n\n<p>Participaram do encontro os alunos, diretores e vice-diretores das Escolas Estaduais: Alessandra Cristina Rodrigues De Oliveira Pezzato, Doutor Antenor Soares Gandra e Professora Deolinda Copelli de Souza Lima. A eles foram passados o funcionamento da Rede de Aten\u00e7\u00e3o, os tipos de viol\u00eancia e seus respectivos atendimentos, bem como programas, projetos e protocolos adotados pelas Unidades de Gest\u00e3o.<\/p>\n\n\n\n<p>\u201cA viol\u00eancia contra as mulheres \u00e9 um tema que deve ser amplamente debatido e combatido. A Prefeitura desenvolve a\u00e7\u00f5es intersetoriais para acolhimento e preven\u00e7\u00e3o de casos e, por meio desse projeto, passa o conhecimento aos jovens para fomentar o desenvolvimento de pol\u00edticas p\u00fablicas assertivas\u201d, afirma o Gestor da Casa Civil, Dr. Gustavo Maryssael.<\/p>\n\n\n<div class=\"wp-block-image\">\n<figure class=\"aligncenter size-large\"><img loading=\"lazy\" decoding=\"async\" width=\"1200\" height=\"675\" src=\"https:\/\/tvtecjundiai.com.br\/news\/wp-content\/uploads\/sites\/2\/2023\/05\/whatsapp-image-2023-05-29-at-10-58-08-1-1280x720-1-1200x675.jpeg\" alt=\"\" class=\"wp-image-110069\" srcset=\"https:\/\/tvtecjundiai.com.br\/news\/wp-content\/uploads\/sites\/2\/2023\/05\/whatsapp-image-2023-05-29-at-10-58-08-1-1280x720-1-1200x675.jpeg 1200w, https:\/\/tvtecjundiai.com.br\/news\/wp-content\/uploads\/sites\/2\/2023\/05\/whatsapp-image-2023-05-29-at-10-58-08-1-1280x720-1-300x169.jpeg 300w, https:\/\/tvtecjundiai.com.br\/news\/wp-content\/uploads\/sites\/2\/2023\/05\/whatsapp-image-2023-05-29-at-10-58-08-1-1280x720-1-768x432.jpeg 768w, https:\/\/tvtecjundiai.com.br\/news\/wp-content\/uploads\/sites\/2\/2023\/05\/whatsapp-image-2023-05-29-at-10-58-08-1-1280x720-1.jpeg 1280w\" sizes=\"auto, (max-width: 1200px) 100vw, 1200px\" \/><figcaption class=\"wp-element-caption\">Encontros do projeto piloto Escola Cidad\u00e3 est\u00e3o acontecendo de forma remota<\/figcaption><\/figure>\n<\/div>\n\n\n<p>Durante o encontro, um dos alunos questionou sobre o papel da tecnologia nos servi\u00e7os de sa\u00fade e assist\u00eancia social. A ele foi ressaltado o papel do Cad\u00danico e do Prontu\u00e1rio Eletr\u00f4nico em casos de viol\u00eancia.<\/p>\n\n\n\n<p>O encontro tamb\u00e9m contou com a participa\u00e7\u00e3o da Gestora Adjunta da Casa Civil, Carmen Tubini e dos sete Assessores do N\u00facleo de Articula\u00e7\u00e3o de Pol\u00edticas P\u00fablicas da UGCC (Direitos Humanos, Pessoa com Defici\u00eancia, Pessoa Idosa, Igualdade Racial, Mulheres, Juventude e Diversidade Sexual). Pela Sa\u00fade estiveram presentes a Diretora da Aten\u00e7\u00e3o B\u00e1sica, Ana Paula Rodrigues Rosa; a Assistente Social da Vigil\u00e2ncia Epidemiol\u00f3gica, Roberta Ribeiro; e a Terapeuta Ocupacional, Mariela Besse.<\/p>\n\n\n\n<p>Representaram a Assist\u00eancia Social o diretor do CREAS, Luiz Guilherme Fuschini Camargo; e a Assistente Social da Casa Sol, Sileni Aparecida dos Santos. A integrante do N\u00facleo Pedag\u00f3gico da Diretoria Regional de Ensino de Jundia\u00ed, Cristiane Ferraz de Campos, tamb\u00e9m esteve presente.<\/p>\n\n\n\n<p><strong><em>Fonte \/ Imagem: Prefeitura de Jundia\u00ed<\/em><\/strong><\/p>\n","protected":false},"excerpt":{"rendered":"<p>Encontros do projeto piloto Escola Cidad\u00e3 est\u00e3o acontecendo de forma remota<\/p>\n","protected":false},"author":30,"featured_media":110069,"comment_status":"closed","ping_status":"0","sticky":false,"template":"","format":"standard","meta":{"footnotes":""},"categories":[8356,1],"tags":[],"class_list":["post-110068","post","type-post","status-publish","format-standard","has-post-thumbnail","hentry","category-jundiai","category-noticias"],"_links":{"self":[{"href":"https:\/\/tvtecjundiai.com.br\/news\/wp-json\/wp\/v2\/posts\/110068","targetHints":{"allow":["GET"]}}],"collection":[{"href":"https:\/\/tvtecjundiai.com.br\/news\/wp-json\/wp\/v2\/posts"}],"about":[{"href":"https:\/\/tvtecjundiai.com.br\/news\/wp-json\/wp\/v2\/types\/post"}],"author":[{"embeddable":true,"href":"https:\/\/tvtecjundiai.com.br\/news\/wp-json\/wp\/v2\/users\/30"}],"replies":[{"embeddable":true,"href":"https:\/\/tvtecjundiai.com.br\/news\/wp-json\/wp\/v2\/comments?post=110068"}],"version-history":[{"count":1,"href":"https:\/\/tvtecjundiai.com.br\/news\/wp-json\/wp\/v2\/posts\/110068\/revisions"}],"predecessor-version":[{"id":110070,"href":"https:\/\/tvtecjundiai.com.br\/news\/wp-json\/wp\/v2\/posts\/110068\/revisions\/110070"}],"wp:featuredmedia":[{"embeddable":true,"href":"https:\/\/tvtecjundiai.com.br\/news\/wp-json\/wp\/v2\/media\/110069"}],"wp:attachment":[{"href":"https:\/\/tvtecjundiai.com.br\/news\/wp-json\/wp\/v2\/media?parent=110068"}],"wp:term":[{"taxonomy":"category","embeddable":true,"href":"https:\/\/tvtecjundiai.com.br\/news\/wp-json\/wp\/v2\/categories?post=110068"},{"taxonomy":"post_tag","embeddable":true,"href":"https:\/\/tvtecjundiai.com.br\/news\/wp-json\/wp\/v2\/tags?post=110068"}],"curies":[{"name":"wp","href":"https:\/\/api.w.org\/{rel}","templated":true}]}}