{"id":110072,"date":"2023-05-31T08:58:20","date_gmt":"2023-05-31T11:58:20","guid":{"rendered":"https:\/\/tvtecjundiai.com.br\/news\/?p=110072"},"modified":"2023-05-31T08:58:20","modified_gmt":"2023-05-31T11:58:20","slug":"receita-paga-nesta-quarta-31-primeiro-lote-de-restituicao-do-ir-2023","status":"publish","type":"post","link":"https:\/\/tvtecjundiai.com.br\/news\/2023\/05\/31\/receita-paga-nesta-quarta-31-primeiro-lote-de-restituicao-do-ir-2023\/","title":{"rendered":"Receita paga nesta quarta (31) primeiro lote de restitui\u00e7\u00e3o do IR 2023"},"content":{"rendered":"\n<p>A Receita Federal libera nesta quarta-feira (31) o pagamento do primeiro lote de restitui\u00e7\u00e3o do Imposto de Renda (IR) Pessoa F\u00edsica de 2023. Os valores est\u00e3o&nbsp;depositados na conta-corrente do contribuinte, indicada na declara\u00e7\u00e3o.<img decoding=\"async\" src=\"https:\/\/agenciabrasil.ebc.com.br\/ebc.png?id=1536210&amp;o=node\"><img decoding=\"async\" src=\"https:\/\/agenciabrasil.ebc.com.br\/ebc.gif?id=1536210&amp;o=node\"><\/p>\n\n\n\n<p>O lote contempla 4,1 milh\u00f5es de contribuintes que est\u00e3o fila de priorit\u00e1rios, como idosos acima de 80 anos, pessoas com defici\u00eancia, professores e quem fez&nbsp;a declara\u00e7\u00e3o pr\u00e9-preenchida ou optou por receber a restitui\u00e7\u00e3o pelo Pix.&nbsp;<\/p>\n\n\n<div class=\"wp-block-image\">\n<figure class=\"aligncenter size-full is-resized\"><img loading=\"lazy\" decoding=\"async\" src=\"https:\/\/tvtecjundiai.com.br\/news\/wp-content\/uploads\/sites\/2\/2020\/11\/mca_abr_21031913349.jpg\" alt=\"\" class=\"wp-image-66429\" width=\"722\" height=\"431\" srcset=\"https:\/\/tvtecjundiai.com.br\/news\/wp-content\/uploads\/sites\/2\/2020\/11\/mca_abr_21031913349.jpg 1170w, https:\/\/tvtecjundiai.com.br\/news\/wp-content\/uploads\/sites\/2\/2020\/11\/mca_abr_21031913349-300x179.jpg 300w, https:\/\/tvtecjundiai.com.br\/news\/wp-content\/uploads\/sites\/2\/2020\/11\/mca_abr_21031913349-768x459.jpg 768w\" sizes=\"auto, (max-width: 722px) 100vw, 722px\" \/><\/figure>\n<\/div>\n\n\n<p><\/p>\n\n\n\n<p>Para consultar se a restitui\u00e7\u00e3o\u00a0est\u00e1 dispon\u00edvel, o contribuinte deve acessar a\u00a0<a rel=\"noreferrer noopener\" href=\"https:\/\/www.gov.br\/receitafederal\/pt-br\" target=\"_blank\">p\u00e1gina da Receita Federal<\/a>\u00a0na internet\u00a0e clicar nos itens &#8220;Meu Imposto de Renda&#8221; e &#8220;Consultar a Restitui\u00e7\u00e3o&#8221;.<\/p>\n\n\n\n<p>Neste&nbsp;primeiro lote, considerado pelo \u00f3rg\u00e3o o maior da hist\u00f3ria, s\u00e3o pagos&nbsp;cerca de R$ 7,5 bilh\u00f5es aos contribuintes.<\/p>\n\n\n\n<p>A entrega da declara\u00e7\u00e3o do imposto come\u00e7ou no dia 15 de mar\u00e7o e termina hoje, \u00e0s 23h59.<\/p>\n\n\n\n<p><strong><em>(Fonte: Ag\u00eancia Brasil\/Imagem: Marcello Casal Jr\/Ag\u00eancia Brasil)<\/em><\/strong><\/p>\n","protected":false},"excerpt":{"rendered":"<p>Os valores est\u00e3o depositados na conta-corrente do contribuinte, indicada na declara\u00e7\u00e3o<\/p>\n","protected":false},"author":30,"featured_media":66429,"comment_status":"closed","ping_status":"0","sticky":false,"template":"","format":"standard","meta":{"footnotes":""},"categories":[2829,1],"tags":[],"class_list":["post-110072","post","type-post","status-publish","format-standard","has-post-thumbnail","hentry","category-economia","category-noticias"],"_links":{"self":[{"href":"https:\/\/tvtecjundiai.com.br\/news\/wp-json\/wp\/v2\/posts\/110072","targetHints":{"allow":["GET"]}}],"collection":[{"href":"https:\/\/tvtecjundiai.com.br\/news\/wp-json\/wp\/v2\/posts"}],"about":[{"href":"https:\/\/tvtecjundiai.com.br\/news\/wp-json\/wp\/v2\/types\/post"}],"author":[{"embeddable":true,"href":"https:\/\/tvtecjundiai.com.br\/news\/wp-json\/wp\/v2\/users\/30"}],"replies":[{"embeddable":true,"href":"https:\/\/tvtecjundiai.com.br\/news\/wp-json\/wp\/v2\/comments?post=110072"}],"version-history":[{"count":1,"href":"https:\/\/tvtecjundiai.com.br\/news\/wp-json\/wp\/v2\/posts\/110072\/revisions"}],"predecessor-version":[{"id":110073,"href":"https:\/\/tvtecjundiai.com.br\/news\/wp-json\/wp\/v2\/posts\/110072\/revisions\/110073"}],"wp:featuredmedia":[{"embeddable":true,"href":"https:\/\/tvtecjundiai.com.br\/news\/wp-json\/wp\/v2\/media\/66429"}],"wp:attachment":[{"href":"https:\/\/tvtecjundiai.com.br\/news\/wp-json\/wp\/v2\/media?parent=110072"}],"wp:term":[{"taxonomy":"category","embeddable":true,"href":"https:\/\/tvtecjundiai.com.br\/news\/wp-json\/wp\/v2\/categories?post=110072"},{"taxonomy":"post_tag","embeddable":true,"href":"https:\/\/tvtecjundiai.com.br\/news\/wp-json\/wp\/v2\/tags?post=110072"}],"curies":[{"name":"wp","href":"https:\/\/api.w.org\/{rel}","templated":true}]}}