{"id":110075,"date":"2023-05-31T09:42:47","date_gmt":"2023-05-31T12:42:47","guid":{"rendered":"https:\/\/tvtecjundiai.com.br\/news\/?p=110075"},"modified":"2023-05-31T10:23:17","modified_gmt":"2023-05-31T13:23:17","slug":"jundiai-empreendedora-recebe-processo-seletivo-para-100-vagas-nesta-quarta-31","status":"publish","type":"post","link":"https:\/\/tvtecjundiai.com.br\/news\/2023\/05\/31\/jundiai-empreendedora-recebe-processo-seletivo-para-100-vagas-nesta-quarta-31\/","title":{"rendered":"Jundia\u00ed Empreendedora recebe processo seletivo para 100 vagas nesta quarta (31)"},"content":{"rendered":"\n<p>Em parceria com a Unidade de Desenvolvimento Econ\u00f4mico, Ci\u00eancia e Tecnologia (UGDECT), por meio do portal Jundia\u00ed Empreendedora, a empresa Efetiva RH realiza nesta quarta-feira (31) um processo seletivo para 100 vagas de Operador de Atendimento. A sele\u00e7\u00e3o ser\u00e1 a partir das 9h, no Espa\u00e7o Jundia\u00ed Empreendedora, no Maxi Shopping (avenida Ant\u00f4nio Frederico Ozanam, 6000, Vila Rio Branco \u2013 Piso G3\/Ala Oeste).<\/p>\n\n\n\n<p>Para participar do processo seletivo os interessados devem cumprir alguns requisitos, como ensino m\u00e9dio completo ou cursando, ter acima de 18 anos, disponibilidade de hor\u00e1rio e residir em Jundia\u00ed, V\u00e1rzea Paulista, Campo Limpo Paulista, Franco da Rocha, Francisco Morato ou Caieiras.<\/p>\n\n\n\n<p>Ser\u00e3o jornadas de 6h di\u00e1rias e n\u00e3o \u00e9 necess\u00e1rio ter experi\u00eancia. O sal\u00e1rio \u00e9 de R$ 1.320,00, mais benef\u00edcios (vale-transporte ou fretado; vale-refei\u00e7\u00e3o de R$ 237,00; Aux\u00edlio-creche; seguro de vida; conv\u00eanio m\u00e9dico, odontol\u00f3gico e farm\u00e1cia).<\/p>\n\n\n<div class=\"wp-block-image\">\n<figure class=\"aligncenter size-large\"><img loading=\"lazy\" decoding=\"async\" width=\"1200\" height=\"800\" src=\"https:\/\/tvtecjundiai.com.br\/news\/wp-content\/uploads\/sites\/2\/2023\/05\/jundiai-empreendedora-carteia-de-trabalho_fm_-34-1280x853-4-1200x800.jpg\" alt=\"\" class=\"wp-image-110076\" srcset=\"https:\/\/tvtecjundiai.com.br\/news\/wp-content\/uploads\/sites\/2\/2023\/05\/jundiai-empreendedora-carteia-de-trabalho_fm_-34-1280x853-4-1200x800.jpg 1200w, https:\/\/tvtecjundiai.com.br\/news\/wp-content\/uploads\/sites\/2\/2023\/05\/jundiai-empreendedora-carteia-de-trabalho_fm_-34-1280x853-4-300x200.jpg 300w, https:\/\/tvtecjundiai.com.br\/news\/wp-content\/uploads\/sites\/2\/2023\/05\/jundiai-empreendedora-carteia-de-trabalho_fm_-34-1280x853-4-768x512.jpg 768w, https:\/\/tvtecjundiai.com.br\/news\/wp-content\/uploads\/sites\/2\/2023\/05\/jundiai-empreendedora-carteia-de-trabalho_fm_-34-1280x853-4.jpg 1280w\" sizes=\"auto, (max-width: 1200px) 100vw, 1200px\" \/><figcaption class=\"wp-element-caption\">Espa\u00e7o Jundia\u00ed Empreendedora fica no piso G3 do Maxi Shopping: oportunidade de emprego<\/figcaption><\/figure>\n<\/div>\n\n\n<p>Os interessados devem cadastrar o curr\u00edculo no portal Jundia\u00ed Empreendedora,&nbsp;<a rel=\"noreferrer noopener\" href=\"https:\/\/negocios.jundiai.sp.gov.br\/\" target=\"_blank\">atrav\u00e9s do link<\/a>, e candidatar-se \u00e0 vaga. Ap\u00f3s o cadastro, o candidato deve se dirigir ao Espa\u00e7o Jundia\u00ed Empreendedora com documentos pessoais e curr\u00edculo.<\/p>\n\n\n\n<p>A empresa que quiser realizar seu processo seletivo no Espa\u00e7o Jundia\u00ed Empreendedora pode agendar atrav\u00e9s do pr\u00f3prio portal ou ligar no 4582-8585.<\/p>\n\n\n\n<p><strong>Servi\u00e7o:<\/strong><br>Processo seletivo Efetiva RH<br><strong>Vagas:<\/strong>&nbsp;100<br><strong>Cargo:<\/strong>&nbsp;Operador de atendimento<br><strong>Data:<\/strong>&nbsp;31\/05 \u2013 quarta-feira<br><strong>Hor\u00e1rio:<\/strong>&nbsp;A partir das 9h<\/p>\n\n\n\n<p><em><strong>Fonte \/ Imagem: Prefeitura de Jundia\u00ed<\/strong><\/em><\/p>\n","protected":false},"excerpt":{"rendered":"<p>Espa\u00e7o Jundia\u00ed Empreendedora fica no piso G3 do Maxi Shopping: oportunidade de emprego<\/p>\n","protected":false},"author":30,"featured_media":110076,"comment_status":"closed","ping_status":"0","sticky":false,"template":"","format":"standard","meta":{"footnotes":""},"categories":[8363,8356,1],"tags":[],"class_list":["post-110075","post","type-post","status-publish","format-standard","has-post-thumbnail","hentry","category-emprego-2","category-jundiai","category-noticias"],"_links":{"self":[{"href":"https:\/\/tvtecjundiai.com.br\/news\/wp-json\/wp\/v2\/posts\/110075","targetHints":{"allow":["GET"]}}],"collection":[{"href":"https:\/\/tvtecjundiai.com.br\/news\/wp-json\/wp\/v2\/posts"}],"about":[{"href":"https:\/\/tvtecjundiai.com.br\/news\/wp-json\/wp\/v2\/types\/post"}],"author":[{"embeddable":true,"href":"https:\/\/tvtecjundiai.com.br\/news\/wp-json\/wp\/v2\/users\/30"}],"replies":[{"embeddable":true,"href":"https:\/\/tvtecjundiai.com.br\/news\/wp-json\/wp\/v2\/comments?post=110075"}],"version-history":[{"count":2,"href":"https:\/\/tvtecjundiai.com.br\/news\/wp-json\/wp\/v2\/posts\/110075\/revisions"}],"predecessor-version":[{"id":110090,"href":"https:\/\/tvtecjundiai.com.br\/news\/wp-json\/wp\/v2\/posts\/110075\/revisions\/110090"}],"wp:featuredmedia":[{"embeddable":true,"href":"https:\/\/tvtecjundiai.com.br\/news\/wp-json\/wp\/v2\/media\/110076"}],"wp:attachment":[{"href":"https:\/\/tvtecjundiai.com.br\/news\/wp-json\/wp\/v2\/media?parent=110075"}],"wp:term":[{"taxonomy":"category","embeddable":true,"href":"https:\/\/tvtecjundiai.com.br\/news\/wp-json\/wp\/v2\/categories?post=110075"},{"taxonomy":"post_tag","embeddable":true,"href":"https:\/\/tvtecjundiai.com.br\/news\/wp-json\/wp\/v2\/tags?post=110075"}],"curies":[{"name":"wp","href":"https:\/\/api.w.org\/{rel}","templated":true}]}}