{"id":110082,"date":"2023-05-31T09:48:45","date_gmt":"2023-05-31T12:48:45","guid":{"rendered":"https:\/\/tvtecjundiai.com.br\/news\/?p=110082"},"modified":"2023-05-31T09:48:46","modified_gmt":"2023-05-31T12:48:46","slug":"prefeito-recebe-membros-do-conselho-municipal-da-pessoa-com-deficiencia","status":"publish","type":"post","link":"https:\/\/tvtecjundiai.com.br\/news\/2023\/05\/31\/prefeito-recebe-membros-do-conselho-municipal-da-pessoa-com-deficiencia\/","title":{"rendered":"Prefeito recebe membros do Conselho Municipal da Pessoa com Defici\u00eancia"},"content":{"rendered":"\n<p>Membros do Conselho Municipal da Pessoa com Defici\u00eancia realizaram, nesta ter\u00e7a-feira (30), uma reuni\u00e3o com o prefeito Luiz Fernando Machado e gestores municipais. O objetivo foi discutir o avan\u00e7o de pol\u00edticas p\u00fablicas para a pessoa com defici\u00eancia em Jundia\u00ed.<\/p>\n\n\n\n<p>Foram abordados diversos assuntos, como a regulamenta\u00e7\u00e3o do programa de transporte adaptado porta a porta e de um programa de empregabilidade direcionado para as pessoas com defici\u00eancia no Jundia\u00ed Empreendedora.<\/p>\n\n\n\n<p>\u201cA administra\u00e7\u00e3o tem dado prioridade \u00e0s pautas das pessoas com defici\u00eancia, principalmente ouvindo as lideran\u00e7as que fazem parte do Conselho. Ningu\u00e9m melhor do que o p\u00fablico que vivencia diariamente essa realidade para auxiliar nas a\u00e7\u00f5es\u201d, comentou o prefeito Luiz Fernando Machado.<\/p>\n\n\n<div class=\"wp-block-image\">\n<figure class=\"aligncenter size-large\"><img loading=\"lazy\" decoding=\"async\" width=\"1200\" height=\"801\" src=\"https:\/\/tvtecjundiai.com.br\/news\/wp-content\/uploads\/sites\/2\/2023\/05\/reuniao_prefeito_conselho_pessoa_com_deficiencia-7-1280x854-1-1200x801.jpg\" alt=\"\" class=\"wp-image-110083\" srcset=\"https:\/\/tvtecjundiai.com.br\/news\/wp-content\/uploads\/sites\/2\/2023\/05\/reuniao_prefeito_conselho_pessoa_com_deficiencia-7-1280x854-1-1200x801.jpg 1200w, https:\/\/tvtecjundiai.com.br\/news\/wp-content\/uploads\/sites\/2\/2023\/05\/reuniao_prefeito_conselho_pessoa_com_deficiencia-7-1280x854-1-300x200.jpg 300w, https:\/\/tvtecjundiai.com.br\/news\/wp-content\/uploads\/sites\/2\/2023\/05\/reuniao_prefeito_conselho_pessoa_com_deficiencia-7-1280x854-1-768x512.jpg 768w, https:\/\/tvtecjundiai.com.br\/news\/wp-content\/uploads\/sites\/2\/2023\/05\/reuniao_prefeito_conselho_pessoa_com_deficiencia-7-1280x854-1.jpg 1280w\" sizes=\"auto, (max-width: 1200px) 100vw, 1200px\" \/><figcaption class=\"wp-element-caption\">Prefeito recebeu membros do Conselho Municipal da Pessoa com Defici\u00eancia<\/figcaption><\/figure>\n<\/div>\n\n\n<p>Outra pauta discutida foi a cria\u00e7\u00e3o uma rota de acessibilidade entre o Terminal Central, o Instituto Luiz Braille e o Bol\u00e3o, com a adequa\u00e7\u00e3o das cal\u00e7adas e da sinaliza\u00e7\u00e3o, al\u00e9m de interven\u00e7\u00f5es nos terminais de \u00f4nibus da cidade. \u201cN\u00f3s estamos contratando a reforma dos banheiros dos sete terminais de \u00f4nibus, al\u00e9m da implanta\u00e7\u00e3o da acessibilidade nos espa\u00e7os. Essa \u00e9 uma medida que vai trazer autonomia e qualidade na mobilidade das pessoas com defici\u00eancia\u201d, afirmou o Gestor de Governo e Finan\u00e7as, Jos\u00e9 Ant\u00f4nio Parimoschi.<\/p>\n\n\n\n<p>Tamb\u00e9m estiveram na reuni\u00e3o o Gestor da Casa Civil, Gustavo Maryssael, o presidente do Conselho da Pessoa com Defici\u00eancia, Filipi Lima, a vice-presidente do Conselho, Dalva Jesus Monteiro, o assessor da Pessoa com Defici\u00eancia, Marco Ant\u00f4nio dos Santos, o assessor de Direitos Humanos, Paulo Fernando de Almeida, al\u00e9m de membros do Conselho da Pessoa com Defici\u00eancia. \u201cN\u00f3s ficamos muito felizes em sempre ter um bom di\u00e1logo com a administra\u00e7\u00e3o municipal, principalmente em se tratando das nossas pautas e reivindica\u00e7\u00f5es\u201d, afirmou a conselheira Ivanilde Oliveira de Jesus.<\/p>\n\n\n\n<p><strong><em>Fonte \/ Imagem: Prefeitura de Jundia\u00ed<\/em><\/strong><\/p>\n","protected":false},"excerpt":{"rendered":"<p>Prefeito recebeu membros do Conselho Municipal da Pessoa com Defici\u00eancia<\/p>\n","protected":false},"author":30,"featured_media":110083,"comment_status":"closed","ping_status":"0","sticky":false,"template":"","format":"standard","meta":{"footnotes":""},"categories":[8356,1],"tags":[],"class_list":["post-110082","post","type-post","status-publish","format-standard","has-post-thumbnail","hentry","category-jundiai","category-noticias"],"_links":{"self":[{"href":"https:\/\/tvtecjundiai.com.br\/news\/wp-json\/wp\/v2\/posts\/110082","targetHints":{"allow":["GET"]}}],"collection":[{"href":"https:\/\/tvtecjundiai.com.br\/news\/wp-json\/wp\/v2\/posts"}],"about":[{"href":"https:\/\/tvtecjundiai.com.br\/news\/wp-json\/wp\/v2\/types\/post"}],"author":[{"embeddable":true,"href":"https:\/\/tvtecjundiai.com.br\/news\/wp-json\/wp\/v2\/users\/30"}],"replies":[{"embeddable":true,"href":"https:\/\/tvtecjundiai.com.br\/news\/wp-json\/wp\/v2\/comments?post=110082"}],"version-history":[{"count":1,"href":"https:\/\/tvtecjundiai.com.br\/news\/wp-json\/wp\/v2\/posts\/110082\/revisions"}],"predecessor-version":[{"id":110084,"href":"https:\/\/tvtecjundiai.com.br\/news\/wp-json\/wp\/v2\/posts\/110082\/revisions\/110084"}],"wp:featuredmedia":[{"embeddable":true,"href":"https:\/\/tvtecjundiai.com.br\/news\/wp-json\/wp\/v2\/media\/110083"}],"wp:attachment":[{"href":"https:\/\/tvtecjundiai.com.br\/news\/wp-json\/wp\/v2\/media?parent=110082"}],"wp:term":[{"taxonomy":"category","embeddable":true,"href":"https:\/\/tvtecjundiai.com.br\/news\/wp-json\/wp\/v2\/categories?post=110082"},{"taxonomy":"post_tag","embeddable":true,"href":"https:\/\/tvtecjundiai.com.br\/news\/wp-json\/wp\/v2\/tags?post=110082"}],"curies":[{"name":"wp","href":"https:\/\/api.w.org\/{rel}","templated":true}]}}