{"id":110091,"date":"2023-05-31T11:04:36","date_gmt":"2023-05-31T14:04:36","guid":{"rendered":"https:\/\/tvtecjundiai.com.br\/news\/?p=110091"},"modified":"2023-05-31T11:04:37","modified_gmt":"2023-05-31T14:04:37","slug":"com-r-13-milhao-de-investimento-bloco-historico-do-espaco-expressa-ganha-novo-telhado","status":"publish","type":"post","link":"https:\/\/tvtecjundiai.com.br\/news\/2023\/05\/31\/com-r-13-milhao-de-investimento-bloco-historico-do-espaco-expressa-ganha-novo-telhado\/","title":{"rendered":"Com R$ 1,3 milh\u00e3o de investimento, bloco hist\u00f3rico do Espa\u00e7o Expressa ganha novo telhado"},"content":{"rendered":"\n<p>Em mais uma frente de atua\u00e7\u00e3o da revitaliza\u00e7\u00e3o e requalifica\u00e7\u00e3o do Espa\u00e7o Expressa (Antigo Complexo Fepasa), foram iniciadas as obras de reforma do telhado de seu bloco hist\u00f3rico. Para esta etapa da obra, ser\u00e3o investidos R$ 1,3 milh\u00e3o, provenientes do Fundo de Interesses Difusos (FID) da Secretaria da Justi\u00e7a e da Defesa da Cidadania do Estado de S\u00e3o Paulo e destinados por meio de conv\u00eanio com a Prefeitura.<\/p>\n\n\n\n<p>Nesta etapa, ser\u00e3o recuperadas as estruturas da cobertura e substitu\u00eddas as atuais telhas de fibrocimento por telhas francesas de barro \u2013 como as existentes no telhado original do pr\u00e9dio, conforme aprovado pelos \u00f3rg\u00e3os de preserva\u00e7\u00e3o -, numa \u00e1rea total de quase 800 metros quadrados. Essa \u00e1rea corresponde, no piso superior, a duas novas salas de ensaio e uma sala de apresenta\u00e7\u00f5es, j\u00e1 intitulada Sal\u00e3o Nobre da Cia. Paulista de Estradas de Ferro, sem contar a respectiva \u00e1rea no piso inferior.<\/p>\n\n\n<div class=\"wp-block-image\">\n<figure class=\"aligncenter size-large\"><img loading=\"lazy\" decoding=\"async\" width=\"1200\" height=\"801\" src=\"https:\/\/tvtecjundiai.com.br\/news\/wp-content\/uploads\/sites\/2\/2023\/05\/obras_telhado_bloco_historico_expressa_pa-32-1280x854-1-1200x801.jpg\" alt=\"\" class=\"wp-image-110092\" srcset=\"https:\/\/tvtecjundiai.com.br\/news\/wp-content\/uploads\/sites\/2\/2023\/05\/obras_telhado_bloco_historico_expressa_pa-32-1280x854-1-1200x801.jpg 1200w, https:\/\/tvtecjundiai.com.br\/news\/wp-content\/uploads\/sites\/2\/2023\/05\/obras_telhado_bloco_historico_expressa_pa-32-1280x854-1-300x200.jpg 300w, https:\/\/tvtecjundiai.com.br\/news\/wp-content\/uploads\/sites\/2\/2023\/05\/obras_telhado_bloco_historico_expressa_pa-32-1280x854-1-768x512.jpg 768w, https:\/\/tvtecjundiai.com.br\/news\/wp-content\/uploads\/sites\/2\/2023\/05\/obras_telhado_bloco_historico_expressa_pa-32-1280x854-1.jpg 1280w\" sizes=\"auto, (max-width: 1200px) 100vw, 1200px\" \/><figcaption class=\"wp-element-caption\">Nesta etapa, ser\u00e3o recuperadas as estruturas da cobertura e substitu\u00eddas as atuais telhas de fibrocimento por telhas francesas de barro<\/figcaption><\/figure>\n<\/div>\n\n\n<p>O gestor de Cultura, Marcelo Peroni, compartilhou sua alegria em ver tomar forma uma interven\u00e7\u00e3o esperada e idealizada pelos artistas da cidade. \u201cTodas as frentes de requalifica\u00e7\u00e3o desenvolvidas pela Prefeitura no Espa\u00e7o Expressa d\u00e3o as condi\u00e7\u00f5es necess\u00e1rias para a sua ocupa\u00e7\u00e3o enquanto equipamento cultural, aprovada em seu Plano Diretor e pelos \u00f3rg\u00e3os de preserva\u00e7\u00e3o. Assim,&nbsp;<a href=\"https:\/\/jundiai.sp.gov.br\/noticias\/2023\/03\/30\/estacionamento-do-espaco-expressa-reabre-com-550-vagas-e-revitalizado\/\">ap\u00f3s os investimentos de cerca de R$ 3 milh\u00f5es para a entrega dos galp\u00f5es de estacionamento<\/a>, chegamos ao bloco hist\u00f3rico, em partes j\u00e1 ocupado pela Unidade de Gest\u00e3o para o administrativo e salas de ensaio\u201d.<\/p>\n\n\n\n<p>O diretor do Departamento de Gest\u00e3o do Expressa, William Paix\u00e3o, ressalta a import\u00e2ncia da obra. \u201cAl\u00e9m do significado simb\u00f3lico da chegada da obra ao bloco hist\u00f3rico, trata-se de uma interven\u00e7\u00e3o relacionada diretamente ao uso cultural e que far\u00e1 dobrar o n\u00famero de salas dispon\u00edveis gratuitamente para uso grupos art\u00edsticos da cidade\u201d, comentou William, que \u00e9 tamb\u00e9m presidente do Comit\u00ea de Gest\u00e3o do Expressa e que anunciou um cronograma de vistorias semanais com os integrantes do Comit\u00ea para acompanhamento da obra e dissemina\u00e7\u00e3o de informa\u00e7\u00f5es sobre ela aos diversos \u00f3rg\u00e3os sediados no local.<\/p>\n\n\n\n<p>A seguinte da obra nesse trecho envolver\u00e1 a recupera\u00e7\u00e3o das janelas, piso e instala\u00e7\u00f5es el\u00e9tricas dos espa\u00e7os sob o telhado reformado.<\/p>\n\n\n\n<p><strong><em>Fonte \/ Imagem: Prefeitura de Jundia\u00ed<\/em><\/strong><\/p>\n","protected":false},"excerpt":{"rendered":"<p>Nesta etapa, ser\u00e3o recuperadas as estruturas da cobertura <\/p>\n","protected":false},"author":30,"featured_media":110092,"comment_status":"closed","ping_status":"0","sticky":false,"template":"","format":"standard","meta":{"footnotes":""},"categories":[8356,1],"tags":[],"class_list":["post-110091","post","type-post","status-publish","format-standard","has-post-thumbnail","hentry","category-jundiai","category-noticias"],"_links":{"self":[{"href":"https:\/\/tvtecjundiai.com.br\/news\/wp-json\/wp\/v2\/posts\/110091","targetHints":{"allow":["GET"]}}],"collection":[{"href":"https:\/\/tvtecjundiai.com.br\/news\/wp-json\/wp\/v2\/posts"}],"about":[{"href":"https:\/\/tvtecjundiai.com.br\/news\/wp-json\/wp\/v2\/types\/post"}],"author":[{"embeddable":true,"href":"https:\/\/tvtecjundiai.com.br\/news\/wp-json\/wp\/v2\/users\/30"}],"replies":[{"embeddable":true,"href":"https:\/\/tvtecjundiai.com.br\/news\/wp-json\/wp\/v2\/comments?post=110091"}],"version-history":[{"count":1,"href":"https:\/\/tvtecjundiai.com.br\/news\/wp-json\/wp\/v2\/posts\/110091\/revisions"}],"predecessor-version":[{"id":110094,"href":"https:\/\/tvtecjundiai.com.br\/news\/wp-json\/wp\/v2\/posts\/110091\/revisions\/110094"}],"wp:featuredmedia":[{"embeddable":true,"href":"https:\/\/tvtecjundiai.com.br\/news\/wp-json\/wp\/v2\/media\/110092"}],"wp:attachment":[{"href":"https:\/\/tvtecjundiai.com.br\/news\/wp-json\/wp\/v2\/media?parent=110091"}],"wp:term":[{"taxonomy":"category","embeddable":true,"href":"https:\/\/tvtecjundiai.com.br\/news\/wp-json\/wp\/v2\/categories?post=110091"},{"taxonomy":"post_tag","embeddable":true,"href":"https:\/\/tvtecjundiai.com.br\/news\/wp-json\/wp\/v2\/tags?post=110091"}],"curies":[{"name":"wp","href":"https:\/\/api.w.org\/{rel}","templated":true}]}}