{"id":110101,"date":"2023-05-31T11:13:09","date_gmt":"2023-05-31T14:13:09","guid":{"rendered":"https:\/\/tvtecjundiai.com.br\/news\/?p=110101"},"modified":"2023-05-31T11:13:10","modified_gmt":"2023-05-31T14:13:10","slug":"prefeitura-entrega-praca-familia-espaco-pet-no-santa-gertrudes","status":"publish","type":"post","link":"https:\/\/tvtecjundiai.com.br\/news\/2023\/05\/31\/prefeitura-entrega-praca-familia-espaco-pet-no-santa-gertrudes\/","title":{"rendered":"Prefeitura entrega Pra\u00e7a Fam\u00edlia &amp; Espa\u00e7o Pet no Santa Gertrudes"},"content":{"rendered":"\n<p>A popula\u00e7\u00e3o do Jardim Santa Gertrudes conta com novo espa\u00e7o de lazer. Na ter\u00e7a-feira (30), mesmo com o frio e a chuva, os moradores do bairro compareceram \u00e0 nova Pra\u00e7a Fam\u00edlia &amp; Espa\u00e7o Pet e se divertiram com as atividades culturais, esportivas e brincadeiras de rua oferecidas gratuitamente \u00e0 popula\u00e7\u00e3o.<\/p>\n\n\n\n<p>A entrega teve a presen\u00e7a dos gestores Jos\u00e9 Antonio Parimoschi (Governo e Finan\u00e7as), Marcelo Peroni (Cultura) e Adilson Rosa (Infraestrutura e Servi\u00e7os P\u00fablicos). \u201cDa mesma forma que a cidade apresenta um constante desenvolvimento econ\u00f4mico, os avan\u00e7os na qualidade de vida n\u00e3o s\u00e3o deixados para tr\u00e1s. Jundia\u00ed \u00e9 a Cidade das Crian\u00e7as e esses investimentos possibilitam espa\u00e7os de lazer e oportunidades de conviv\u00eancia saud\u00e1vel e bem-estar para toda a fam\u00edlia\u201d, afirmou Parimoschi.<\/p>\n\n\n<div class=\"wp-block-image\">\n<figure class=\"aligncenter size-full\"><img loading=\"lazy\" decoding=\"async\" width=\"1280\" height=\"854\" src=\"https:\/\/tvtecjundiai.com.br\/news\/wp-content\/uploads\/sites\/2\/2023\/05\/entrega_praca_familia_espaco_pet_santa_gertrudes_pa-145-1280x854-1.jpg\" alt=\"\" class=\"wp-image-110102\" \/><figcaption class=\"wp-element-caption\">Pra\u00e7a Fam\u00edlia &amp; Espa\u00e7o Pet foi inaugurada oficialmente na noite desta ter\u00e7a-feira (30)<\/figcaption><\/figure>\n<\/div>\n\n\n<p>A nova pra\u00e7a, que fica entre as ruas \u00c2ngelo Bardi e Emerson Barbosa da Silva, tem aproximadamente 1200 m\u00b2 e oferece academia ao ar livre; parquinho com balan\u00e7o, gangorra, casinha de madeira, bancos para descanso, entre outros brinquedos, al\u00e9m de quadra de futebol e espa\u00e7o com brinquedos para pets. Tamb\u00e9m foi instalada uma placa em homenagem a antigos moradores que contribu\u00edram com o crescimento do bairro.<\/p>\n\n\n\n<p>O garoto Gabriel Elias da Silva, de nove anos, conta que pela primeira vez foi brincar na pra\u00e7a. \u201cGostei muito do lugar e pretendo vir brincar mais vezes com o meu primo Lucas. Ser\u00e1 muito divertido\u201d, comentou.<\/p>\n\n\n<div class=\"wp-block-image\">\n<figure class=\"aligncenter size-large\"><img loading=\"lazy\" decoding=\"async\" width=\"1200\" height=\"801\" src=\"https:\/\/tvtecjundiai.com.br\/news\/wp-content\/uploads\/sites\/2\/2023\/05\/entrega_praca_familia_espaco_pet_santa_gertrudes_pa-33-1280x854-1-1200x801.jpg\" alt=\"\" class=\"wp-image-110103\" srcset=\"https:\/\/tvtecjundiai.com.br\/news\/wp-content\/uploads\/sites\/2\/2023\/05\/entrega_praca_familia_espaco_pet_santa_gertrudes_pa-33-1280x854-1-1200x801.jpg 1200w, https:\/\/tvtecjundiai.com.br\/news\/wp-content\/uploads\/sites\/2\/2023\/05\/entrega_praca_familia_espaco_pet_santa_gertrudes_pa-33-1280x854-1-300x200.jpg 300w, https:\/\/tvtecjundiai.com.br\/news\/wp-content\/uploads\/sites\/2\/2023\/05\/entrega_praca_familia_espaco_pet_santa_gertrudes_pa-33-1280x854-1-768x512.jpg 768w, https:\/\/tvtecjundiai.com.br\/news\/wp-content\/uploads\/sites\/2\/2023\/05\/entrega_praca_familia_espaco_pet_santa_gertrudes_pa-33-1280x854-1.jpg 1280w\" sizes=\"auto, (max-width: 1200px) 100vw, 1200px\" \/><figcaption class=\"wp-element-caption\">Gabriel Elias (\u00e0 esquerda) revela que ser\u00e1 muito divertido aproveitar o espa\u00e7o para brincar com o primo<\/figcaption><\/figure>\n<\/div>\n\n\n<p>Os vereadores Antonio Carlos Albino e Dika Xique Xique tamb\u00e9m compareceram \u00e0 cerim\u00f4nia.<\/p>\n\n\n\n<p><strong>Nos bairros<br><\/strong>Jundia\u00ed chegou a oito espa\u00e7os p\u00fablicos com o conceito Fam\u00edlia &amp; Pet. Os outros sete est\u00e3o localizados nos bairros Nova Cidade Jardim, Eloy Chaves, Parque da Represa, Jardim Merci, Ponte S\u00e3o Jo\u00e3o e Col\u00f4nia, al\u00e9m da avenida Nove de Julho.<\/p>\n\n\n<div class=\"wp-block-image\">\n<figure class=\"aligncenter size-large\"><img loading=\"lazy\" decoding=\"async\" width=\"1200\" height=\"801\" src=\"https:\/\/tvtecjundiai.com.br\/news\/wp-content\/uploads\/sites\/2\/2023\/05\/entrega_praca_familia_espaco_pet_santa_gertrudes_pa-29-1280x854-1-1200x801.jpg\" alt=\"\" class=\"wp-image-110104\" srcset=\"https:\/\/tvtecjundiai.com.br\/news\/wp-content\/uploads\/sites\/2\/2023\/05\/entrega_praca_familia_espaco_pet_santa_gertrudes_pa-29-1280x854-1-1200x801.jpg 1200w, https:\/\/tvtecjundiai.com.br\/news\/wp-content\/uploads\/sites\/2\/2023\/05\/entrega_praca_familia_espaco_pet_santa_gertrudes_pa-29-1280x854-1-300x200.jpg 300w, https:\/\/tvtecjundiai.com.br\/news\/wp-content\/uploads\/sites\/2\/2023\/05\/entrega_praca_familia_espaco_pet_santa_gertrudes_pa-29-1280x854-1-768x512.jpg 768w, https:\/\/tvtecjundiai.com.br\/news\/wp-content\/uploads\/sites\/2\/2023\/05\/entrega_praca_familia_espaco_pet_santa_gertrudes_pa-29-1280x854-1.jpg 1280w\" sizes=\"auto, (max-width: 1200px) 100vw, 1200px\" \/><figcaption class=\"wp-element-caption\">Novo espa\u00e7o recebeu investimentos de R$300 mil, com recursos pr\u00f3prios<\/figcaption><\/figure>\n<\/div>\n\n\n<p><strong>Mais investimentos<br><\/strong>Ainda no Jardim Santa Gertrudes, em 2022, foi inaugurado o Parque Urbano, uma \u00e1rea de mais de 10 mil m\u00b2. A regi\u00e3o ainda recebeu investimento com reforma e amplia\u00e7\u00e3o do Centro de Refer\u00eancia de Assist\u00eancia Social (Cras) Sul, reforma da EMEB Prof\u00aa Mercedes Basile Bonito, revitaliza\u00e7\u00e3o e ambi\u00eancia escolar da EMEB Wilma Nalin F\u00e1varo e Nova UBS Santa Gertrudes.<\/p>\n\n\n<div class=\"wp-block-image\">\n<figure class=\"aligncenter size-large\"><img loading=\"lazy\" decoding=\"async\" width=\"1200\" height=\"801\" src=\"https:\/\/tvtecjundiai.com.br\/news\/wp-content\/uploads\/sites\/2\/2023\/05\/entrega_praca_familia_espaco_pet_santa_gertrudes_pa-171-2-1280x854-1-1200x801.jpg\" alt=\"\" class=\"wp-image-110105\" srcset=\"https:\/\/tvtecjundiai.com.br\/news\/wp-content\/uploads\/sites\/2\/2023\/05\/entrega_praca_familia_espaco_pet_santa_gertrudes_pa-171-2-1280x854-1-1200x801.jpg 1200w, https:\/\/tvtecjundiai.com.br\/news\/wp-content\/uploads\/sites\/2\/2023\/05\/entrega_praca_familia_espaco_pet_santa_gertrudes_pa-171-2-1280x854-1-300x200.jpg 300w, https:\/\/tvtecjundiai.com.br\/news\/wp-content\/uploads\/sites\/2\/2023\/05\/entrega_praca_familia_espaco_pet_santa_gertrudes_pa-171-2-1280x854-1-768x512.jpg 768w, https:\/\/tvtecjundiai.com.br\/news\/wp-content\/uploads\/sites\/2\/2023\/05\/entrega_praca_familia_espaco_pet_santa_gertrudes_pa-171-2-1280x854-1.jpg 1280w\" sizes=\"auto, (max-width: 1200px) 100vw, 1200px\" \/><figcaption class=\"wp-element-caption\">Atividades culturais e esportivas se estenderam pela noite, em cerim\u00f4nia de inaugura\u00e7\u00e3o da nova Pra\u00e7a<\/figcaption><\/figure>\n<\/div>\n\n\n<p><strong><em>Fonte \/ Imagem: Prefeitura de Jundia\u00ed<\/em><\/strong><\/p>\n","protected":false},"excerpt":{"rendered":"<p>Novo espa\u00e7o recebeu investimentos de R$300 mil, com recursos pr\u00f3prios<\/p>\n","protected":false},"author":30,"featured_media":110104,"comment_status":"closed","ping_status":"0","sticky":false,"template":"","format":"standard","meta":{"footnotes":""},"categories":[8356,8354,1],"tags":[],"class_list":["post-110101","post","type-post","status-publish","format-standard","has-post-thumbnail","hentry","category-jundiai","category-lazer","category-noticias"],"_links":{"self":[{"href":"https:\/\/tvtecjundiai.com.br\/news\/wp-json\/wp\/v2\/posts\/110101","targetHints":{"allow":["GET"]}}],"collection":[{"href":"https:\/\/tvtecjundiai.com.br\/news\/wp-json\/wp\/v2\/posts"}],"about":[{"href":"https:\/\/tvtecjundiai.com.br\/news\/wp-json\/wp\/v2\/types\/post"}],"author":[{"embeddable":true,"href":"https:\/\/tvtecjundiai.com.br\/news\/wp-json\/wp\/v2\/users\/30"}],"replies":[{"embeddable":true,"href":"https:\/\/tvtecjundiai.com.br\/news\/wp-json\/wp\/v2\/comments?post=110101"}],"version-history":[{"count":1,"href":"https:\/\/tvtecjundiai.com.br\/news\/wp-json\/wp\/v2\/posts\/110101\/revisions"}],"predecessor-version":[{"id":110106,"href":"https:\/\/tvtecjundiai.com.br\/news\/wp-json\/wp\/v2\/posts\/110101\/revisions\/110106"}],"wp:featuredmedia":[{"embeddable":true,"href":"https:\/\/tvtecjundiai.com.br\/news\/wp-json\/wp\/v2\/media\/110104"}],"wp:attachment":[{"href":"https:\/\/tvtecjundiai.com.br\/news\/wp-json\/wp\/v2\/media?parent=110101"}],"wp:term":[{"taxonomy":"category","embeddable":true,"href":"https:\/\/tvtecjundiai.com.br\/news\/wp-json\/wp\/v2\/categories?post=110101"},{"taxonomy":"post_tag","embeddable":true,"href":"https:\/\/tvtecjundiai.com.br\/news\/wp-json\/wp\/v2\/tags?post=110101"}],"curies":[{"name":"wp","href":"https:\/\/api.w.org\/{rel}","templated":true}]}}