{"id":110111,"date":"2023-05-31T14:32:52","date_gmt":"2023-05-31T17:32:52","guid":{"rendered":"https:\/\/tvtecjundiai.com.br\/news\/?p=110111"},"modified":"2023-05-31T14:32:53","modified_gmt":"2023-05-31T17:32:53","slug":"jundiai-sedia-2a-edicao-da-slava-medieval-feira-mistica-e-cigana","status":"publish","type":"post","link":"https:\/\/tvtecjundiai.com.br\/news\/2023\/05\/31\/jundiai-sedia-2a-edicao-da-slava-medieval-feira-mistica-e-cigana\/","title":{"rendered":"Jundia\u00ed sedia 2\u00aa edi\u00e7\u00e3o da Slava Medieval: Feira M\u00edstica e Cigana"},"content":{"rendered":"\n<p>Depois do sucesso da primeira edi\u00e7\u00e3o, com mais de 3 mil visitantes, arrecadando 3 toneladas de itens para entidades assistenciais, a 2\u00aa Slava Medieval \u2013 Feira M\u00edstica e Cigana promete agitar novamente as depend\u00eancias do Clube Uirapuru no dia 1\u00ba de julho de 2023, das 12h \u00e0s 22h. Ser\u00e3o 10 horas de imers\u00e3o por culturas que mesclam costumes e tradi\u00e7\u00f5es em um evento que vai reunir expositores, atra\u00e7\u00f5es art\u00edsticas e culturais, palestras, viv\u00eancias e food trucks.<\/p>\n\n\n\n<p>Os ingressos custam a partir de R$ 10 + 1 kg de alimento n\u00e3o perec\u00edvel, ou qualquer um dos seguintes<br>itens: um pacote de fralda geri\u00e1trica, um shampoo, um condicionador ou um pacote de absorvente. Os<br>produtos ser\u00e3o doados para o Fundo Social de Solidariedade de Jundia\u00ed e as entidades Cidade Vicentina, Casa de Nazar\u00e9, Casa do Caminho,  Sol e Cidadani, Casa Santa Marta e Abra\u00e7ando as Ruas.<\/p>\n\n\n<div class=\"wp-block-image\">\n<figure class=\"aligncenter size-full\"><img loading=\"lazy\" decoding=\"async\" width=\"720\" height=\"480\" src=\"https:\/\/tvtecjundiai.com.br\/news\/wp-content\/uploads\/sites\/2\/2023\/05\/feira-medieval-mistica-cigana.jpg\" alt=\"\" class=\"wp-image-110113\" srcset=\"https:\/\/tvtecjundiai.com.br\/news\/wp-content\/uploads\/sites\/2\/2023\/05\/feira-medieval-mistica-cigana.jpg 720w, https:\/\/tvtecjundiai.com.br\/news\/wp-content\/uploads\/sites\/2\/2023\/05\/feira-medieval-mistica-cigana-300x200.jpg 300w\" sizes=\"auto, (max-width: 720px) 100vw, 720px\" \/><\/figure>\n<\/div>\n\n\n<p><\/p>\n\n\n\n<p>Entre os expositores da feira est\u00e3o artes\u00e3os com arte t\u00edpica, roupas indianas, ciganas e medievais, terapeutas e artigos hol\u00edsticos. O evento tamb\u00e9m ter\u00e1 atra\u00e7\u00f5es caracter\u00edsticas como jogos medievais<br>em madeira, objeto de pesquisa dos jogos da \u00e9poca, batalha campal, arquearia e falcoaria, al\u00e9m de apresenta\u00e7\u00f5es de dan\u00e7a e shows com bandas t\u00edpicas. Os visitantes tamb\u00e9m poder\u00e3o participar de viv\u00eancias gratuitas como a dan\u00e7a circular, maypole (dan\u00e7a das fitas) e cabo de guerra.<\/p>\n\n\n\n<p>No campo gastron\u00f4mico, o p\u00fablico ainda ter\u00e1 a oportunidade de saborear iguarias como o hidromel, cerveja e vinho artesanais e diversas op\u00e7\u00f5es de comida. Al\u00e9m disso, um concurso de melhor figurino medieval promete encantar a feira com os mais diversos e curiosos personagens.<\/p>\n\n\n\n<p>A 2\u00aa edi\u00e7\u00e3o da Slava Medieval deve reunir as mais diversas tribos, desde frequentadores cativos de feiras<br>medievais e cosplayers at\u00e9 visitantes que conhecem pouco o universo medieval, m\u00edstico e cigano. <\/p>\n\n\n\n<p><strong>Shows<\/strong><\/p>\n\n\n\n<ul class=\"wp-block-list\">\n<li>Orquestra Jundiaiense de Viola Caipira<\/li>\n\n\n\n<li>Taberna Folk -celta e pirata<\/li>\n\n\n\n<li>Lyra Grazie &#8211; celta<\/li>\n\n\n\n<li>Skaldduos \u2013 celta<\/li>\n\n\n\n<li>Genki Banda &#8211; anim\u00e9<\/li>\n\n\n\n<li>SASPD &#8211; Banda de Gaita-de-foles escocesa<\/li>\n\n\n\n<li>Lobo N\u00f3rdico &#8211; celta<\/li>\n\n\n\n<li>Gypsi Love &#8211; cigana<\/li>\n<\/ul>\n\n\n\n<p><strong><em>(Fonte: Assessoria Slava Medieval\/Imagem: @pcfotostudio)<\/em><\/strong><\/p>\n","protected":false},"excerpt":{"rendered":"<p>Evento reunir\u00e1 expositores, atra\u00e7\u00f5es art\u00edsticas e culturais, palestras, viv\u00eancias e food trucks<\/p>\n","protected":false},"author":30,"featured_media":110113,"comment_status":"closed","ping_status":"0","sticky":false,"template":"","format":"standard","meta":{"footnotes":""},"categories":[8356,8354,1],"tags":[],"class_list":["post-110111","post","type-post","status-publish","format-standard","has-post-thumbnail","hentry","category-jundiai","category-lazer","category-noticias"],"_links":{"self":[{"href":"https:\/\/tvtecjundiai.com.br\/news\/wp-json\/wp\/v2\/posts\/110111","targetHints":{"allow":["GET"]}}],"collection":[{"href":"https:\/\/tvtecjundiai.com.br\/news\/wp-json\/wp\/v2\/posts"}],"about":[{"href":"https:\/\/tvtecjundiai.com.br\/news\/wp-json\/wp\/v2\/types\/post"}],"author":[{"embeddable":true,"href":"https:\/\/tvtecjundiai.com.br\/news\/wp-json\/wp\/v2\/users\/30"}],"replies":[{"embeddable":true,"href":"https:\/\/tvtecjundiai.com.br\/news\/wp-json\/wp\/v2\/comments?post=110111"}],"version-history":[{"count":2,"href":"https:\/\/tvtecjundiai.com.br\/news\/wp-json\/wp\/v2\/posts\/110111\/revisions"}],"predecessor-version":[{"id":110114,"href":"https:\/\/tvtecjundiai.com.br\/news\/wp-json\/wp\/v2\/posts\/110111\/revisions\/110114"}],"wp:featuredmedia":[{"embeddable":true,"href":"https:\/\/tvtecjundiai.com.br\/news\/wp-json\/wp\/v2\/media\/110113"}],"wp:attachment":[{"href":"https:\/\/tvtecjundiai.com.br\/news\/wp-json\/wp\/v2\/media?parent=110111"}],"wp:term":[{"taxonomy":"category","embeddable":true,"href":"https:\/\/tvtecjundiai.com.br\/news\/wp-json\/wp\/v2\/categories?post=110111"},{"taxonomy":"post_tag","embeddable":true,"href":"https:\/\/tvtecjundiai.com.br\/news\/wp-json\/wp\/v2\/tags?post=110111"}],"curies":[{"name":"wp","href":"https:\/\/api.w.org\/{rel}","templated":true}]}}